{"id":550210,"date":"2025-11-22T00:32:14","date_gmt":"2025-11-22T00:32:14","guid":{"rendered":"https:\/\/www.europesays.com\/fr\/550210\/"},"modified":"2025-11-22T00:32:14","modified_gmt":"2025-11-22T00:32:14","slug":"electrification-et-territoires-la-france-doit-encore-accelerer-sa-transition-gaz-daujourdhui","status":"publish","type":"post","link":"https:\/\/www.europesays.com\/fr\/550210\/","title":{"rendered":"\u00c9lectrification et territoires : la France doit (encore) acc\u00e9l\u00e9rer sa transition &#8211; Gaz d&rsquo;aujourd&rsquo;hui"},"content":{"rendered":"<p><strong>Territorialisation de l\u2019\u00e9nergie et \u00e9lectrification des usages ont \u00e9t\u00e9 parmi les sujets structurants (et r\u00e9currents) abord\u00e9s hier lors des d\u00e9bats organis\u00e9s dans le cadre du \u00ab\u00a0Giverny de l\u2019\u00e9nergie\u00a0\u00bb. Si la question d\u2019op\u00e9rer une transition \u00e9nerg\u00e9tique au plus proche des r\u00e9alit\u00e9s locales est devenue une maraude depuis plusieurs ann\u00e9es, l\u2019\u00e9lectrification des usages, qui patine en France comme dans bon nombre de pays europ\u00e9ens, devient \u00ab\u00a0une priorit\u00e9\u00a0\u00bb pour beaucoup d\u2019acteurs \u00e9conomiques qui demandent au gouvernement d\u2019acc\u00e9l\u00e9rer sur cette question alors que la consommation d\u2019\u00e9lectricit\u00e9 stagne en France. <\/strong><\/p>\n<p>Lors du \u00ab Givergny de l\u2019\u00e9nergie\u00bb, la capacit\u00e9 de la France \u00e0 passer le cap de l\u2019\u00e9lectrification \u00ab massive\u00a0\u00bb des usages \u00e9taient sur toutes les l\u00e8vres, \u00e9voquant celle-ci comme le levier \u00ab le plus important\u00bb  pour acc\u00e9l\u00e9rer la d\u00e9carbonation de la mobilit\u00e9, de l\u2019industrie (chaleur) et du b\u00e2timent. Mais dans un pays qui a d\u00e9j\u00e0 un mix \u00e9lectrique tr\u00e8s largement d\u00e9carbon\u00e9, qui exporte faute de demande domestique suffisante et qui voit sa consommation \u00e9lectrique stagner depuis 2024, l\u2019\u00e9quation n\u2019est pas si simple.<\/p>\n<p><strong>L&rsquo;\u00e9lectrification mondiale : entre progr\u00e8s fulgurants et d\u00e9fis persistants<\/strong><\/p>\n<p>Bien que des pays progressent \u00e0 grande vitesse \u2013 souvent bien plus rapidement que pr\u00e9vu \u2013 d&rsquo;autres, \u00e0 l&rsquo;image de la France, peinent encore \u00e0 acc\u00e9l\u00e9rer le mouvement&#8230;.<\/p>\n<p>\n                            Cet article est r\u00e9serv\u00e9 aux abonn\u00e9s de Gaz d&rsquo;aujourd&rsquo;hui, abonnez-vous si vous souhaitez lire la totalit\u00e9 de cet article.\n                        <\/p>\n<p>                        <a href=\"\" class=\"rounded-btn\"><br \/>\n                            Je m&rsquo;abonne<br \/>\n                        <\/a><\/p>\n","protected":false},"excerpt":{"rendered":"Territorialisation de l\u2019\u00e9nergie et \u00e9lectrification des usages ont \u00e9t\u00e9 parmi les sujets structurants (et r\u00e9currents) abord\u00e9s hier lors&hellip;\n","protected":false},"author":2,"featured_media":550211,"comment_status":"","ping_status":"","sticky":false,"template":"","format":"standard","meta":{"footnotes":""},"categories":[4],"tags":[11,1011,27,12,25],"class_list":{"0":"post-550210","1":"post","2":"type-post","3":"status-publish","4":"format-standard","5":"has-post-thumbnail","7":"category-france","8":"tag-actualites","9":"tag-fr","10":"tag-france","11":"tag-news","12":"tag-republique-francaise"},"share_on_mastodon":{"url":"https:\/\/pubeurope.com\/@fr\/115590538427791904","error":""},"_links":{"self":[{"href":"https:\/\/www.europesays.com\/fr\/wp-json\/wp\/v2\/posts\/550210","targetHints":{"allow":["GET"]}}],"collection":[{"href":"https:\/\/www.europesays.com\/fr\/wp-json\/wp\/v2\/posts"}],"about":[{"href":"https:\/\/www.europesays.com\/fr\/wp-json\/wp\/v2\/types\/post"}],"author":[{"embeddable":true,"href":"https:\/\/www.europesays.com\/fr\/wp-json\/wp\/v2\/users\/2"}],"replies":[{"embeddable":true,"href":"https:\/\/www.europesays.com\/fr\/wp-json\/wp\/v2\/comments?post=550210"}],"version-history":[{"count":0,"href":"https:\/\/www.europesays.com\/fr\/wp-json\/wp\/v2\/posts\/550210\/revisions"}],"wp:featuredmedia":[{"embeddable":true,"href":"https:\/\/www.europesays.com\/fr\/wp-json\/wp\/v2\/media\/550211"}],"wp:attachment":[{"href":"https:\/\/www.europesays.com\/fr\/wp-json\/wp\/v2\/media?parent=550210"}],"wp:term":[{"taxonomy":"category","embeddable":true,"href":"https:\/\/www.europesays.com\/fr\/wp-json\/wp\/v2\/categories?post=550210"},{"taxonomy":"post_tag","embeddable":true,"href":"https:\/\/www.europesays.com\/fr\/wp-json\/wp\/v2\/tags?post=550210"}],"curies":[{"name":"wp","href":"https:\/\/api.w.org\/{rel}","templated":true}]}}