{"id":550212,"date":"2025-11-22T00:34:25","date_gmt":"2025-11-22T00:34:25","guid":{"rendered":"https:\/\/www.europesays.com\/fr\/550212\/"},"modified":"2025-11-22T00:34:25","modified_gmt":"2025-11-22T00:34:25","slug":"volley-ball-gare-au-piege-biterrois-pour-le-volley-mulhouse-alsace-leader-de-ligue-a-feminine","status":"publish","type":"post","link":"https:\/\/www.europesays.com\/fr\/550212\/","title":{"rendered":"Volley-ball. Gare au pi\u00e8ge biterrois pour le Volley Mulhouse Alsace, leader de Ligue A f\u00e9minine"},"content":{"rendered":"<p>Durant son mandat \u00e0 la t\u00eate de l\u2019\u00e9quipe du Volley Mulhouse Alsace, l\u2019entra\u00eeneur italien Fran\u00e7ois Salvagni s\u2019est toujours m\u00e9fi\u00e9 du d\u00e9placement \u00e0 B\u00e9ziers, que les Mulhousiennes retrouvent ce samedi (20\u200ah).<\/p>\n<p>Il faut dire que la formation occitane a donn\u00e9 du fil \u00e0 retordre aux Haut-Rhinoises ces derni\u00e8res ann\u00e9es. Mais quasiment \u00e0 chaque fois, le Volley Mulhouse Alsace s\u2019en est sorti, comme lors de la \u00ab\u200afinale\u200a\u00bb de la saison 2020-2021, quand le championnat s\u2019\u00e9tait jou\u00e9 dans la salle du Four \u00e0 Chaux, o\u00f9 l\u2019ASPTT Mulhouse \u00e9tait&#8230;<\/p>\n","protected":false},"excerpt":{"rendered":"Durant son mandat \u00e0 la t\u00eate de l\u2019\u00e9quipe du Volley Mulhouse Alsace, l\u2019entra\u00eeneur italien Fran\u00e7ois Salvagni s\u2019est toujours&hellip;\n","protected":false},"author":2,"featured_media":550213,"comment_status":"","ping_status":"","sticky":false,"template":"","format":"standard","meta":{"footnotes":""},"categories":[1417],"tags":[1636,107,1011,27,1637,1634,517,60,1470,1633,1632,1469],"class_list":{"0":"post-550212","1":"post","2":"type-post","3":"status-publish","4":"format-standard","5":"has-post-thumbnail","7":"category-volley","8":"tag-edition-mulhouse-thann","9":"tag-fil-info","10":"tag-fr","11":"tag-france","12":"tag-haut-rhin","13":"tag-mulhouse","14":"tag-sport","15":"tag-sports","16":"tag-volley","17":"tag-volley-mulhouse-alsace","18":"tag-volley-ball","19":"tag-volleyball"},"share_on_mastodon":{"url":"https:\/\/pubeurope.com\/@fr\/115590546386990577","error":""},"_links":{"self":[{"href":"https:\/\/www.europesays.com\/fr\/wp-json\/wp\/v2\/posts\/550212","targetHints":{"allow":["GET"]}}],"collection":[{"href":"https:\/\/www.europesays.com\/fr\/wp-json\/wp\/v2\/posts"}],"about":[{"href":"https:\/\/www.europesays.com\/fr\/wp-json\/wp\/v2\/types\/post"}],"author":[{"embeddable":true,"href":"https:\/\/www.europesays.com\/fr\/wp-json\/wp\/v2\/users\/2"}],"replies":[{"embeddable":true,"href":"https:\/\/www.europesays.com\/fr\/wp-json\/wp\/v2\/comments?post=550212"}],"version-history":[{"count":0,"href":"https:\/\/www.europesays.com\/fr\/wp-json\/wp\/v2\/posts\/550212\/revisions"}],"wp:featuredmedia":[{"embeddable":true,"href":"https:\/\/www.europesays.com\/fr\/wp-json\/wp\/v2\/media\/550213"}],"wp:attachment":[{"href":"https:\/\/www.europesays.com\/fr\/wp-json\/wp\/v2\/media?parent=550212"}],"wp:term":[{"taxonomy":"category","embeddable":true,"href":"https:\/\/www.europesays.com\/fr\/wp-json\/wp\/v2\/categories?post=550212"},{"taxonomy":"post_tag","embeddable":true,"href":"https:\/\/www.europesays.com\/fr\/wp-json\/wp\/v2\/tags?post=550212"}],"curies":[{"name":"wp","href":"https:\/\/api.w.org\/{rel}","templated":true}]}}