{"id":550214,"date":"2025-11-22T00:35:17","date_gmt":"2025-11-22T00:35:17","guid":{"rendered":"https:\/\/www.europesays.com\/fr\/550214\/"},"modified":"2025-11-22T00:35:17","modified_gmt":"2025-11-22T00:35:17","slug":"le-xv-de-france-ouvre-t-il-une-nouvelle-voie","status":"publish","type":"post","link":"https:\/\/www.europesays.com\/fr\/550214\/","title":{"rendered":"le XV de France ouvre-t-il une nouvelle voie\u00a0?"},"content":{"rendered":"\n<p>Rucks plus lents, joueurs impliqu\u00e9s plus nombreux, ballons vite lib\u00e9r\u00e9s vers les ext\u00e9rieurs\u00a0: le XV de France ouvre-t-il une nouvelle voie\u00a0?<\/p>\n<p>Des rucks offensifs plus lents que les autres et qui concentrent le plus de joueurs\u00a0: en th\u00e9orie, cette double tare devrait emp\u00eacher les Bleus de marquer beaucoup d&rsquo;essais. Pourtant, ils vont finir l&rsquo;ann\u00e9e parmi les meilleures attaques du monde. Explications d&rsquo;un paradoxe.<\/p>\n","protected":false},"excerpt":{"rendered":"Rucks plus lents, joueurs impliqu\u00e9s plus nombreux, ballons vite lib\u00e9r\u00e9s vers les ext\u00e9rieurs\u00a0: le XV de France ouvre-t-il&hellip;\n","protected":false},"author":2,"featured_media":550215,"comment_status":"","ping_status":"","sticky":false,"template":"","format":"standard","meta":{"footnotes":""},"categories":[1416],"tags":[1011,27,479,1468,60],"class_list":{"0":"post-550214","1":"post","2":"type-post","3":"status-publish","4":"format-standard","5":"has-post-thumbnail","7":"category-rugby","8":"tag-fr","9":"tag-france","10":"tag-rugby","11":"tag-rugby-football","12":"tag-sports"},"share_on_mastodon":{"url":"https:\/\/pubeurope.com\/@fr\/115590550275391191","error":""},"_links":{"self":[{"href":"https:\/\/www.europesays.com\/fr\/wp-json\/wp\/v2\/posts\/550214","targetHints":{"allow":["GET"]}}],"collection":[{"href":"https:\/\/www.europesays.com\/fr\/wp-json\/wp\/v2\/posts"}],"about":[{"href":"https:\/\/www.europesays.com\/fr\/wp-json\/wp\/v2\/types\/post"}],"author":[{"embeddable":true,"href":"https:\/\/www.europesays.com\/fr\/wp-json\/wp\/v2\/users\/2"}],"replies":[{"embeddable":true,"href":"https:\/\/www.europesays.com\/fr\/wp-json\/wp\/v2\/comments?post=550214"}],"version-history":[{"count":0,"href":"https:\/\/www.europesays.com\/fr\/wp-json\/wp\/v2\/posts\/550214\/revisions"}],"wp:featuredmedia":[{"embeddable":true,"href":"https:\/\/www.europesays.com\/fr\/wp-json\/wp\/v2\/media\/550215"}],"wp:attachment":[{"href":"https:\/\/www.europesays.com\/fr\/wp-json\/wp\/v2\/media?parent=550214"}],"wp:term":[{"taxonomy":"category","embeddable":true,"href":"https:\/\/www.europesays.com\/fr\/wp-json\/wp\/v2\/categories?post=550214"},{"taxonomy":"post_tag","embeddable":true,"href":"https:\/\/www.europesays.com\/fr\/wp-json\/wp\/v2\/tags?post=550214"}],"curies":[{"name":"wp","href":"https:\/\/api.w.org\/{rel}","templated":true}]}}