{"id":550216,"date":"2025-11-22T00:36:42","date_gmt":"2025-11-22T00:36:42","guid":{"rendered":"https:\/\/www.europesays.com\/fr\/550216\/"},"modified":"2025-11-22T00:36:42","modified_gmt":"2025-11-22T00:36:42","slug":"coupe-davis-renversantes-lespagne-et-lallemagne-ont-rendez-vous-en-demi-finales-2","status":"publish","type":"post","link":"https:\/\/www.europesays.com\/fr\/550216\/","title":{"rendered":"Coupe Davis: renversantes, l&rsquo;Espagne et l&rsquo;Allemagne ont rendez-vous en demi-finales"},"content":{"rendered":"<p class=\"mb-4 text-lg md:leading-8 break-words\">Les rois de la remontada: l&rsquo;\u00e9quipe d&rsquo;Espagne, men\u00e9e 1-0 par la R\u00e9publique tch\u00e8que en quarts de finale de la Coupe Davis, a une nouvelle fois retourn\u00e9 une situation d\u00e9licate pour s&rsquo;imposer et s&rsquo;offrir un choc dans le dernier carr\u00e9 \u00e0 Bologne contre l&rsquo;Allemagne du N.3 mondial Alexander Zverev, elle aussi miracul\u00e9e.<\/p>\n<p class=\"mb-4 text-lg md:leading-8 break-words\">Apr\u00e8s deux premiers quarts de finale o\u00f9 le vainqueur \u00e9tait connu d\u00e8s les deux matches de simple achev\u00e9s, les sp\u00e9cialistes du double ont \u00e9t\u00e9 mis \u00e0 l&rsquo;honneur jeudi.<\/p>\n<p class=\"mb-4 text-lg md:leading-8 break-words\">En fin d&rsquo;apr\u00e8s-midi, la paire compos\u00e9e de Marcel Granollers et Pedro Martinez a marqu\u00e9 le point d\u00e9cisif pour la s\u00e9lection espagnole en battant 7-6 (10\/8), 7-6 (10\/8) les Tch\u00e8ques Tomas Machac et Jakub Mensik.<\/p>\n<p class=\"mb-4 text-lg md:leading-8 break-words\">Elle avait auparavant sauv\u00e9 trois balles de set dans la premi\u00e8re manche et deux dans la seconde.<\/p>\n<p class=\"mb-4 text-lg md:leading-8 break-words\">Le duel entre l&rsquo;Argentine et l&rsquo;Allemagne, \u00e9galement men\u00e9e 1-0 avant de renverser la vapeur, a connu un d\u00e9nouement encore plus insens\u00e9 aux petites heures de la nuit de jeudi \u00e0 vendredi.<\/p>\n<p class=\"mb-4 text-lg md:leading-8 break-words\">Kevin Krawietz et Tim Puetz ont surv\u00e9cu \u00e0 trois balles de match pour finalement terrasser Horacio Zeballos et Andres Molteni 4-6, 6-4, 7-6 (12\/10) au terme d&rsquo;un combat de 2h30.<\/p>\n<p class=\"mb-4 text-lg md:leading-8 break-words\">En \u00e9liminant la seule s\u00e9lection non europ\u00e9enne parmi les huit en lice \u00e0 Bologne, l&rsquo;Allemagne s&rsquo;est qualifi\u00e9e pour sa deuxi\u00e8me demi-finale d&rsquo;affil\u00e9e et peut encore r\u00eaver d&rsquo;un quatri\u00e8me Saladier d&rsquo;argent.<\/p>\n<p class=\"mb-4 text-lg md:leading-8 break-words\">Sextuples vainqueurs de la Coupe Davis, les Espagnols \u00e9taient d\u00e9j\u00e0 revenus du diable vauvert pour arracher leur place \u00e0 Bologne, nouvelle ville h\u00f4te de la phase finale apr\u00e8s plusieurs ann\u00e9es \u00e0 Malaga.<\/p>\n<p class=\"mb-4 text-lg md:leading-8 break-words\">En septembre, au second tour des qualifications pour le \u00ab\u00a0Final 8\u00a0\u00bb de la Coupe Davis, la s\u00e9lection dirig\u00e9e par David Ferrer avait battu le Danemark d&rsquo;Holger Rune 3-2 apr\u00e8s avoir \u00e9t\u00e9 men\u00e9e 2-0.<\/p>\n<p class=\"mb-4 text-lg md:leading-8 break-words\">\u00ab\u00a0Disputer cette phase finale, c&rsquo;est d\u00e9j\u00e0 un cadeau pour nous\u00a0\u00bb, a comment\u00e9 le capitaine David Ferrer en conf\u00e9rence de presse. \u00ab\u00a0Pedro (Martinez) a d\u00fb sauver une balle de match\u00a0\u00bb contre Rune en septembre, \u00ab\u00a0c&rsquo;\u00e9tait un h\u00e9ros (&#8230;) et il l&rsquo;a encore \u00e9t\u00e9 aujourd&rsquo;hui (jeudi, NDLR), un vrai joueur de Coupe Davis\u00a0\u00bb, l&rsquo;a compliment\u00e9 Ferrer.<\/p>\n<p class=\"mb-4 text-lg md:leading-8 break-words\">Simple et double confondus, Martinez a en effet remport\u00e9 les cinq matches qu&rsquo;il a disput\u00e9s sous le maillot espagnol en 2025.<\/p>\n<p class=\"mb-4 text-lg md:leading-8 break-words\">&#8211; \u00ab\u00a0Point de d\u00e9part\u00a0\u00bb &#8211;<\/p>\n<p class=\"mb-4 text-lg md:leading-8 break-words\">En l&rsquo;absence du N.1 mondial Carlos Alcaraz, bless\u00e9, et d&rsquo;Alejandro Davidovich (14e), non retenu par David Ferrer, l&rsquo;\u00e9quipe d&rsquo;Espagne ne partait pourtant pas favorite face \u00e0 une s\u00e9lection tch\u00e8que compos\u00e9e notamment du 17e mondial Jiri Lehecka et du 19e Jakub Mensik.<\/p>\n<p class=\"mb-4 text-lg md:leading-8 break-words\">Ses perspectives se sont encore assombries quand Mensik a gagn\u00e9 7-5, 6-4 le premier simple de la journ\u00e9e contre Pablo Carreno (89e).<\/p>\n<p class=\"mb-4 text-lg md:leading-8 break-words\">Jaume Munar (36e) a ensuite remis les deux s\u00e9lections \u00e0 \u00e9galit\u00e9 en dominant 6-3, 6-4 le N.1 tch\u00e8que Jiri Lehecka, avant que Granollers et Martinez ne scellent la qualification des Espagnols, sur une double faute de la paire tch\u00e8que.<\/p>\n<p class=\"mb-4 text-lg md:leading-8 break-words\">\u00ab\u00a0C&rsquo;\u00e9tait un beau cadeau\u00a0\u00bb, a souri Pedro Martinez. Avec Granollers, \u00ab\u00a0on priait pour qu&rsquo;ils fassent une double faute, on ne voulait pas avoir \u00e0 frapper un retour de plus\u00a0\u00bb, a-t-il d\u00e9clar\u00e9.<\/p>\n<p class=\"mb-4 text-lg md:leading-8 break-words\">\u00ab\u00a0VAMOOOOOOOS!!!!\u00a0\u00bb (Allez!), s&rsquo;est enthousiasm\u00e9 sur X Carlos Alcaraz d\u00e8s la qualification de ses compatriotes acquise, accompagnant sa publication d&rsquo;un drapeau espagnol et d&rsquo;une photo le montrant devant sa t\u00e9l\u00e9vision, en train de regarder le double d\u00e9cisif.<\/p>\n<p class=\"mb-4 text-lg md:leading-8 break-words\">Malgr\u00e9 la d\u00e9faite de son pays, le capitaine tch\u00e8que Tomas Berdych a jug\u00e9 que le parcours de ses joueurs, sortis vainqueurs de deux tours de qualifications pour atteindre la phase finale, \u00e9tait \u00ab\u00a0un bon point de d\u00e9part\u00a0\u00bb.<\/p>\n<p class=\"mb-4 text-lg md:leading-8 break-words\">\u00ab\u00a0Gagner la Coupe Davis ne se fait pas du jour au lendemain\u00a0\u00bb, a soulign\u00e9 celui qui a remport\u00e9 deux Saladiers d&rsquo;argent, en 2012 contre l&rsquo;Espagne de David Ferrer et en 2013 face \u00e0 la Serbie de Novak Djokovic.<\/p>\n<p class=\"mb-4 text-lg md:leading-8 break-words\">Vendredi, la premi\u00e8re demi-finale opposera la Belgique aux doubles tenants du titre italiens, priv\u00e9s de leurs deux leaders habituels Jannik Sinner (2e) et Lorenzo Musetti (8e).<\/p>\n<p class=\"mb-4 text-lg md:leading-8 break-words\">dga\/lpa<\/p>\n","protected":false},"excerpt":{"rendered":"Les rois de la remontada: l&rsquo;\u00e9quipe d&rsquo;Espagne, men\u00e9e 1-0 par la R\u00e9publique tch\u00e8que en quarts de finale de&hellip;\n","protected":false},"author":2,"featured_media":550217,"comment_status":"","ping_status":"","sticky":false,"template":"","format":"standard","meta":{"footnotes":""},"categories":[1415],"tags":[5827,4178,66778,1011,27,66779,66777,60,1467],"class_list":{"0":"post-550216","1":"post","2":"type-post","3":"status-publish","4":"format-standard","5":"has-post-thumbnail","7":"category-tennis","8":"tag-alexander-zverev","9":"tag-coupe-davis","10":"tag-david-ferrer","11":"tag-fr","12":"tag-france","13":"tag-marcel-granollers","14":"tag-pedro-martinez","15":"tag-sports","16":"tag-tennis"},"share_on_mastodon":{"url":"https:\/\/pubeurope.com\/@fr\/115590554106994261","error":""},"_links":{"self":[{"href":"https:\/\/www.europesays.com\/fr\/wp-json\/wp\/v2\/posts\/550216","targetHints":{"allow":["GET"]}}],"collection":[{"href":"https:\/\/www.europesays.com\/fr\/wp-json\/wp\/v2\/posts"}],"about":[{"href":"https:\/\/www.europesays.com\/fr\/wp-json\/wp\/v2\/types\/post"}],"author":[{"embeddable":true,"href":"https:\/\/www.europesays.com\/fr\/wp-json\/wp\/v2\/users\/2"}],"replies":[{"embeddable":true,"href":"https:\/\/www.europesays.com\/fr\/wp-json\/wp\/v2\/comments?post=550216"}],"version-history":[{"count":0,"href":"https:\/\/www.europesays.com\/fr\/wp-json\/wp\/v2\/posts\/550216\/revisions"}],"wp:featuredmedia":[{"embeddable":true,"href":"https:\/\/www.europesays.com\/fr\/wp-json\/wp\/v2\/media\/550217"}],"wp:attachment":[{"href":"https:\/\/www.europesays.com\/fr\/wp-json\/wp\/v2\/media?parent=550216"}],"wp:term":[{"taxonomy":"category","embeddable":true,"href":"https:\/\/www.europesays.com\/fr\/wp-json\/wp\/v2\/categories?post=550216"},{"taxonomy":"post_tag","embeddable":true,"href":"https:\/\/www.europesays.com\/fr\/wp-json\/wp\/v2\/tags?post=550216"}],"curies":[{"name":"wp","href":"https:\/\/api.w.org\/{rel}","templated":true}]}}