{"id":550218,"date":"2025-11-22T00:41:19","date_gmt":"2025-11-22T00:41:19","guid":{"rendered":"https:\/\/www.europesays.com\/fr\/550218\/"},"modified":"2025-11-22T00:41:19","modified_gmt":"2025-11-22T00:41:19","slug":"une-cote-baptisee-en-lhonneur-de-paul-lapeira-dans-la-manche","status":"publish","type":"post","link":"https:\/\/www.europesays.com\/fr\/550218\/","title":{"rendered":"une c\u00f4te baptis\u00e9e en l\u2019honneur de Paul Lapeira dans la Manche"},"content":{"rendered":"<p>                    Par<br \/>\n        <strong><br \/>\n            <a href=\"https:\/\/actu.fr\/auteur\/b-hue\" title=\"Consulter tous les articles de Baptiste Hue\" target=\"_blank\" rel=\"noopener\">Baptiste Hue<\/a><br \/>\n                    <\/strong><\/p>\n<p>        Publi\u00e9 le<\/p>\n<p>            21 nov. 2025 \u00e0 19h49        <\/p>\n<p>Baptiser un stade, une rue ou une esplanade est un honneur que l\u2019on r\u00e9serve habituellement aux illustres personnes quand ils viennent \u00e0 quitter ce monde.<\/p>\n<p class=\" wall-content\">Il y a tout de m\u00eame des exceptions, ce qui permet <b>aux principaux int\u00e9ress\u00e9s d\u2019\u00eatre honor\u00e9s de leur vivant<\/b>. C\u2019est le cas notamment de Richard Vivien, l\u2019ancien champion du monde amateurs de cyclisme, qui avait inaugur\u00e9 en 2013 le gymnase \u00e9ponyme \u00e0 Torigni-sur-Vire.<\/p>\n<p class=\" wall-content\">C\u2019est d\u00e9sormais le cas \u00e9galement pour <b>Paul Lapeira <\/b>qui \u00e9tait pr\u00e9sent ce vendredi 21\u00a0novembre \u00e0 <b>Saint-Martin-de-Landelles<\/b> (commune d\u00e9l\u00e9gu\u00e9e de Saint-Hilaire-du-Harcou\u00ebt) pour inaugurer la pancarte \u00e9rig\u00e9e \u00e0 sa gloire,<b> la \u00ab\u2009mont\u00e9e Paul Lapeira\u2009\u00bb<\/b>.<\/p>\n<p>Un faux-plat de 2\u2009000\u00a0m\u00e8tres \u00e0 3\u2009%<\/p>\n<p class=\" wall-content\">C\u2019est au bout de cette portion en faux-plat longue de 2000 m\u00e8tres (\u00e0 3\u2009%) <b>qu\u2019il avait lev\u00e9 les bras en juin\u00a02024 \u00e0 l\u2019arriv\u00e9e du championnat de France<\/b> organis\u00e9 sur la commune sud-manchoise.<\/p>\n<p class=\" wall-content\">Une belle reconnaissance pour le coureur de Decathlon-AG2R La Mondiale \u00e2g\u00e9 de seulement 25\u00a0ans, visiblement tr\u00e8s fier de poser devant ce panneau.<\/p>\n<p class=\" wall-content\"><a href=\"https:\/\/www.instagram.com\/p\/C8kmA44uPQk\/embed\" title=\"Ouvrir le lien sur Instagram\" target=\"_blank\" rel=\"noopener\">Visualiser le contenu sur Instagram<\/a><\/p>\n<p class=\" wall-content\">Personnalisez votre actualit\u00e9 en ajoutant vos villes et m\u00e9dias en favori avec <a href=\"https:\/\/moncompte.actu.fr\" title=\"D\u00e9couvez Mon Actu\" rel=\"nofollow noopener\" data-trk=\"{&quot;cta&quot;:{&quot;action&quot;:&quot;https:\\\/\\\/moncompte.actu.fr&quot;,&quot;category&quot;:&quot;mon compte&quot;,&quot;from&quot;:&quot;article footer&quot;,&quot;name&quot;:&quot;Mon actu&quot;,&quot;type&quot;:&quot;cta&quot;}}\" target=\"_blank\">Mon Actu<\/a>.<\/p>\n<p>                    <script async src=\"\/\/www.instagram.com\/embed.js\"><\/script><\/p>\n","protected":false},"excerpt":{"rendered":"Par Baptiste Hue Publi\u00e9 le 21 nov. 2025 \u00e0 19h49 Baptiser un stade, une rue ou une esplanade&hellip;\n","protected":false},"author":2,"featured_media":550219,"comment_status":"","ping_status":"","sticky":false,"template":"","format":"standard","meta":{"footnotes":""},"categories":[1411],"tags":[1154,207,1011,27,58302,60],"class_list":{"0":"post-550218","1":"post","2":"type-post","3":"status-publish","4":"format-standard","5":"has-post-thumbnail","7":"category-cyclisme","8":"tag-cycling","9":"tag-cyclisme","10":"tag-fr","11":"tag-france","12":"tag-paul-lapeira","13":"tag-sports"},"share_on_mastodon":{"url":"https:\/\/pubeurope.com\/@fr\/115590573924208730","error":""},"_links":{"self":[{"href":"https:\/\/www.europesays.com\/fr\/wp-json\/wp\/v2\/posts\/550218","targetHints":{"allow":["GET"]}}],"collection":[{"href":"https:\/\/www.europesays.com\/fr\/wp-json\/wp\/v2\/posts"}],"about":[{"href":"https:\/\/www.europesays.com\/fr\/wp-json\/wp\/v2\/types\/post"}],"author":[{"embeddable":true,"href":"https:\/\/www.europesays.com\/fr\/wp-json\/wp\/v2\/users\/2"}],"replies":[{"embeddable":true,"href":"https:\/\/www.europesays.com\/fr\/wp-json\/wp\/v2\/comments?post=550218"}],"version-history":[{"count":0,"href":"https:\/\/www.europesays.com\/fr\/wp-json\/wp\/v2\/posts\/550218\/revisions"}],"wp:featuredmedia":[{"embeddable":true,"href":"https:\/\/www.europesays.com\/fr\/wp-json\/wp\/v2\/media\/550219"}],"wp:attachment":[{"href":"https:\/\/www.europesays.com\/fr\/wp-json\/wp\/v2\/media?parent=550218"}],"wp:term":[{"taxonomy":"category","embeddable":true,"href":"https:\/\/www.europesays.com\/fr\/wp-json\/wp\/v2\/categories?post=550218"},{"taxonomy":"post_tag","embeddable":true,"href":"https:\/\/www.europesays.com\/fr\/wp-json\/wp\/v2\/tags?post=550218"}],"curies":[{"name":"wp","href":"https:\/\/api.w.org\/{rel}","templated":true}]}}