{"id":550220,"date":"2025-11-22T00:42:12","date_gmt":"2025-11-22T00:42:12","guid":{"rendered":"https:\/\/www.europesays.com\/fr\/550220\/"},"modified":"2025-11-22T00:42:12","modified_gmt":"2025-11-22T00:42:12","slug":"le-leader-troyes-se-reprend-a-laval-pau-surpris-par-le-mans","status":"publish","type":"post","link":"https:\/\/www.europesays.com\/fr\/550220\/","title":{"rendered":"le leader Troyes se reprend \u00e0 Laval, Pau surpris par Le Mans"},"content":{"rendered":"<p>\n    Le leader Troyes, qui restait sur une d\u00e9faite face \u00e0 Saint-Etienne, s\u2019est remis d\u2019aplomb vendredi en s\u2019imposant \u00e0 Laval (1-0), alors que Le Mans s\u2019est hiss\u00e9 dans le Top 5 en gagnant \u00e0 Pau (2-1), lors de la 15e journ\u00e9e de Ligue 2.<\/p>\n<p class=\"fig-paragraph\">Apr\u00e8s\u00a0<a href=\"http:\/\/www.lefigaro.fr\/sports\/football\/ligue-2-le-gros-coup-de-saint-etienne-vainqueur-a-troyes-20251108\" data-fig-type=\"NewsFlash\" data-gtm-custom-categorie=\"navigation\" data-gtm-custom-action=\"crossclick\" data-gtm-custom-label=\"Contextuel\" data-gtm-event=\"customEventSPE\" data-fig-domain=\"LEFIGARO\" rel=\"nofollow noopener\" target=\"_blank\">le revers \u00e0 domicile face aux Verts<\/a>\u00a0lors de la pr\u00e9c\u00e9dente journ\u00e9e (3-2), l&rsquo;Estac est all\u00e9e r\u00e9cup\u00e9rer trois points chez le mal class\u00e9 Laval, d\u00e9sormais 17e. Martin Adeline a assur\u00e9 le succ\u00e8s des Troyens en marquant de la t\u00eate (48e). Troyes (31 pts) devance le Red Star (2e, 27 pts), qui re\u00e7oit samedi apr\u00e8s-midi Clermont, et Saint-Etienne (3e, 26 pts), qui accueillera dans la soir\u00e9e Nancy. Montpellier (4e, 24 pts) se rendra lundi \u00e0 Reims (7e).<\/p>\n<p class=\"fig-paragraph\">Le Mans, promu invaincu depuis le 19 septembre, s&rsquo;est hiss\u00e9 provisoirement \u00e0 la 5e place en allant gagner 2-1 \u00e0 Pau (6e). Les Palois ont ouvert le score d\u00e8s la 5e minute gr\u00e2ce \u00e0 Rayan Touzghar, mais les Manceaux ont renvers\u00e9 le match gr\u00e2ce \u00e0 un but contre son camp d&rsquo;Anthony Brian\u00e7on (27e), apr\u00e8s une relance d\u00e9sinvolte de son gardien Esteban Salles, et un penalty de Dame Gueye (39e).<\/p>\n<p>                                    <a class=\"fig-a11y-skip a11y-hidden\" href=\"#fig-a11y-skip-main-inarticle\"><br \/>\n        Passer la publicit\u00e9<br \/>\n    <\/a><\/p>\n<p class=\"fig-paragraph\">Grenoble (11e) a cru encha\u00eener une troisi\u00e8me victoire cons\u00e9cutive, mais les Is\u00e9rois ont finalement perdu 3-1 \u00e0 Boulogne-sur-Mer. Le GF38 a ouvert la marque par Jessy Benet sur penalty (35e), mais en deuxi\u00e8me p\u00e9riode Corentin Fatou a \u00e9galis\u00e9, sur penalty \u00e9galement (69e), puis Aur\u00e9lien Platret, auteur d&rsquo;un joli num\u00e9ro dans la surface (80e) et Vincent Burlet (81e), ont renvers\u00e9 le match en faveur des Boulonnais qui remontent \u00e0 la 16e place.<\/p>\n<p>Neuvi\u00e8me d\u00e9faite pour Bastia<\/p>\n<p class=\"fig-paragraph\">Rodez (13e) et Dunkerque (8e) ont fait match nul 1-1. Les Nordistes, qui ont \u00e9cart\u00e9 leur voisin Boulogne-sur-Mer en Coupe de France cette semaine, ont ouvert le score gr\u00e2ce \u00e0 un but de Thomas Robinet (30e), mais Ryan Ponti a \u00e9galis\u00e9 en lobant le gardien de plus de 25 m dans ce qui \u00e9tait une tentative de centre de l&rsquo;aveu m\u00eame du joueur au micro de BeIN Sports (63e).<\/p>\n<p class=\"fig-paragraph\">La lanterne rouge, le SC Bastia, et son nouvel entra\u00eeneur R\u00e9ginald Ray ont encaiss\u00e9 une neuvi\u00e8me d\u00e9faite en s&rsquo;inclinant 1-0 sur la pelouse d&rsquo;Annecy (10e). Fran\u00e7ois Lajugie, ancien joueur du CA Bastia, a offert la victoire aux Haut-Savoyards (34e) face \u00e0 des Bastais qui ont fini \u00e0 10.<\/p>\n","protected":false},"excerpt":{"rendered":"Le leader Troyes, qui restait sur une d\u00e9faite face \u00e0 Saint-Etienne, s\u2019est remis d\u2019aplomb vendredi en s\u2019imposant \u00e0&hellip;\n","protected":false},"author":2,"featured_media":550221,"comment_status":"","ping_status":"","sticky":false,"template":"","format":"standard","meta":{"footnotes":""},"categories":[1410],"tags":[63,1011,27,2693,446,6374,60,1964],"class_list":{"0":"post-550220","1":"post","2":"type-post","3":"status-publish","4":"format-standard","5":"has-post-thumbnail","7":"category-football","8":"tag-football","9":"tag-fr","10":"tag-france","11":"tag-laval","12":"tag-ligue-2","13":"tag-pau","14":"tag-sports","15":"tag-troyes"},"share_on_mastodon":{"url":"https:\/\/pubeurope.com\/@fr\/115590577928874950","error":""},"_links":{"self":[{"href":"https:\/\/www.europesays.com\/fr\/wp-json\/wp\/v2\/posts\/550220","targetHints":{"allow":["GET"]}}],"collection":[{"href":"https:\/\/www.europesays.com\/fr\/wp-json\/wp\/v2\/posts"}],"about":[{"href":"https:\/\/www.europesays.com\/fr\/wp-json\/wp\/v2\/types\/post"}],"author":[{"embeddable":true,"href":"https:\/\/www.europesays.com\/fr\/wp-json\/wp\/v2\/users\/2"}],"replies":[{"embeddable":true,"href":"https:\/\/www.europesays.com\/fr\/wp-json\/wp\/v2\/comments?post=550220"}],"version-history":[{"count":0,"href":"https:\/\/www.europesays.com\/fr\/wp-json\/wp\/v2\/posts\/550220\/revisions"}],"wp:featuredmedia":[{"embeddable":true,"href":"https:\/\/www.europesays.com\/fr\/wp-json\/wp\/v2\/media\/550221"}],"wp:attachment":[{"href":"https:\/\/www.europesays.com\/fr\/wp-json\/wp\/v2\/media?parent=550220"}],"wp:term":[{"taxonomy":"category","embeddable":true,"href":"https:\/\/www.europesays.com\/fr\/wp-json\/wp\/v2\/categories?post=550220"},{"taxonomy":"post_tag","embeddable":true,"href":"https:\/\/www.europesays.com\/fr\/wp-json\/wp\/v2\/tags?post=550220"}],"curies":[{"name":"wp","href":"https:\/\/api.w.org\/{rel}","templated":true}]}}