{"id":550226,"date":"2025-11-22T00:46:20","date_gmt":"2025-11-22T00:46:20","guid":{"rendered":"https:\/\/www.europesays.com\/fr\/550226\/"},"modified":"2025-11-22T00:46:20","modified_gmt":"2025-11-22T00:46:20","slug":"qui-a-ete-elimine-ce-vendredi-21-novembre","status":"publish","type":"post","link":"https:\/\/www.europesays.com\/fr\/550226\/","title":{"rendered":"Qui a \u00e9t\u00e9 \u00e9limin\u00e9 ce vendredi 21 novembre ?"},"content":{"rendered":"<p>Ce vendredi 21 novembre, M6 diffusait le troisi\u00e8me \u00e9pisode de P\u00e9kin Express : La route des glaces. \u00c0 la fin de l&rsquo;\u00e9mission, un nouveau bin\u00f4me a \u00e9t\u00e9 \u00e9limin\u00e9 devant St\u00e9phane Rotenberg. D\u00e9couvrez lequel.<\/p>\n<p>Vendredi 7\u00a0novembre, M6 a donn\u00e9 le coup d&rsquo;envoi de <a href=\"https:\/\/www.programme-tv.net\/news\/tv\/389878-pekin-express-la-route-des-glaces-date-de-diffusion-candidats-lieu-de-tournage-toutes-les-infos-sur-la-saison-21\/\" data-api-deeplink=\"teleloisirs:\/\/news\/389878\" target=\"_blank\" rel=\"noopener\">la 21e saison de P\u00e9kin Express, intitul\u00e9e La route des glaces<\/a>. Pour la premi\u00e8re fois, <a href=\"https:\/\/www.programme-tv.net\/news\/tv\/391471-j-ai-parfois-du-mal-a-articuler-stephane-rotenberg-se-livre-sur-les-difficultes-du-tournage-de-pekin-express-la-route-des-glaces\/\" data-api-deeplink=\"teleloisirs:\/\/news\/391471\" target=\"_blank\" rel=\"noopener\">l&rsquo;\u00e9dition se d\u00e9roule au Kazakhstan<\/a>, au c\u0153ur de paysages enneig\u00e9s. Deux bin\u00f4mes ont d\u00e9j\u00e0 quitt\u00e9 l&rsquo;aventure\u00a0: <a href=\"https:\/\/www.programme-tv.net\/news\/tv\/391463-francis-et-philippe-premiers-elimines-de-pekin-express-la-route-des-glaces-cest-une-enorme-deception\/\" data-api-deeplink=\"teleloisirs:\/\/news\/391463\" target=\"_blank\" rel=\"noopener\">les papys motards Francis et Philippe<\/a>, \u00e9limin\u00e9s lors du premier \u00e9pisode face \u00e0 Ly\u00e7aona et Marianne, <a href=\"https:\/\/www.programme-tv.net\/news\/tv\/392064-si-on-a-une-deception-c-est-claire-et-eric-elimines-de-pekin-express-la-route-des-glaces-devoilent-cette-grosse-frustration-dans-l-aventure\/\" data-api-deeplink=\"teleloisirs:\/\/news\/392064\" target=\"_blank\" rel=\"noopener\">puis les fianc\u00e9s belges Claire et \u00c9ric<\/a>, \u00e9limin\u00e9s dans le deuxi\u00e8me \u00e9pisode face \u00e0 Catherine et H\u00e9l\u00e8ne. Comme l&rsquo;a rappel\u00e9 St\u00e9phane Rotenberg au lancement de la course, <b>toutes les \u00e9tapes de cette saison sont \u00e9liminatoires<\/b>. Un nouveau bin\u00f4me a donc quitt\u00e9 l&rsquo;aventure ce vendredi 21\u00a0novembre.<\/p>\n<p>Dans le troisi\u00e8me \u00e9pisode de P\u00e9kin Express diffus\u00e9 ce vendredi 21\u00a0novembre, St\u00e9phane Rotenberg a annonc\u00e9 aux candidats qu&rsquo;ils allaient encha\u00eener trois courses, marqu\u00e9es par le retour de la r\u00e8gle des \u00ab\u00a0intouchables\u00a0\u00bb. Cette r\u00e8gle offre au bin\u00f4me vainqueur de la premi\u00e8re course une qualification automatique pour l&rsquo;\u00e9tape suivante ainsi qu&rsquo;un avantage strat\u00e9gique. Pour la premi\u00e8re course, les candidats se sont rendus dans les gorges de Kimasar, o\u00f9 ils ont d\u00fb effectuer un trek de 4\u00a0km en transportant une bassine de 20 litres d&rsquo;eau. <b>Sonide et Rapha\u00ebl ont remport\u00e9 l&rsquo;\u00e9preuve<\/b>, gagnant le privil\u00e8ge de choisir, parmi les deux premiers de la prochaine course, quel bin\u00f4me deviendrait intouchable avec eux.<\/p>\n<p>                        P\u00e9kin Express, La route des glaces\u00a0: quel bin\u00f4me a quitt\u00e9 l&rsquo;aventure \u00e0 l&rsquo;issue du duel final\u00a0?<\/p>\n<p>La deuxi\u00e8me course, organis\u00e9e dans une patinoire sous forme de course-poursuite en relais, a vu Nathalie et Charlotte ainsi que Fabien et Missak finir dans les deux premi\u00e8res places. Sonide et Rapha\u00ebl ont choisi de rendre Fabien et Missak intouchables. Apr\u00e8s une nuit chez l&rsquo;habitant, les quatre bin\u00f4mes non qualifi\u00e9s ont pris part \u00e0 la troisi\u00e8me et derni\u00e8re course, o\u00f9 <b>ils ont d\u00fb sauter \u00e0 l&rsquo;\u00e9lastique tout en r\u00e9pondant \u00e0 des questions de culture g\u00e9n\u00e9rale<\/b>. Nathalie et Charlotte, ainsi que Catherine et H\u00e9l\u00e8ne, ont \u00e9t\u00e9 les deux premiers bin\u00f4mes \u00e0 rejoindre St\u00e9phane Rotenberg et ont \u00e9t\u00e9 d\u00e9partag\u00e9es par les intouchables. Ces derniers ont finalement d\u00e9cid\u00e9 de d\u00e9signer Nathalie et Charlotte comme nouveaux intouchables.<\/p>\n<p>Arriv\u00e9es derni\u00e8res, Ly\u00e7aona et Marianne ont choisi d\u2019affronter Catherine et H\u00e9l\u00e8ne lors du duel final. Ly\u00e7aona et Catherine se sont rendues dans un march\u00e9 o\u00f9 elles ont d\u00fb se d\u00e9placer les yeux band\u00e9s pour retrouver l&rsquo;effigie d&rsquo;un mouton et y fixer une queue r\u00e9cup\u00e9r\u00e9e au d\u00e9part. Ly\u00e7aona a \u00e9t\u00e9 la premi\u00e8re \u00e0 rejoindre St\u00e9phane Rotenberg, entra\u00eenant l&rsquo;\u00e9limination des nounous. \u00ab\u00a0On a quand m\u00eame fait un beau parcours, on est fi\u00e8res de nous\u00a0\u00bb, ont confi\u00e9 Catherine et H\u00e9l\u00e8ne avant de rendre leur balise.<\/p>\n","protected":false},"excerpt":{"rendered":"Ce vendredi 21 novembre, M6 diffusait le troisi\u00e8me \u00e9pisode de P\u00e9kin Express : La route des glaces. \u00c0&hellip;\n","protected":false},"author":2,"featured_media":550227,"comment_status":"","ping_status":"","sticky":false,"template":"","format":"standard","meta":{"footnotes":""},"categories":[1356],"tags":[244,58,59,1011,27,66780,64076,494,64077,23898,252,1364,1630],"class_list":{"0":"post-550226","1":"post","2":"type-post","3":"status-publish","4":"format-standard","5":"has-post-thumbnail","7":"category-television","8":"tag-commentaire","9":"tag-divertissement","10":"tag-entertainment","11":"tag-fr","12":"tag-france","13":"tag-hu00e9lu00e8ne-et-catherine-pu00e9kin-express","14":"tag-la-route-des-glaces","15":"tag-m6","16":"tag-pu00e9kin-express","17":"tag-stu00e9phane-rotenberg","18":"tag-television","19":"tag-tv","20":"tag-zapping"},"share_on_mastodon":{"url":"https:\/\/pubeurope.com\/@fr\/115590593647773460","error":""},"_links":{"self":[{"href":"https:\/\/www.europesays.com\/fr\/wp-json\/wp\/v2\/posts\/550226","targetHints":{"allow":["GET"]}}],"collection":[{"href":"https:\/\/www.europesays.com\/fr\/wp-json\/wp\/v2\/posts"}],"about":[{"href":"https:\/\/www.europesays.com\/fr\/wp-json\/wp\/v2\/types\/post"}],"author":[{"embeddable":true,"href":"https:\/\/www.europesays.com\/fr\/wp-json\/wp\/v2\/users\/2"}],"replies":[{"embeddable":true,"href":"https:\/\/www.europesays.com\/fr\/wp-json\/wp\/v2\/comments?post=550226"}],"version-history":[{"count":0,"href":"https:\/\/www.europesays.com\/fr\/wp-json\/wp\/v2\/posts\/550226\/revisions"}],"wp:featuredmedia":[{"embeddable":true,"href":"https:\/\/www.europesays.com\/fr\/wp-json\/wp\/v2\/media\/550227"}],"wp:attachment":[{"href":"https:\/\/www.europesays.com\/fr\/wp-json\/wp\/v2\/media?parent=550226"}],"wp:term":[{"taxonomy":"category","embeddable":true,"href":"https:\/\/www.europesays.com\/fr\/wp-json\/wp\/v2\/categories?post=550226"},{"taxonomy":"post_tag","embeddable":true,"href":"https:\/\/www.europesays.com\/fr\/wp-json\/wp\/v2\/tags?post=550226"}],"curies":[{"name":"wp","href":"https:\/\/api.w.org\/{rel}","templated":true}]}}