{"id":550230,"date":"2025-11-22T00:48:14","date_gmt":"2025-11-22T00:48:14","guid":{"rendered":"https:\/\/www.europesays.com\/fr\/550230\/"},"modified":"2025-11-22T00:48:14","modified_gmt":"2025-11-22T00:48:14","slug":"france-tv-7","status":"publish","type":"post","link":"https:\/\/www.europesays.com\/fr\/550230\/","title":{"rendered":"France TV"},"content":{"rendered":"<p>Diffus\u00e9 le 21\/11\/2025 \u00e0 21h08 &#8211; Disponible jusqu&rsquo;au 28\/11\/2025<\/p>\n<p>C\u00e9sar : Best Sound (Meilleur son) (C\u00e9sar). En 1944, Julien Quentin rejoint le coll\u00e8ge catholique dont il est pensionnaire, bien qu&rsquo;il n&rsquo;ait aucune envie de quitter sa m\u00e8re et la maison familiale. Il retrouve l&rsquo;ambiance des dortoirs et des salles de classe, le march\u00e9 noir dont vit Joseph, l&rsquo;aide cuisinier, qui \u00e9change des pots de confiture contre des cigarettes. Un matin, le p\u00e8re Jean pr\u00e9sente un nouvel \u00e9l\u00e8ve : Jean Bonnet, un brillant sujet, qui d\u00e9clenche rapidement la jalousie de Julien. Intrigu\u00e9 par l&rsquo;attitude de son nouveau condisciple, qui ne re\u00e7oit jamais ni colis ni courrier et se l\u00e8ve la nuit pour dire d&rsquo;\u00e9tranges pri\u00e8res, Julien finit par d\u00e9couvrir son secret. Jean est juif, vit sous un nom d&#8217;emprunt et doit \u00e0 la g\u00e9n\u00e9rosit\u00e9 du p\u00e8re Jean d&rsquo;avoir trouv\u00e9 un refuge dans le coll\u00e8ge&#8230;<\/p>\n<p>Maison de production :<\/p>\n<p>Nouvelles \u00c9ditions de Films (NEF) \/ Nouvelles \u00c9ditions de Films (NEF) \/ Rai Uno Radiotelevisione \/ MK2 Productions \/ Stella Film \/ MK2 Productions \/ N.E.F. Filmproduktion und Vertriebs (I) \/ Stella Film \/ Centre National de la Cin\u00e9matographie (CNC) \/<\/p>\n<p>R\u00e9alis\u00e9 par :<\/p>\n<p>Louis Malle<\/p>\n<p>Avec :<\/p>\n<p>Gaspard Manesse, Raphael Fejt\u00f6, Francine Racette, Stanislas Carr\u00e9 de Malberg, Philippe Morier-Genoud, Fran\u00e7ois Berl\u00e9and, Fran\u00e7ois N\u00e9gret, Peter Fitz<\/p>\n<p>Sc\u00e9naristes :<\/p>\n<p>Louis Malle<\/p>\n","protected":false},"excerpt":{"rendered":"Diffus\u00e9 le 21\/11\/2025 \u00e0 21h08 &#8211; Disponible jusqu&rsquo;au 28\/11\/2025 C\u00e9sar : Best Sound (Meilleur son) (C\u00e9sar). En 1944,&hellip;\n","protected":false},"author":2,"featured_media":550231,"comment_status":"","ping_status":"","sticky":false,"template":"","format":"standard","meta":{"footnotes":""},"categories":[1354],"tags":[58,59,1346,1011,27,1360],"class_list":{"0":"post-550230","1":"post","2":"type-post","3":"status-publish","4":"format-standard","5":"has-post-thumbnail","7":"category-films","8":"tag-divertissement","9":"tag-entertainment","10":"tag-films","11":"tag-fr","12":"tag-france","13":"tag-movies"},"share_on_mastodon":{"url":"https:\/\/pubeurope.com\/@fr\/115590601486367431","error":""},"_links":{"self":[{"href":"https:\/\/www.europesays.com\/fr\/wp-json\/wp\/v2\/posts\/550230","targetHints":{"allow":["GET"]}}],"collection":[{"href":"https:\/\/www.europesays.com\/fr\/wp-json\/wp\/v2\/posts"}],"about":[{"href":"https:\/\/www.europesays.com\/fr\/wp-json\/wp\/v2\/types\/post"}],"author":[{"embeddable":true,"href":"https:\/\/www.europesays.com\/fr\/wp-json\/wp\/v2\/users\/2"}],"replies":[{"embeddable":true,"href":"https:\/\/www.europesays.com\/fr\/wp-json\/wp\/v2\/comments?post=550230"}],"version-history":[{"count":0,"href":"https:\/\/www.europesays.com\/fr\/wp-json\/wp\/v2\/posts\/550230\/revisions"}],"wp:featuredmedia":[{"embeddable":true,"href":"https:\/\/www.europesays.com\/fr\/wp-json\/wp\/v2\/media\/550231"}],"wp:attachment":[{"href":"https:\/\/www.europesays.com\/fr\/wp-json\/wp\/v2\/media?parent=550230"}],"wp:term":[{"taxonomy":"category","embeddable":true,"href":"https:\/\/www.europesays.com\/fr\/wp-json\/wp\/v2\/categories?post=550230"},{"taxonomy":"post_tag","embeddable":true,"href":"https:\/\/www.europesays.com\/fr\/wp-json\/wp\/v2\/tags?post=550230"}],"curies":[{"name":"wp","href":"https:\/\/api.w.org\/{rel}","templated":true}]}}