{"id":550234,"date":"2025-11-22T00:50:24","date_gmt":"2025-11-22T00:50:24","guid":{"rendered":"https:\/\/www.europesays.com\/fr\/550234\/"},"modified":"2025-11-22T00:50:24","modified_gmt":"2025-11-22T00:50:24","slug":"je-suis-content-bonne-soiree","status":"publish","type":"post","link":"https:\/\/www.europesays.com\/fr\/550234\/","title":{"rendered":"Je suis content, bonne soir\u00e9e"},"content":{"rendered":"<p>                    Par<br \/>\n        <strong><br \/>\n            <a href=\"https:\/\/actu.fr\/auteur\/aline-chatel\" title=\"Consulter tous les articles de Aline Chatel\" target=\"_blank\" rel=\"noopener\">Aline Chatel<\/a><br \/>\n                    <\/strong><\/p>\n<p>        Publi\u00e9 le<\/p>\n<p>            21 nov. 2025 \u00e0 21h55        <\/p>\n<p>Le <a href=\"https:\/\/actu.fr\/tag\/stade-malherbe-de-caen\" target=\"_blank\" rel=\"noopener\">Stade Malherbe Caen<\/a> est parvenu \u00e0 arracher la victoire, sa quatri\u00e8me de la saison, ce vendredi 21 novembre 2025 devant Bourg-P\u00e9ronnas (<a href=\"https:\/\/actu.fr\/normandie\/caen_14118\/football-le-rachat-ou-la-cata-suivez-en-direct-le-match-du-sm-caen-contre-bourg-peronnas_63472970.html\" target=\"_blank\" rel=\"noopener\">1-0<\/a>). Il a suffi d\u2019un but d\u2019Armand Gnanduillet au bout des arr\u00eats de jeu pour forcer la d\u00e9cision. Mais Maxime d\u2019Ornano n\u2019a pas voulu s\u2019exprimer devant les journalistes.\u00a0<\/p>\n<p class=\" wall-content\"><b>Maxime d\u2019Ornano, entra\u00eeneur du SM Caen :<\/b> \u00ab\u00a0On est content d\u2019avoir gagn\u00e9. C\u2019est tout. La premi\u00e8re mi-temps, les joueurs contract\u00e9s. En deuxi\u00e8me mi-temps, on s\u2019est un peu plus l\u00e2ch\u00e9. Je suis juste content qu\u2019on ait gagn\u00e9. Bonne soir\u00e9e.\u00a0\u00bb\u00a0<\/p>\n<p class=\" wall-content\">Personnalisez votre actualit\u00e9 en ajoutant vos villes et m\u00e9dias en favori avec <a href=\"https:\/\/moncompte.actu.fr\" title=\"D\u00e9couvez Mon Actu\" rel=\"nofollow noopener\" data-trk=\"{&quot;cta&quot;:{&quot;action&quot;:&quot;https:\\\/\\\/moncompte.actu.fr&quot;,&quot;category&quot;:&quot;mon compte&quot;,&quot;from&quot;:&quot;article footer&quot;,&quot;name&quot;:&quot;Mon actu&quot;,&quot;type&quot;:&quot;cta&quot;}}\" target=\"_blank\">Mon Actu<\/a>.<\/p>\n","protected":false},"excerpt":{"rendered":"Par Aline Chatel Publi\u00e9 le 21 nov. 2025 \u00e0 21h55 Le Stade Malherbe Caen est parvenu \u00e0 arracher&hellip;\n","protected":false},"author":2,"featured_media":550235,"comment_status":"","ping_status":"","sticky":false,"template":"","format":"standard","meta":{"footnotes":""},"categories":[9],"tags":[63,1011,27,15104,1745,60,266],"class_list":{"0":"post-550234","1":"post","2":"type-post","3":"status-publish","4":"format-standard","5":"has-post-thumbnail","7":"category-sports","8":"tag-football","9":"tag-fr","10":"tag-france","11":"tag-sm-caen","12":"tag-sport-caen","13":"tag-sports","14":"tag-stade-malherbe-de-caen"},"share_on_mastodon":{"url":"https:\/\/pubeurope.com\/@fr\/115590609359068721","error":""},"_links":{"self":[{"href":"https:\/\/www.europesays.com\/fr\/wp-json\/wp\/v2\/posts\/550234","targetHints":{"allow":["GET"]}}],"collection":[{"href":"https:\/\/www.europesays.com\/fr\/wp-json\/wp\/v2\/posts"}],"about":[{"href":"https:\/\/www.europesays.com\/fr\/wp-json\/wp\/v2\/types\/post"}],"author":[{"embeddable":true,"href":"https:\/\/www.europesays.com\/fr\/wp-json\/wp\/v2\/users\/2"}],"replies":[{"embeddable":true,"href":"https:\/\/www.europesays.com\/fr\/wp-json\/wp\/v2\/comments?post=550234"}],"version-history":[{"count":0,"href":"https:\/\/www.europesays.com\/fr\/wp-json\/wp\/v2\/posts\/550234\/revisions"}],"wp:featuredmedia":[{"embeddable":true,"href":"https:\/\/www.europesays.com\/fr\/wp-json\/wp\/v2\/media\/550235"}],"wp:attachment":[{"href":"https:\/\/www.europesays.com\/fr\/wp-json\/wp\/v2\/media?parent=550234"}],"wp:term":[{"taxonomy":"category","embeddable":true,"href":"https:\/\/www.europesays.com\/fr\/wp-json\/wp\/v2\/categories?post=550234"},{"taxonomy":"post_tag","embeddable":true,"href":"https:\/\/www.europesays.com\/fr\/wp-json\/wp\/v2\/tags?post=550234"}],"curies":[{"name":"wp","href":"https:\/\/api.w.org\/{rel}","templated":true}]}}