{"id":550238,"date":"2025-11-22T00:52:13","date_gmt":"2025-11-22T00:52:13","guid":{"rendered":"https:\/\/www.europesays.com\/fr\/550238\/"},"modified":"2025-11-22T00:52:13","modified_gmt":"2025-11-22T00:52:13","slug":"ubisoft-devoile-ses-avancees-dans-les-jeux-video-dopes-a-lia","status":"publish","type":"post","link":"https:\/\/www.europesays.com\/fr\/550238\/","title":{"rendered":"Ubisoft d\u00e9voile ses avanc\u00e9es dans les jeux vid\u00e9o dop\u00e9s \u00e0 l\u2019IA"},"content":{"rendered":"<p>\n    Le Figaro a rencontr\u00e9 l\u2019\u00e9quipe derri\u00e8re TeamMates, un prototype o\u00f9 le joueur commande \u00e0 la voix et en temps r\u00e9el des co\u00e9quipiers virtuels. Un avant-go\u00fbt de mondes plus immersifs, mais aussi un d\u00e9fi technique qui demande \u00e0 lever de nombreuses craintes chez les salari\u00e9s.<\/p>\n<p class=\"fig-paragraph\">Ouf de soulagement chez Ubisoft.\u00a0<a href=\"http:\/\/www.lefigaro.fr\/medias\/la-suspension-du-cours-d-ubisoft-une-incertitude-de-plus-pour-un-groupe-en-pleine-tempete-20251114\" data-fig-type=\"Article\" data-gtm-custom-categorie=\"navigation\" data-gtm-custom-action=\"crossclick\" data-gtm-custom-label=\"Contextuel\" data-gtm-event=\"customEventSPE\" data-fig-domain=\"LEFIGARO\" target=\"_blank\" rel=\"noopener\">L\u2019inattendue suspension de l\u2019action du g\u00e9ant fran\u00e7ais du jeu vid\u00e9o<\/a>, qui aura dur\u00e9 une semaine et nourri bien des craintes, \u00e9tait due \u00e0 un simple probl\u00e8me comptable qui l\u2019a oblig\u00e9 \u00e0 d\u00e9caler la publication de ses r\u00e9sultats financiers. L\u2019alliance strat\u00e9gique avec Tencent n\u2019est donc pas rompue.\u00a0<a href=\"http:\/\/www.lefigaro.fr\/medias\/ubisoft-reprend-ce-matin-sa-cotation-en-bourse-l-investissement-de-tencent-est-imminent-20251121\" data-fig-type=\"NewsFlash\" data-gtm-custom-categorie=\"navigation\" data-gtm-custom-action=\"crossclick\" data-gtm-custom-label=\"Contextuel\" data-gtm-event=\"customEventSPE\" data-fig-domain=\"LEFIGARO\" target=\"_blank\" rel=\"noopener\">Mieux, elle a \u00e9t\u00e9 finalis\u00e9e ce vendredi soir<\/a>. Le g\u00e9ant chinois d\u00e9tiendra donc bien 25% de sa nouvelle filiale, Vantage Studios, et d\u00e9sendettera Ubisoft avec un investissement de 1,16 milliard d\u2019euros.<\/p>\n<p class=\"fig-paragraph\">Le PDG\u00a0<a href=\"http:\/\/www.lefigaro.fr\/secteur\/high-tech\/yves-guillemot-ubisoft-veut-mettre-ses-plus-grandes-licences-entre-des-mains-nouvelles-20230614\" data-fig-type=\"Article\" data-gtm-custom-categorie=\"navigation\" data-gtm-custom-action=\"crossclick\" data-gtm-custom-label=\"Contextuel\" data-gtm-event=\"customEventSPE\" data-fig-domain=\"LEFIGARO\" target=\"_blank\" rel=\"noopener\">Yves Guillemot<\/a>\u00a0a profit\u00e9 de ses \u00e9changes vendredi matin avec les march\u00e9s pour \u00e9voquer l\u2019intelligence artificielle g\u00e9n\u00e9rative, \u00abun tournant aussi important pour l\u2019industrie du jeu vid\u00e9o que le passage \u00e0 la 3D, et nous avons toutes les cartes en main pour en \u00eatre leaders.\u00bb Cette mention n\u2019\u00e9tait pas innocente. La veille, Ubisoft a re\u00e7u dans son studio de Montreuil des m\u00e9dias internationaux, dont le Figaro, pour leur montrer, manette en main, ses avanc\u00e9es concr\u00e8tes. \u00abLes\u2026<\/p>\n<p class=\"fig-premium-paywall__infos\">\n        Cet article est r\u00e9serv\u00e9 aux abonn\u00e9s.        Il vous reste 85% \u00e0 d\u00e9couvrir.\n    <\/p>\n<p>                <img  data- alt=\"Le Figaro\" class=\"fig-img--complete fig-img\"\/><\/p>\n<p class=\"fig-premium-paywall__title\">Black Friday<\/p>\n<p class=\"fig-premium-paywall__subtitle\">-70% sur l&rsquo;abonnement num\u00e9rique<\/p>\n<p class=\"fig-premium-paywall__connect\">\n                D\u00e9j\u00e0 abonn\u00e9\u00a0?                <a class=\"fig-premium-paywall__connect-link\" href=\"https:\/\/connect.lefigaro.fr\/login?client=horizon_web&amp;type=main&amp;redirect_uri=https%3A%2F%2Fwww.lefigaro.fr%2Fmedias%2Fnous-avons-toutes-les-cartes-en-main-pour-etre-leader-ubisoft-devoile-ses-avancees-dans-les-jeux-video-dopes-a-l-ia-20251121\" data-js-gtm=\"{&quot;customCategorie&quot;: &quot;conversion&quot;, &quot;customAction&quot;: &quot;before_Landing_Connexion_paywall_auto&quot;, &quot;customLabel&quot;: &quot;bGVmaWdhcm8uZnJfXzFmMGM2YzExLTVlMTItNmY2ZS1iNmFiLTg1Mjg0ZGM5NTUwN19fQXJ0aWNsZQ==_\u00abNous avons toutes les cartes en main pour \u00eatre leader\u00bb\u00a0: Ubisoft d\u00e9voile ses avanc\u00e9es dans les jeux vid\u00e9o dop\u00e9s \u00e0 l\u2019IA_475&quot;, &quot;customIDSPE&quot;: &quot;bGVmaWdhcm8uZnJfXzFmMGM2YzExLTVlMTItNmY2ZS1iNmFiLTg1Mjg0ZGM5NTUwN19fQXJ0aWNsZQ==&quot;, &quot;event&quot;: &quot;customEventSPE&quot;}\" target=\"_blank\" rel=\"noopener\"><br \/>\n                    Connectez-vous<br \/>\n                <\/a>\n            <\/p>\n","protected":false},"excerpt":{"rendered":"Le Figaro a rencontr\u00e9 l\u2019\u00e9quipe derri\u00e8re TeamMates, un prototype o\u00f9 le joueur commande \u00e0 la voix et en&hellip;\n","protected":false},"author":2,"featured_media":550239,"comment_status":"","ping_status":"","sticky":false,"template":"","format":"standard","meta":{"footnotes":""},"categories":[7],"tags":[1011,27,223,1036,43,40,41,39,42,44,4455],"class_list":{"0":"post-550238","1":"post","2":"type-post","3":"status-publish","4":"format-standard","5":"has-post-thumbnail","7":"category-sciences-et-technologies","8":"tag-fr","9":"tag-france","10":"tag-intelligence-artificielle","11":"tag-jeux-video","12":"tag-science","13":"tag-science-and-technology","14":"tag-sciences","15":"tag-sciences-et-technologies","16":"tag-technologies","17":"tag-technology","18":"tag-ubisoft"},"share_on_mastodon":{"url":"https:\/\/pubeurope.com\/@fr\/115590617540785361","error":""},"_links":{"self":[{"href":"https:\/\/www.europesays.com\/fr\/wp-json\/wp\/v2\/posts\/550238","targetHints":{"allow":["GET"]}}],"collection":[{"href":"https:\/\/www.europesays.com\/fr\/wp-json\/wp\/v2\/posts"}],"about":[{"href":"https:\/\/www.europesays.com\/fr\/wp-json\/wp\/v2\/types\/post"}],"author":[{"embeddable":true,"href":"https:\/\/www.europesays.com\/fr\/wp-json\/wp\/v2\/users\/2"}],"replies":[{"embeddable":true,"href":"https:\/\/www.europesays.com\/fr\/wp-json\/wp\/v2\/comments?post=550238"}],"version-history":[{"count":0,"href":"https:\/\/www.europesays.com\/fr\/wp-json\/wp\/v2\/posts\/550238\/revisions"}],"wp:featuredmedia":[{"embeddable":true,"href":"https:\/\/www.europesays.com\/fr\/wp-json\/wp\/v2\/media\/550239"}],"wp:attachment":[{"href":"https:\/\/www.europesays.com\/fr\/wp-json\/wp\/v2\/media?parent=550238"}],"wp:term":[{"taxonomy":"category","embeddable":true,"href":"https:\/\/www.europesays.com\/fr\/wp-json\/wp\/v2\/categories?post=550238"},{"taxonomy":"post_tag","embeddable":true,"href":"https:\/\/www.europesays.com\/fr\/wp-json\/wp\/v2\/tags?post=550238"}],"curies":[{"name":"wp","href":"https:\/\/api.w.org\/{rel}","templated":true}]}}