{"id":550242,"date":"2025-11-22T00:54:18","date_gmt":"2025-11-22T00:54:18","guid":{"rendered":"https:\/\/www.europesays.com\/fr\/550242\/"},"modified":"2025-11-22T00:54:18","modified_gmt":"2025-11-22T00:54:18","slug":"plus-de-200-eleves-et-enseignants-enleves-dans-une-ecole-catholique","status":"publish","type":"post","link":"https:\/\/www.europesays.com\/fr\/550242\/","title":{"rendered":"Plus de 200 \u00e9l\u00e8ves et enseignants enlev\u00e9s dans une \u00e9cole catholique"},"content":{"rendered":"<p>C\u2019est la deuxi\u00e8me fois en une semaine que le Nigeria est touch\u00e9 par des enl\u00e8vements d\u2019\u00e9l\u00e8ves. Une semaine apr\u00e8s le <a href=\"https:\/\/www.20minutes.fr\/monde\/4186105-20251117-nigeria-plus-dix-ans-apres-bring-back-our-girls-25-ecolieres-enlevees-gang-arme-jusqu-dents\" class=\"c-link c-link--is-underlined\" rel=\"nofollow noopener\" target=\"_blank\">rapt de 25 lyc\u00e9ennes<\/a> dans le nord-ouest, plus de 200 \u00e9l\u00e8ves et enseignants enlev\u00e9s ont \u00e9t\u00e9 enlev\u00e9s dans une \u00e9cole catholique, ont annonc\u00e9 vendredi des responsables.<\/p>\n<p>Dans ce pays le plus peupl\u00e9 d\u2019Afrique de l\u2019Ouest min\u00e9 par l\u2019ins\u00e9curit\u00e9, les enl\u00e8vements de masse sont courants, notamment depuis le kidnapping de pr\u00e8s de <a href=\"https:\/\/www.20minutes.fr\/monde\/4035781-20230505-nigeria-armee-retrouve-deux-filles-chibok-neuf-ans-apres\" class=\"c-link c-link--is-underlined\" rel=\"nofollow noopener\" target=\"_blank\">300 \u00e9coli\u00e8res \u00e0 Chibok<\/a>, dans le nord-est, perp\u00e9tr\u00e9 en\u00a02014 par les djihadistes de Boko Haram.<\/p>\n<p>\u00ab\u00a0Le gouvernement de l\u2019Etat (nig\u00e9rian) du Niger a re\u00e7u avec une profonde tristesse la nouvelle inqui\u00e9tante de l\u2019enl\u00e8vement d\u2019\u00e9l\u00e8ves de l\u2019\u00e9cole St. Mary, dans la zone de gouvernement local d\u2019Agwara\u00a0\u00bb, dans le centre du pays, a annonc\u00e9 Abubakar Usman, secr\u00e9taire du gouvernement de l\u2019\u00c9tat.<\/p>\n<p>Tous les internats de la zone ferm\u00e9s<\/p>\n<p>Le dioc\u00e8se de Kontagora, situ\u00e9 dans l\u2019\u00c9tat du Niger, a pr\u00e9cis\u00e9 dans un communiqu\u00e9 que des assaillants arm\u00e9s ont envahi \u00ab\u00a0l\u2019\u00e9cole entre 1 heure et 3 heures du matin\u00a0\u00bb, enlevant \u00ab\u00a0des \u00e9l\u00e8ves, des \u00e9tudiants, des enseignants et un agent de s\u00e9curit\u00e9 qui a \u00e9t\u00e9 abattu\u00a0\u00bb.<\/p>\n<p>Abubakar Usman a aussi soulign\u00e9 que, face \u00e0 une ins\u00e9curit\u00e9 grandissante dans la r\u00e9gion, le gouvernement de l\u2019\u00c9tat avait ordonn\u00e9, par mesure de pr\u00e9caution, \u00ab\u00a0la fermeture temporaire de tous les internats de la zone\u00a0\u00bb.<\/p>\n<p>Unit\u00e9s tactiques d\u00e9ploy\u00e9es<\/p>\n<p>L\u2019\u00e9cole St. Mary avait \u00ab\u00a0repris ses activit\u00e9s acad\u00e9miques sans informer, ni obtenir l\u2019autorisation du gouvernement de l\u2019\u00c9tat, exposant ainsi les \u00e9l\u00e8ves et le personnel \u00e0 un risque \u00e9vitable\u00a0\u00bb, a-t-il regrett\u00e9.<\/p>\n<\/p>\n<p>La police a annonc\u00e9 avoir d\u00e9ploy\u00e9 sur place ses unit\u00e9s tactiques et des \u00e9l\u00e9ments militaires, qui \u00ab\u00a0ratissent les for\u00eats\u00a0\u00bb pour rechercher les \u00e9l\u00e8ves enlev\u00e9s.<\/p>\n","protected":false},"excerpt":{"rendered":"C\u2019est la deuxi\u00e8me fois en une semaine que le Nigeria est touch\u00e9 par des enl\u00e8vements d\u2019\u00e9l\u00e8ves. Une semaine&hellip;\n","protected":false},"author":2,"featured_media":550243,"comment_status":"","ping_status":"","sticky":false,"template":"","format":"standard","meta":{"footnotes":""},"categories":[5],"tags":[47,11,879,39404,33235,1011,27,14,34287,74,12,4778,28],"class_list":{"0":"post-550242","1":"post","2":"type-post","3":"status-publish","4":"format-standard","5":"has-post-thumbnail","7":"category-international","8":"tag-actualite","9":"tag-actualites","10":"tag-afrique","11":"tag-afrique-de-louest","12":"tag-boko-haram","13":"tag-fr","14":"tag-france","15":"tag-international","16":"tag-kidnapping","17":"tag-monde","18":"tag-news","19":"tag-nigeria","20":"tag-world"},"share_on_mastodon":{"url":"https:\/\/pubeurope.com\/@fr\/115590625120112919","error":""},"_links":{"self":[{"href":"https:\/\/www.europesays.com\/fr\/wp-json\/wp\/v2\/posts\/550242","targetHints":{"allow":["GET"]}}],"collection":[{"href":"https:\/\/www.europesays.com\/fr\/wp-json\/wp\/v2\/posts"}],"about":[{"href":"https:\/\/www.europesays.com\/fr\/wp-json\/wp\/v2\/types\/post"}],"author":[{"embeddable":true,"href":"https:\/\/www.europesays.com\/fr\/wp-json\/wp\/v2\/users\/2"}],"replies":[{"embeddable":true,"href":"https:\/\/www.europesays.com\/fr\/wp-json\/wp\/v2\/comments?post=550242"}],"version-history":[{"count":0,"href":"https:\/\/www.europesays.com\/fr\/wp-json\/wp\/v2\/posts\/550242\/revisions"}],"wp:featuredmedia":[{"embeddable":true,"href":"https:\/\/www.europesays.com\/fr\/wp-json\/wp\/v2\/media\/550243"}],"wp:attachment":[{"href":"https:\/\/www.europesays.com\/fr\/wp-json\/wp\/v2\/media?parent=550242"}],"wp:term":[{"taxonomy":"category","embeddable":true,"href":"https:\/\/www.europesays.com\/fr\/wp-json\/wp\/v2\/categories?post=550242"},{"taxonomy":"post_tag","embeddable":true,"href":"https:\/\/www.europesays.com\/fr\/wp-json\/wp\/v2\/tags?post=550242"}],"curies":[{"name":"wp","href":"https:\/\/api.w.org\/{rel}","templated":true}]}}