{"id":550244,"date":"2025-11-22T00:55:16","date_gmt":"2025-11-22T00:55:16","guid":{"rendered":"https:\/\/www.europesays.com\/fr\/550244\/"},"modified":"2025-11-22T00:55:16","modified_gmt":"2025-11-22T00:55:16","slug":"mort-de-tommy-recco-le-plus-vieux-detenu-de-france-a-91-ans","status":"publish","type":"post","link":"https:\/\/www.europesays.com\/fr\/550244\/","title":{"rendered":"Mort de \u00ab\u00a0Tommy\u00a0\u00bb\u00a0Recco, le plus vieux d\u00e9tenu de France, \u00e0 91\u00a0ans"},"content":{"rendered":"<p>        <img decoding=\"async\" loading=\"lazy\" src=\"https:\/\/www.europesays.com\/fr\/wp-content\/uploads\/2025\/11\/aa050a4_upload-1-rmpqtifw95sn-afp-20090922-arp2374428-v3-midres-justicegangtoulonrecco.jpg\"  width=\"728\" height=\"408\" alt=\"Le criminel d'origine corse, Joseph-Thomas Recco alias Tommy Recco, s'exprime lors de son proc\u00e8s, le 06 juin 1983, \u00e0 Draguignan.\"\/>  <\/p>\n<p>ERIC GAILLARD \/ AFP<\/p>\n<p>Le criminel d&rsquo;origine corse, Joseph-Thomas Recco alias Tommy Recco, s&rsquo;exprime lors de son proc\u00e8s, le 06 juin 1983, \u00e0 Draguignan.<\/p>\n<p class=\"asset asset-text\">Joseph Thomas, surnomm\u00e9 \u00ab\u00a0Tommy\u00a0\u00bb Recco, a pass\u00e9 62 ann\u00e9es de sa vie<a href=\"https:\/\/www.huffingtonpost.fr\/politique\/article\/nicolas-sarkozy-sort-le-journal-d-un-prisonnier-son-livre-ecrit-a-la-prison-de-la-sante_257389.html\" target=\"_blank\" rel=\"noopener\"> derri\u00e8re les barreaux. <\/a>Il est d\u00e9c\u00e9d\u00e9 \u00e0 l\u2019\u00e2ge de 91\u00a0ans jeudi soir \u00e0 l\u2019h\u00f4pital de Marseille, a-t-on appris vendredi 21\u00a0novembre de sources proches du dossier. Il est le d\u00e9tenu fran\u00e7ais qui a pass\u00e9 le plus de temps en prison.<\/p>\n<p class=\"asset asset-text\">\u00ab\u00a0Il est <a href=\"https:\/\/www.huffingtonpost.fr\/life\/article\/la-reine-elizabeth-est-morte-de-vieillesse-mais-qu-est-ce-que-ca-signifie_208373.html\" target=\"_blank\" rel=\"noopener\">mort de vieillesse<\/a>\u00a0\u00bb, a pr\u00e9cis\u00e9 la m\u00eame source \u00e0 l\u2019AFP, confirmant une information de France 3 Corse. Souffrant d\u2019un cancer, il avait \u00e9t\u00e9 transf\u00e9r\u00e9 en octobre\u00a02024 du centre p\u00e9nitentiaire de Borgo, en Corse, vers le centre de d\u00e9tention de Salon-de-Provence, au sein d\u2019une structure hospitali\u00e8re s\u00e9curis\u00e9e pour d\u00e9tenus. Plus r\u00e9cemment, il avait \u00e9t\u00e9 d\u00e9plac\u00e9 vers une autre prison des Bouches-du-Rh\u00f4ne, celle de Luynes.<\/p>\n<p class=\"asset asset-text\">N\u00e9 le 10\u00a0mai\u00a01934\u00a0\u00e0 Propriano, Tommy Recco avait \u00e9t\u00e9 condamn\u00e9 \u00e0 ses 28\u00a0ans \u00e0 la r\u00e9clusion criminelle \u00e0 perp\u00e9tuit\u00e9 pour la premi\u00e8re fois, pour le meurtre d\u2019un garde-p\u00eache en Corse.<\/p>\n<p class=\"asset asset-text\">Lib\u00e9r\u00e9 en 1977, il avait de nouveau \u00e9t\u00e9 <a href=\"https:\/\/www.huffingtonpost.fr\/justice\/article\/quelles-sont-les-conditions-de-detention-de-salah-abdeslam-dix-ans-apres-les-attentats-du-13-novembre_256789.html\" target=\"_blank\" rel=\"noopener\">condamn\u00e9 \u00e0 la perp\u00e9tuit\u00e9<\/a> en 1983 pour deux triples meurtres, commis \u00e0 quelques semaines d\u2019intervalle. Le premier a eu lieu \u00e0 B\u00e9ziers, dans l\u2019H\u00e9rault, en d\u00e9cembre\u00a01979, lorsqu\u2019il a tu\u00e9 trois caissi\u00e8res d\u2019un supermarch\u00e9, dans la salle o\u00f9 l\u2019on comptait la recette.<\/p>\n<p class=\"asset asset-text\">Le second s\u2019est d\u00e9roul\u00e9 \u00e0 Carqueiranne, dans le Var, en janvier\u00a01980, et a co\u00fbt\u00e9 la vie \u00e0 une fillette de 11\u00a0ans, \u00e0 son p\u00e8re et \u00e0 un voisin, tu\u00e9s d\u2019une balle dans la t\u00eate avec le m\u00eame revolver calibre 357. Dans les deux cas, les enqu\u00eates balistiques ont \u00e9tabli le lien entre les crimes.<\/p>\n<p class=\"asset asset-text\">Tout au long de sa vie, Tommy Recco a toujours ni\u00e9 \u00eatre l\u2019auteur de ces meurtres, affirmant avoir \u00e9t\u00e9 victime d\u2019une machination. Malgr\u00e9 les preuves et les condamnations, il n\u2019a jamais reconnu sa culpabilit\u00e9.<\/p>\n<p class=\"asset asset-text\">Depuis plusieurs ann\u00e9es, il avait formul\u00e9 plus d\u2019une vingtaine de demandes de lib\u00e9ration anticip\u00e9e, toutes refus\u00e9es en raison du risque de r\u00e9cidive jug\u00e9 trop \u00e9lev\u00e9.<\/p>\n","protected":false},"excerpt":{"rendered":"ERIC GAILLARD \/ AFP Le criminel d&rsquo;origine corse, Joseph-Thomas Recco alias Tommy Recco, s&rsquo;exprime lors de son proc\u00e8s,&hellip;\n","protected":false},"author":2,"featured_media":550245,"comment_status":"","ping_status":"","sticky":false,"template":"","format":"standard","meta":{"footnotes":""},"categories":[4],"tags":[11,2517,1011,27,303,884,4849,12,806,25],"class_list":{"0":"post-550244","1":"post","2":"type-post","3":"status-publish","4":"format-standard","5":"has-post-thumbnail","7":"category-france","8":"tag-actualites","9":"tag-corse","10":"tag-fr","11":"tag-france","12":"tag-justice","13":"tag-marseille","14":"tag-morts-en-2025","15":"tag-news","16":"tag-prison","17":"tag-republique-francaise"},"share_on_mastodon":{"url":"https:\/\/pubeurope.com\/@fr\/115590629943418974","error":""},"_links":{"self":[{"href":"https:\/\/www.europesays.com\/fr\/wp-json\/wp\/v2\/posts\/550244","targetHints":{"allow":["GET"]}}],"collection":[{"href":"https:\/\/www.europesays.com\/fr\/wp-json\/wp\/v2\/posts"}],"about":[{"href":"https:\/\/www.europesays.com\/fr\/wp-json\/wp\/v2\/types\/post"}],"author":[{"embeddable":true,"href":"https:\/\/www.europesays.com\/fr\/wp-json\/wp\/v2\/users\/2"}],"replies":[{"embeddable":true,"href":"https:\/\/www.europesays.com\/fr\/wp-json\/wp\/v2\/comments?post=550244"}],"version-history":[{"count":0,"href":"https:\/\/www.europesays.com\/fr\/wp-json\/wp\/v2\/posts\/550244\/revisions"}],"wp:featuredmedia":[{"embeddable":true,"href":"https:\/\/www.europesays.com\/fr\/wp-json\/wp\/v2\/media\/550245"}],"wp:attachment":[{"href":"https:\/\/www.europesays.com\/fr\/wp-json\/wp\/v2\/media?parent=550244"}],"wp:term":[{"taxonomy":"category","embeddable":true,"href":"https:\/\/www.europesays.com\/fr\/wp-json\/wp\/v2\/categories?post=550244"},{"taxonomy":"post_tag","embeddable":true,"href":"https:\/\/www.europesays.com\/fr\/wp-json\/wp\/v2\/tags?post=550244"}],"curies":[{"name":"wp","href":"https:\/\/api.w.org\/{rel}","templated":true}]}}