{"id":550247,"date":"2025-11-22T00:57:26","date_gmt":"2025-11-22T00:57:26","guid":{"rendered":"https:\/\/www.europesays.com\/fr\/550247\/"},"modified":"2025-11-22T00:57:26","modified_gmt":"2025-11-22T00:57:26","slug":"la-2e-edition-du-lateral-festival-aura-lieu-le-13-juin-au-stade-geoffroy-guichard","status":"publish","type":"post","link":"https:\/\/www.europesays.com\/fr\/550247\/","title":{"rendered":"la 2e \u00e9dition du Lat\u00e9ral Festival aura lieu le 13\u00a0juin au stade Geoffroy-Guichard"},"content":{"rendered":"<p>\u00ab\u00a0On a dans l\u2019id\u00e9e de p\u00e9renniser le rendez-vous mais pas sur ces dates-l\u00e0\u00a0\u00bb, nous confiait Laure Pardon, pr\u00e9sidente de l\u2019association FZL (Foreztival), en mars.<\/p>\n<p>Et les organisateurs du Lat\u00e9ral Festival semblent tenir cette ligne puisqu\u2019ils viennent d\u2019annoncer la tenue d\u2019une deuxi\u00e8me \u00e9dition samedi 13\u00a0juin 2026 et une semaine avant le lancement de la Rue des artistes de Saint-Chamond (NDLR : cette ann\u00e9e, les deux festivals s\u2019\u00e9taient un peu t\u00e9lescop\u00e9s le samedi soir).<\/p>\n<p>  \u00ab\u00a0Le public a \u00e9t\u00e9 ravi de pouvoir profiter du stade Geoffroy-Guichard d\u2019une autre mani\u00e8re\u00a0\u00bb<\/p>\n<p>Organis\u00e9e le 14\u00a0juin dernier, sous la tribune Henri-Point du stade Geoffroy-Guichard, la premi\u00e8re de cet \u00e9v\u00e9nement d\u00e9di\u00e9 aux musiques \u00e9lectroniques et \u00e0 la culture dub a totalement convaincu les programmateurs\u00a0: \u00ab\u00a0Nous avons re\u00e7u 2\u00a0500 personnes et c\u2019\u00e9tait une excellente premi\u00e8re \u00e9dition\u00a0\u00bb, ajoute la patronne de l\u2019association qui coproduit le Lat\u00e9ral festival avec le label st\u00e9phanois Poto Feu Records.<\/p>\n<p>\u00ab\u00a0Le pari \u00e9tait assez risqu\u00e9 d\u2019investir ce lieu mythique. Il a \u00e9t\u00e9 extr\u00eamement bien r\u00e9ussi par sa qualit\u00e9 et la volont\u00e9 de bien nous accueillir de la part de Saint-\u00c9tienne M\u00e9tropole. Le public a \u00e9t\u00e9 ravi de pouvoir profiter du stade Geoffroy-Guichard d\u2019une autre mani\u00e8re.\u00a0\u00bb<\/p>\n<p><a href=\"https:\/\/www.leprogres.fr\/culture-loisirs\/2025\/03\/14\/un-nouveau-festival-de-musique-organise-au-stade-geoffroy-guichard-le-14-juin\" target=\"_blank\" rel=\"noopener\">Une quinzaine d\u2019artistes s\u2019\u00e9taient produits sur deux sc\u00e8nes\u00a0<\/a>: la \u00ab\u00a0bloc\u00a0\u00bb d\u00e9di\u00e9e \u00e0 la house\/techno et la \u00ab\u00a0corner\u00a0\u00bb (\u00e0 l\u2019angle des tribunes Henri-Point et Jean-Snella) \u00e0 un sound system. Les noms des artistes du cru 2026 qui se produiront dans les trav\u00e9es du \u00ab\u00a0Chaudron\u00a0\u00bb devrait \u00eatre connus ces prochaines semaines.<\/p>\n<p>En dehors du Foreztival et du Lat\u00e9ral Festival, l\u2019association FZL accompagne de nombreux artistes en booking avec FACE B, NMB Booking, Night City Booking.<\/p>\n<p>Ce samedi soir par exemple, elle signe la venue des St\u00e9phanois de l\u2019Entourloop au Z\u00e9nith de Saint-\u00c9tienne\u00a0: \u00ab\u00a0\u00c7a va \u00eatre une belle f\u00eate \u00e0 la maison\u00a0\u00bb, savoure Laure Pardon.<\/p>\n<p>Dans l\u2019ann\u00e9e, elle organise plusieurs spectacles dans les salles st\u00e9phanoises\u00a0: Al\u2019tarba +\u00a0Degiheugi &amp; Miscellaneous (28\u00a0novembre) au Clapier, Bekar (29\u00a0novembre), Saint\u00e9 Dub Club (14\u00a0f\u00e9vrier 2026), Isha &amp; Limsa d\u2019Aulnay (21\u00a0mars 2026) au FIL\u2026 Mais aussi sur les sc\u00e8nes parisiennes (les St\u00e9phanois Anom x Vayn \u00e0 La Maroquinerie ou encore Lynn \u00e0 L\u2019Alhambra).<\/p>\n<p>  Sniper\u00a0: une deuxi\u00e8me date \u00e0 Montbrison en janvier<\/p>\n<p>D\u00e9but 2026, FZL organisera les shows de Sniper \u00e0 l\u2019Espace Guy-Poirieux de Montbrison <a href=\"https:\/\/www.leprogres.fr\/culture-loisirs\/2025\/07\/24\/le-theatre-des-penitents-fait-sa-revolution-avec-une-programmation-qui-rassemble\" target=\"_blank\" rel=\"noopener\">dans le cadre du festival des Poly\u2019sons<\/a>. Apr\u00e8s une premi\u00e8re date qui a affich\u00e9 complet rapidement, les organisateurs de concerts for\u00e9ziens ont d\u00e9cid\u00e9 de doubler le plaisir avec le groupe de hip-hop\u00a0: \u00ab\u00a0Les billets pour le 17\u00a0janvier se sont vendus en quelques jours. Nous avons eu l\u2019opportunit\u00e9 d\u2019ouvrir une deuxi\u00e8me date la veille (1)\u00a0\u00bb, justifie Laure Pardon.<\/p>\n<p class=\"note\">(1) Sniper en concert \u00e0 l\u2019Espace Guy-Poirieux de Montbrison, vendredi 16\u00a0janvier. Tarifs\u00a0: de 13 \u00e0 21\u00a0euros. R\u00e9servations sur <a href=\"https:\/\/www.theatredespenitents.fr\/\" target=\"_blank\" rel=\"noopener\">theatredespenitents.fr<\/a><\/p>\n","protected":false},"excerpt":{"rendered":"\u00ab\u00a0On a dans l\u2019id\u00e9e de p\u00e9renniser le rendez-vous mais pas sur ces dates-l\u00e0\u00a0\u00bb, nous confiait Laure Pardon, pr\u00e9sidente&hellip;\n","protected":false},"author":2,"featured_media":550248,"comment_status":"","ping_status":"","sticky":false,"template":"","format":"standard","meta":{"footnotes":""},"categories":[9653],"tags":[1111,11,2430,1687,7539,1777,674,1011,27,873,12,25,4001,7538,3140],"class_list":{"0":"post-550247","1":"post","2":"type-post","3":"status-publish","4":"format-standard","5":"has-post-thumbnail","7":"category-saint-etienne","8":"tag-actu","9":"tag-actualites","10":"tag-auvergne-rhone-alpes","11":"tag-culture-loisirs","12":"tag-edition-loire-sud","13":"tag-eu","14":"tag-europe","15":"tag-fr","16":"tag-france","17":"tag-musique","18":"tag-news","19":"tag-republique-francaise","20":"tag-saint-etienne","21":"tag-saint-etienne-ville","22":"tag-spectacle"},"share_on_mastodon":{"url":"https:\/\/pubeurope.com\/@fr\/115590636808752914","error":""},"_links":{"self":[{"href":"https:\/\/www.europesays.com\/fr\/wp-json\/wp\/v2\/posts\/550247","targetHints":{"allow":["GET"]}}],"collection":[{"href":"https:\/\/www.europesays.com\/fr\/wp-json\/wp\/v2\/posts"}],"about":[{"href":"https:\/\/www.europesays.com\/fr\/wp-json\/wp\/v2\/types\/post"}],"author":[{"embeddable":true,"href":"https:\/\/www.europesays.com\/fr\/wp-json\/wp\/v2\/users\/2"}],"replies":[{"embeddable":true,"href":"https:\/\/www.europesays.com\/fr\/wp-json\/wp\/v2\/comments?post=550247"}],"version-history":[{"count":0,"href":"https:\/\/www.europesays.com\/fr\/wp-json\/wp\/v2\/posts\/550247\/revisions"}],"wp:featuredmedia":[{"embeddable":true,"href":"https:\/\/www.europesays.com\/fr\/wp-json\/wp\/v2\/media\/550248"}],"wp:attachment":[{"href":"https:\/\/www.europesays.com\/fr\/wp-json\/wp\/v2\/media?parent=550247"}],"wp:term":[{"taxonomy":"category","embeddable":true,"href":"https:\/\/www.europesays.com\/fr\/wp-json\/wp\/v2\/categories?post=550247"},{"taxonomy":"post_tag","embeddable":true,"href":"https:\/\/www.europesays.com\/fr\/wp-json\/wp\/v2\/tags?post=550247"}],"curies":[{"name":"wp","href":"https:\/\/api.w.org\/{rel}","templated":true}]}}