{"id":550249,"date":"2025-11-22T00:58:19","date_gmt":"2025-11-22T00:58:19","guid":{"rendered":"https:\/\/www.europesays.com\/fr\/550249\/"},"modified":"2025-11-22T00:58:19","modified_gmt":"2025-11-22T00:58:19","slug":"loire-le-pere-noel-ouvre-les-lettres-des-enfants","status":"publish","type":"post","link":"https:\/\/www.europesays.com\/fr\/550249\/","title":{"rendered":"LOIRE : LE P\u00c8RE NO\u00cbL OUVRE LES LETTRES DES ENFANTS"},"content":{"rendered":"<p>                <a href=\"https:\/\/cadenceradio.fr\" target=\"_blank\" aria-label=\"Banni\u00e8re Cadence 2025\" rel=\"noopener\"><img loading=\"lazy\" decoding=\"async\" src=\"https:\/\/www.europesays.com\/fr\/wp-content\/uploads\/2025\/07\/Banniere-Cadence-2025-scaled.jpg\" alt=\"\"   width=\"2560\" height=\"738\"\/><\/a><\/p>\n<p>Dans un peu plus d\u2019un mois, les cadeaux tr\u00f4neront au pied des sapins. En attendant, les jeunes Lig\u00e9riens sortent papier et stylo pour coucher sur papier leurs souhaits de No\u00ebl. Et en mati\u00e8re d\u2019imagination, ils ne manquent jamais de cr\u00e9ativit\u00e9 !<\/p>\n<p>La Loire, relais du secr\u00e9tariat pour la deuxi\u00e8me ann\u00e9e<\/p>\n<p>Pour la deuxi\u00e8me ann\u00e9e cons\u00e9cutive, le d\u00e9partement participe au dispositif national du secr\u00e9tariat du P\u00e8re No\u00ebl. L\u2019ann\u00e9e derni\u00e8re, une dizaine de lettres parvenait chaque semaine au bureau st\u00e9phanois. Bonne nouvelle pour les familles : les enfants peuvent poster leur courrier dans n\u2019importe quelle bo\u00eete aux lettres, qu\u2019elle soit d\u00e9di\u00e9e ou classique. Les lettres sont r\u00e9cup\u00e9r\u00e9es et envoy\u00e9es au secr\u00e9tariat du P\u00e8re No\u00ebl, chaque enfant re\u00e7oit une r\u00e9ponse, accompagn\u00e9e d\u2019un petit cadeau ou d\u2019une carte postale.<\/p>\n<p>Date limite et consigne essentielle<\/p>\n<p>Les jeunes exp\u00e9diteurs ont jusqu\u2019au 20 d\u00e9cembre pour d\u00e9poser leur lettre dans l\u2019une des bo\u00eetes d\u00e9di\u00e9es du d\u00e9partement. Une seule consigne indispensable pour garantir une r\u00e9ponse : ne pas oublier d\u2019inscrire son nom et son adresse au dos de l\u2019enveloppe. Sans ces informations, le P\u00e8re No\u00ebl ne pourrait pas r\u00e9pondre aux petits Lig\u00e9riens.<\/p>\n","protected":false},"excerpt":{"rendered":"Dans un peu plus d\u2019un mois, les cadeaux tr\u00f4neront au pied des sapins. En attendant, les jeunes Lig\u00e9riens&hellip;\n","protected":false},"author":2,"featured_media":541562,"comment_status":"","ping_status":"","sticky":false,"template":"","format":"standard","meta":{"footnotes":""},"categories":[9653],"tags":[328,1111,11,2430,1777,674,1011,27,3367,12,15830,25,4001],"class_list":{"0":"post-550249","1":"post","2":"type-post","3":"status-publish","4":"format-standard","5":"has-post-thumbnail","7":"category-saint-etienne","8":"tag-a-la-une","9":"tag-actu","10":"tag-actualites","11":"tag-auvergne-rhone-alpes","12":"tag-eu","13":"tag-europe","14":"tag-fr","15":"tag-france","16":"tag-loire","17":"tag-news","18":"tag-noel","19":"tag-republique-francaise","20":"tag-saint-etienne"},"share_on_mastodon":{"url":"https:\/\/pubeurope.com\/@fr\/115590642259426165","error":""},"_links":{"self":[{"href":"https:\/\/www.europesays.com\/fr\/wp-json\/wp\/v2\/posts\/550249","targetHints":{"allow":["GET"]}}],"collection":[{"href":"https:\/\/www.europesays.com\/fr\/wp-json\/wp\/v2\/posts"}],"about":[{"href":"https:\/\/www.europesays.com\/fr\/wp-json\/wp\/v2\/types\/post"}],"author":[{"embeddable":true,"href":"https:\/\/www.europesays.com\/fr\/wp-json\/wp\/v2\/users\/2"}],"replies":[{"embeddable":true,"href":"https:\/\/www.europesays.com\/fr\/wp-json\/wp\/v2\/comments?post=550249"}],"version-history":[{"count":0,"href":"https:\/\/www.europesays.com\/fr\/wp-json\/wp\/v2\/posts\/550249\/revisions"}],"wp:featuredmedia":[{"embeddable":true,"href":"https:\/\/www.europesays.com\/fr\/wp-json\/wp\/v2\/media\/541562"}],"wp:attachment":[{"href":"https:\/\/www.europesays.com\/fr\/wp-json\/wp\/v2\/media?parent=550249"}],"wp:term":[{"taxonomy":"category","embeddable":true,"href":"https:\/\/www.europesays.com\/fr\/wp-json\/wp\/v2\/categories?post=550249"},{"taxonomy":"post_tag","embeddable":true,"href":"https:\/\/www.europesays.com\/fr\/wp-json\/wp\/v2\/tags?post=550249"}],"curies":[{"name":"wp","href":"https:\/\/api.w.org\/{rel}","templated":true}]}}