{"id":550252,"date":"2025-11-22T01:02:03","date_gmt":"2025-11-22T01:02:03","guid":{"rendered":"https:\/\/www.europesays.com\/fr\/550252\/"},"modified":"2025-11-22T01:02:03","modified_gmt":"2025-11-22T01:02:03","slug":"neil-young-la-legende-rock-anti-trump-et-elvis-costello-sur-la-scene-du-zenith-de-nancy-en-2026","status":"publish","type":"post","link":"https:\/\/www.europesays.com\/fr\/550252\/","title":{"rendered":"Neil Young, la l\u00e9gende rock anti-Trump, et Elvis Costello sur la sc\u00e8ne du Z\u00e9nith de Nancy en 2026"},"content":{"rendered":"<p>Un de plus ! On ne l\u2019a pas vu venir. Mais une chose \u00e9tait certaine. Si une opportunit\u00e9 se pr\u00e9sentait, elle serait saisie.<\/p>\n<p>C\u2019est chose faite. Apr\u00e8s trois journ\u00e9es d\u00e9di\u00e9es au <a href=\"https:\/\/www.estrepublicain.fr\/culture-loisirs\/2025\/10\/20\/nancy-open-air-le-heavy-week-end-sort-l-artillerie-lourde\" target=\"_blank\" rel=\"noopener\">Heavy Week-End<\/a> les 5,6 et 7 juin, <a href=\"https:\/\/www.estrepublicain.fr\/culture-loisirs\/2025\/10\/24\/nancy-open-air-gims-rejoint-la-programmation-de-l-edition-2026\" target=\"_blank\" rel=\"noopener\">Gims<\/a> le 20, <a href=\"https:\/\/www.estrepublicain.fr\/culture-loisirs\/2025\/11\/14\/orelsan-ajoute-une-date-exceptionnelle-au-zenith-de-nancy-dans-sa-tournee-2026\" target=\"_blank\" rel=\"noopener\">Orelsan<\/a> le 27, <a href=\"https:\/\/www.estrepublicain.fr\/culture-loisirs\/2025\/11\/03\/nancy-open-air-2026-la-comedie-musicale-i-le-roi-soleil-i-regnera-au-zenith-du-grand-nancy-le-4-juillet-2026\" target=\"_blank\" rel=\"noopener\">Le Roi Soleil<\/a> le 4 juillet et la m\u00e9gastar <a href=\"https:\/\/www.estrepublicain.fr\/culture-loisirs\/2025\/10\/27\/nancy-open-air-katy-perry-pour-un-concert-hors-norme\" target=\"_blank\" rel=\"noopener\">Katy Perry<\/a> le 12 juillet, le <a href=\"https:\/\/www.estrepublicain.fr\/p\/zenith-du-grand-nancy\" target=\"_blank\" rel=\"noopener\">Nancy Open Air<\/a> 2026 d\u00e9gaine une huiti\u00e8me date !<\/p>\n<p>Et l\u00e0, place aux sonorit\u00e9s rock, folk et country ayant fait la carri\u00e8re du grand Neil Young.<\/p>\n<p>Le Canado-Am\u00e9ricain f\u00eatera ses 63 ann\u00e9es de carri\u00e8re sur la sc\u00e8ne de l\u2019amphith\u00e9\u00e2tre plein air du Z\u00e9nith du Grand Nancy, <strong>le mercredi 24 juin 2026.<\/strong> Il ne fera que deux dates en France, l\u2019autre \u00e9tant \u00e0 N\u00eemes.<\/p>\n<p>Celui qui n\u2019est pas un habitu\u00e9 des lieux et que les fans surnomment The Loner &#8211; le Solitaire &#8211; fera \u00e9tape avec sa tourn\u00e9e Love Earth et sera accompagn\u00e9 de The Chrome Hearts et de Spooner Oldham, 82 ans, qui a offici\u00e9 sur Harvest Moon.<\/p>\n<p>Un changement de taille puisque l\u2019artiste a longtemps jou\u00e9 et tourn\u00e9 avec les Crazy Horse de Danny Whitten, Ralph Molina et Billy Talbot.<\/p>\n<p>  Un invit\u00e9 de marque : Elvis Costello en premi\u00e8re partie<\/p>\n<p>En juin dernier est sorti Talkin\u2019 to the trees, le dernier album studio de Neil Young qui a f\u00eat\u00e9 ses 80 ans le 12 novembre.<\/p>\n<p>Un opus, comme souvent, engag\u00e9, anti-Trump assum\u00e9 et ciblant, sans broncher, Tesla et son patron <a href=\"https:\/\/www.estrepublicain.fr\/p\/elon-musk\" target=\"_blank\" rel=\"noopener\">Elon Musk<\/a>. Notamment dans le morceau  Let\u2019s roll again, o\u00f9 l\u2019artiste n\u2019y va pas par quatre chemins : \u00ab If you\u2019re a fascist, then get a Tesla \u00bb. Soit, en fran\u00e7ais : \u00ab Si vous \u00eates un fasciste, alors prenez une Tesla \u00bb. Rien que \u00e7a.<\/p>\n<p>Ce contenu est bloqu\u00e9 car vous n&rsquo;avez pas accept\u00e9 les cookies et autres traceurs.<\/p>\n<p>En cliquant sur \u00ab J\u2019accepte \u00bb, les cookies et autres traceurs seront d\u00e9pos\u00e9s et vous pourrez visualiser les contenus  (<a href=\"\" class=\"consentModule_policy\" target=\"_blank\" title=\"Consulter la politique de protection des donn\u00e9es du fournisseur\">plus d&rsquo;informations<\/a>).<\/p>\n<p>En cliquant sur \u00ab J\u2019accepte tous les cookies \u00bb, vous autorisez des d\u00e9p\u00f4ts de cookies et autres traceurs pour le stockage de vos donn\u00e9es sur nos sites et applications \u00e0 des fins de personnalisation et de ciblage publicitaire.<\/p>\n<p class=\"consentModule_secondaryText\">Vous gardez la possibilit\u00e9 de retirer votre consentement \u00e0 tout moment en consultant notre <a href=\"https:\/\/www.estrepublicain.fr\/protection-des-donnees\" target=\"_blank\" title=\"Consulter notre politique de protection des donn\u00e9es\" rel=\"noopener\">politique de protection des donn\u00e9es<\/a>. <br \/>&#13;<br \/>\n            <a href=\"https:\/\/www.estrepublicain.fr\/culture-loisirs\/2025\/11\/21\/javascript:Didomi.notice.show()\" class=\"consentModule_cmp\" target=\"_blank\" rel=\"noopener\">G\u00e9rer mes choix<\/a>&#13;\n        <\/p>\n<p>&#13;<br \/>\n                        J&rsquo;accepte&#13;<br \/>\n            J&rsquo;accepte tous les cookies&#13;\n        <\/p>\n<p>Surtout, il ne sera pas seul puisqu\u2019Elvis Costello, accompagn\u00e9 des Imposters avec Charlie Sexton, sera de la partie en invit\u00e9 de prestige !<\/p>\n<p>On l\u2019aura compris, celui qui a enregistr\u00e9 un album concept entier sur sa Lincoln de 1959 \u2013 Fork in the road  &#8211; se moque du qu\u2019en-dira-t-on. \u00c9colo et amoureux de belles voitures, Neil Young a toujours dit ce qu\u2019il pensait et fait ce qui lui plaisait. Ce n\u2019est pas maintenant que cela va changer. Et c\u2019est tant mieux !<\/p>\n<p class=\"note\">Pr\u00e9vente artiste : lundi 24 novembre \u00e0 10 h et le mardi 25 novembre. Pr\u00e9vente salle et G\u00e9rard Drouot Productions : le mercredi 26 novembre \u00e0 10 h et jeudi 27 novembre. Mise en vente g\u00e9n\u00e9rale : vendredi 28 novembre \u00e0 10 h.<\/p>\n","protected":false},"excerpt":{"rendered":"Un de plus ! On ne l\u2019a pas vu venir. Mais une chose \u00e9tait certaine. Si une opportunit\u00e9&hellip;\n","protected":false},"author":2,"featured_media":550253,"comment_status":"","ping_status":"","sticky":false,"template":"","format":"standard","meta":{"footnotes":""},"categories":[9635],"tags":[1111,11,1687,3602,1707,1704,1706,1705,10174,1777,674,1011,27,775,873,1702,1703,12,3456,25],"class_list":{"0":"post-550252","1":"post","2":"type-post","3":"status-publish","4":"format-standard","5":"has-post-thumbnail","7":"category-nancy","8":"tag-actu","9":"tag-actualites","10":"tag-culture-loisirs","11":"tag-edition-bar-le-duc","12":"tag-edition-luneville","13":"tag-edition-nancy-et-agglomeration","14":"tag-edition-pont-a-mousson","15":"tag-edition-toul","16":"tag-edition-verdun","17":"tag-eu","18":"tag-europe","19":"tag-fr","20":"tag-france","21":"tag-grand-est","22":"tag-musique","23":"tag-nancy","24":"tag-nancy-ville-54b","25":"tag-news","26":"tag-region-lorraine","27":"tag-republique-francaise"},"share_on_mastodon":{"url":"https:\/\/pubeurope.com\/@fr\/115590656405298137","error":""},"_links":{"self":[{"href":"https:\/\/www.europesays.com\/fr\/wp-json\/wp\/v2\/posts\/550252","targetHints":{"allow":["GET"]}}],"collection":[{"href":"https:\/\/www.europesays.com\/fr\/wp-json\/wp\/v2\/posts"}],"about":[{"href":"https:\/\/www.europesays.com\/fr\/wp-json\/wp\/v2\/types\/post"}],"author":[{"embeddable":true,"href":"https:\/\/www.europesays.com\/fr\/wp-json\/wp\/v2\/users\/2"}],"replies":[{"embeddable":true,"href":"https:\/\/www.europesays.com\/fr\/wp-json\/wp\/v2\/comments?post=550252"}],"version-history":[{"count":0,"href":"https:\/\/www.europesays.com\/fr\/wp-json\/wp\/v2\/posts\/550252\/revisions"}],"wp:featuredmedia":[{"embeddable":true,"href":"https:\/\/www.europesays.com\/fr\/wp-json\/wp\/v2\/media\/550253"}],"wp:attachment":[{"href":"https:\/\/www.europesays.com\/fr\/wp-json\/wp\/v2\/media?parent=550252"}],"wp:term":[{"taxonomy":"category","embeddable":true,"href":"https:\/\/www.europesays.com\/fr\/wp-json\/wp\/v2\/categories?post=550252"},{"taxonomy":"post_tag","embeddable":true,"href":"https:\/\/www.europesays.com\/fr\/wp-json\/wp\/v2\/tags?post=550252"}],"curies":[{"name":"wp","href":"https:\/\/api.w.org\/{rel}","templated":true}]}}