{"id":550257,"date":"2025-11-22T01:08:26","date_gmt":"2025-11-22T01:08:26","guid":{"rendered":"https:\/\/www.europesays.com\/fr\/550257\/"},"modified":"2025-11-22T01:08:26","modified_gmt":"2025-11-22T01:08:26","slug":"emotion-a-montpellier-apres-un-incendie-mortel-la-piste-criminelle-privilegiee","status":"publish","type":"post","link":"https:\/\/www.europesays.com\/fr\/550257\/","title":{"rendered":"\u00c9motion \u00e0 Montpellier apr\u00e8s un incendie mortel, la piste criminelle privil\u00e9gi\u00e9e"},"content":{"rendered":"<p class=\"jsx-4058425199 jsx-2164199691 ExpandableText__Text\">\u00c9motion \u00e0 Montpellier apr\u00e8s un incendie mortel, la piste criminelle privil\u00e9gi\u00e9e  \u00c0 Montpellier, un incendie a totalement ravag\u00e9 une \u00e9picerie ouverte toute la nuit. Un individu a p\u00e9n\u00e9tr\u00e9 \u00e0 l&rsquo;int\u00e9rieur, arm\u00e9 d&rsquo;un fusil, mena\u00e7ant deux hommes avant de mettre le feu au commerce. Une des victimes est parvenue \u00e0 s&rsquo;enfuir mais l&rsquo;autre, un jeune homme de 19 ans, est mort dans les flammes.<\/p>\n<p>Lire plusReplier<\/p>\n","protected":false},"excerpt":{"rendered":"\u00c9motion \u00e0 Montpellier apr\u00e8s un incendie mortel, la piste criminelle privil\u00e9gi\u00e9e \u00c0 Montpellier, un incendie a totalement ravag\u00e9&hellip;\n","protected":false},"author":2,"featured_media":550258,"comment_status":"","ping_status":"","sticky":false,"template":"","format":"standard","meta":{"footnotes":""},"categories":[9599],"tags":[1111,11,1777,674,6017,1011,27,2954,2208,12,2680,25,17255,133,2953],"class_list":{"0":"post-550257","1":"post","2":"type-post","3":"status-publish","4":"format-standard","5":"has-post-thumbnail","7":"category-montpellier","8":"tag-actu","9":"tag-actualites","10":"tag-eu","11":"tag-europe","12":"tag-fait-divers","13":"tag-fr","14":"tag-france","15":"tag-justice-et-faits-divers","16":"tag-montpellier","17":"tag-news","18":"tag-occitanie","19":"tag-republique-francaise","20":"tag-tf1info-shorts","21":"tag-video","22":"tag-video-police"},"share_on_mastodon":{"url":"https:\/\/pubeurope.com\/@fr\/115590679924689221","error":""},"_links":{"self":[{"href":"https:\/\/www.europesays.com\/fr\/wp-json\/wp\/v2\/posts\/550257","targetHints":{"allow":["GET"]}}],"collection":[{"href":"https:\/\/www.europesays.com\/fr\/wp-json\/wp\/v2\/posts"}],"about":[{"href":"https:\/\/www.europesays.com\/fr\/wp-json\/wp\/v2\/types\/post"}],"author":[{"embeddable":true,"href":"https:\/\/www.europesays.com\/fr\/wp-json\/wp\/v2\/users\/2"}],"replies":[{"embeddable":true,"href":"https:\/\/www.europesays.com\/fr\/wp-json\/wp\/v2\/comments?post=550257"}],"version-history":[{"count":0,"href":"https:\/\/www.europesays.com\/fr\/wp-json\/wp\/v2\/posts\/550257\/revisions"}],"wp:featuredmedia":[{"embeddable":true,"href":"https:\/\/www.europesays.com\/fr\/wp-json\/wp\/v2\/media\/550258"}],"wp:attachment":[{"href":"https:\/\/www.europesays.com\/fr\/wp-json\/wp\/v2\/media?parent=550257"}],"wp:term":[{"taxonomy":"category","embeddable":true,"href":"https:\/\/www.europesays.com\/fr\/wp-json\/wp\/v2\/categories?post=550257"},{"taxonomy":"post_tag","embeddable":true,"href":"https:\/\/www.europesays.com\/fr\/wp-json\/wp\/v2\/tags?post=550257"}],"curies":[{"name":"wp","href":"https:\/\/api.w.org\/{rel}","templated":true}]}}