{"id":550275,"date":"2025-11-22T01:23:13","date_gmt":"2025-11-22T01:23:13","guid":{"rendered":"https:\/\/www.europesays.com\/fr\/550275\/"},"modified":"2025-11-22T01:23:13","modified_gmt":"2025-11-22T01:23:13","slug":"ils-abandonnent-leurs-chiens-dans-leur-appartement-a-nice-et-partent-en-voyage-aux-etats-unis","status":"publish","type":"post","link":"https:\/\/www.europesays.com\/fr\/550275\/","title":{"rendered":"Ils abandonnent leurs chiens dans leur appartement \u00e0 Nice et partent en voyage aux \u00c9tats-Unis"},"content":{"rendered":"<p>Un couple a comparu mardi 18\u00a0novembre 2025 devant le tribunal pour avoir abandonn\u00e9 ses deux chiens, en janvier dernier, rapporte <a href=\"https:\/\/www.nicematin.com\/societe\/justice\/ils-avaient-laisse-leurs-chiens-a-l-abandon-pendant-leur-sejour-aux-etats-unis-deux-nicois-s-expliquent-devant-la-justice-10657457\" target=\"_blank\" rel=\"noopener\"> Nice Matin <\/a>. Le dogue argentin et l\u2019american staffordshire terrier avaient \u00e9t\u00e9 retrouv\u00e9s dans un \u00e9tat lamentable dans le logement des pr\u00e9venus, \u00e0 Nice (Alpes-Maritimes). Ils souffraient de\u00a0<strong>\u00ab\u00a0cachexie\u00a0\u00bb<\/strong>,\u00a0<strong>\u00ab\u00a0d\u2019automutilation\u00a0\u00bb<\/strong>\u00a0et\u00a0<strong>\u00ab\u00a0d\u2019escarres sanguinolentes\u00a0\u00bb<\/strong>.<\/p>\n<p>Les deux chiens cat\u00e9goris\u00e9s avaient \u00e9t\u00e9 laiss\u00e9s dans l\u2019appartement sans nourriture, musel\u00e9s et attach\u00e9s, pendant au moins dix jours. Le couple, lui, \u00e9tait parti en voyage aux \u00c9tats-Unis. \u00c0 la barre, les deux jeunes gens ont assur\u00e9 qu\u2019ils avaient confi\u00e9 leurs b\u00eates \u00e0 une autre personne, le temps de leur absence. Mais ils n\u2019ont jamais divulgu\u00e9 l\u2019identit\u00e9 de celle-ci.<\/p>\n<p>L\u2019un des chiens est trop dangereux<\/p>\n<p>Plusieurs associations, dont la\u00a0Fondation Brigitte Bardot ou la SPA, se sont port\u00e9es partie civile. Elles ont toutes r\u00e9clam\u00e9\u00a0entre 800 et 2\u00a0000\u00a0\u20ac d\u2019indemnit\u00e9s et une interdiction d\u00e9finitive pour le couple de d\u00e9tenir un animal. Le procureur a de son c\u00f4t\u00e9 requis 100\u00a0\u20ac d\u2019amende pour chaque pr\u00e9venu et le remboursement des frais v\u00e9t\u00e9rinaires et de garde depuis la saisie des chiens.<\/p>\n<p>Les parties civiles souhaitent \u00e9galement que les animaux soient c\u00e9d\u00e9s. Le dogue argentin s\u2019est r\u00e9tabli et pourrait d\u00e9sormais \u00eatre adopt\u00e9. En revanche, le staff, traumatis\u00e9, est trop dangereux pour rejoindre une nouvelle famille.<\/p>\n<p>\u00c0 noter que le couple n\u2019avait pas effectu\u00e9 les d\u00e9marches obligatoires li\u00e9es \u00e0 la cat\u00e9gorisation des deux chiens. Le d\u00e9lib\u00e9r\u00e9 sera rendu le 4\u00a0d\u00e9cembre prochain.<\/p>\n<p>Pour en savoir plus\u00a0: lire l\u2019article de <a href=\"https:\/\/www.nicematin.com\/societe\/justice\/ils-avaient-laisse-leurs-chiens-a-l-abandon-pendant-leur-sejour-aux-etats-unis-deux-nicois-s-expliquent-devant-la-justice-10657457\" target=\"_blank\" rel=\"noopener\"> Nice Matin <\/a>.<\/p>\n<p>\u00a0<\/p>\n","protected":false},"excerpt":{"rendered":"Un couple a comparu mardi 18\u00a0novembre 2025 devant le tribunal pour avoir abandonn\u00e9 ses deux chiens, en janvier&hellip;\n","protected":false},"author":2,"featured_media":550276,"comment_status":"","ping_status":"","sticky":false,"template":"","format":"standard","meta":{"footnotes":""},"categories":[2819],"tags":[66785,1111,11,9071,13370,73,1777,674,1011,27,9958,12,2401,37510,882,25,586],"class_list":{"0":"post-550275","1":"post","2":"type-post","3":"status-publish","4":"format-standard","5":"has-post-thumbnail","7":"category-nice","8":"tag-abandonnent","9":"tag-actu","10":"tag-actualites","11":"tag-appartement","12":"tag-chiens","13":"tag-etats-unis","14":"tag-eu","15":"tag-europe","16":"tag-fr","17":"tag-france","18":"tag-hyeres","19":"tag-news","20":"tag-nice","21":"tag-partent","22":"tag-provence-alpes-cote-dazur","23":"tag-republique-francaise","24":"tag-voyage"},"share_on_mastodon":{"url":"https:\/\/pubeurope.com\/@fr\/115590739016818489","error":""},"_links":{"self":[{"href":"https:\/\/www.europesays.com\/fr\/wp-json\/wp\/v2\/posts\/550275","targetHints":{"allow":["GET"]}}],"collection":[{"href":"https:\/\/www.europesays.com\/fr\/wp-json\/wp\/v2\/posts"}],"about":[{"href":"https:\/\/www.europesays.com\/fr\/wp-json\/wp\/v2\/types\/post"}],"author":[{"embeddable":true,"href":"https:\/\/www.europesays.com\/fr\/wp-json\/wp\/v2\/users\/2"}],"replies":[{"embeddable":true,"href":"https:\/\/www.europesays.com\/fr\/wp-json\/wp\/v2\/comments?post=550275"}],"version-history":[{"count":0,"href":"https:\/\/www.europesays.com\/fr\/wp-json\/wp\/v2\/posts\/550275\/revisions"}],"wp:featuredmedia":[{"embeddable":true,"href":"https:\/\/www.europesays.com\/fr\/wp-json\/wp\/v2\/media\/550276"}],"wp:attachment":[{"href":"https:\/\/www.europesays.com\/fr\/wp-json\/wp\/v2\/media?parent=550275"}],"wp:term":[{"taxonomy":"category","embeddable":true,"href":"https:\/\/www.europesays.com\/fr\/wp-json\/wp\/v2\/categories?post=550275"},{"taxonomy":"post_tag","embeddable":true,"href":"https:\/\/www.europesays.com\/fr\/wp-json\/wp\/v2\/tags?post=550275"}],"curies":[{"name":"wp","href":"https:\/\/api.w.org\/{rel}","templated":true}]}}