{"id":550277,"date":"2025-11-22T01:24:15","date_gmt":"2025-11-22T01:24:15","guid":{"rendered":"https:\/\/www.europesays.com\/fr\/550277\/"},"modified":"2025-11-22T01:24:15","modified_gmt":"2025-11-22T01:24:15","slug":"de-zerbi-je-pense-quon-peut-mieux-jouer-je-ne-suis-pas-satisfait-de-la-qualite-de-jeu","status":"publish","type":"post","link":"https:\/\/www.europesays.com\/fr\/550277\/","title":{"rendered":"De Zerbi \u00ab\u00a0je pense qu&rsquo;on peut mieux jouer, je ne suis pas satisfait de la qualit\u00e9 de jeu\u00a0\u00bb"},"content":{"rendered":"<p>Apr\u00e8s la tr\u00eave de novembre, l&rsquo;OM a repris la Ligue 1 en fanfare avec une victoire \u00e9crasante 5 buts \u00e0 1 sur la pelouse de Nice. Les Marseillais sont de nouveau leaders provisoires du championnat avant le match du PSG face au Havre. <\/p>\n<p>Victoire nette et sans bavure de l&rsquo;OM sur la pelouse de l&rsquo;Allianz Riviera de Nice sur le score de 5 \u00e0 1.<\/p>\n<p>Un succ\u00e8s historique, il faut remonter \u00e0 1948 pour trouver la trace d&rsquo;une victoire plus large (0-5) des Olympiens.<\/p>\n<p>Ce soir gr\u00e2ce \u00e0 un doubl\u00e9 de Greenwood, un but d&rsquo;Aubameyang, un autre de Paixao et une \u00ab\u00a0mitraillette\u00a0\u00bb de Timothy Weah, l&rsquo;OM a d\u00e9roul\u00e9 offensivement face \u00e0 une \u00e9quipe ni\u00e7oise en grande difficult\u00e9 devant son public alors que les Marseillais eux \u00e9taient priv\u00e9s de leurs supporters.\u00a0<\/p>\n<p>Dans un climat un peu sp\u00e9cial, marqu\u00e9 par les 40 ans la tribune populaire Sud, avec un match interrompu \u00e0 trois minutes de sa fin, pour des feux d&rsquo;artifices lanc\u00e9s par les Ni\u00e7ois, les Marseillais ont montr\u00e9 de la personnalit\u00e9 et du caract\u00e8re. De quoi prendre de la confiance avant le match de Ligue des Champions de mardi soir face \u00e0 Newcastle.<\/p>\n<p>Retrouvez la r\u00e9action de Roberto De Zerbi lors de sa conf\u00e9rence de presse que nous vous proposons en int\u00e9gralit\u00e9.<\/p>\n<p><strong>Le coach content d&rsquo;avoir gagn\u00e9 mais pas tr\u00e8s satisfait de la qualit\u00e9 de jeu d\u00e9montr\u00e9e par ses joueurs&#8230; Roberto De Zerbi en conf de presse, c&rsquo;est sur Maritima.\u00a0<\/strong><\/p>\n<p><strong>(images et interview, Karim Attab, Maritima M\u00e9dias)<\/strong><\/p>\n","protected":false},"excerpt":{"rendered":"Apr\u00e8s la tr\u00eave de novembre, l&rsquo;OM a repris la Ligue 1 en fanfare avec une victoire \u00e9crasante 5&hellip;\n","protected":false},"author":2,"featured_media":550278,"comment_status":"","ping_status":"","sticky":false,"template":"","format":"standard","meta":{"footnotes":""},"categories":[2819],"tags":[66786,66787,12023,1111,11,1777,674,1011,27,12027,12,2401,1176,149,882,25,968],"class_list":{"0":"post-550277","1":"post","2":"type-post","3":"status-publish","4":"format-standard","5":"has-post-thumbnail","7":"category-nice","8":"tag-niceom","9":"tag-ogcnom","10":"tag-teamom","11":"tag-actu","12":"tag-actualites","13":"tag-eu","14":"tag-europe","15":"tag-fr","16":"tag-france","17":"tag-ligue-1-mc-donalds","18":"tag-news","19":"tag-nice","20":"tag-olympique-de-marseille","21":"tag-om","22":"tag-provence-alpes-cote-dazur","23":"tag-republique-francaise","24":"tag-roberto-de-zerbi"},"share_on_mastodon":{"url":"https:\/\/pubeurope.com\/@fr\/115590742933171492","error":""},"_links":{"self":[{"href":"https:\/\/www.europesays.com\/fr\/wp-json\/wp\/v2\/posts\/550277","targetHints":{"allow":["GET"]}}],"collection":[{"href":"https:\/\/www.europesays.com\/fr\/wp-json\/wp\/v2\/posts"}],"about":[{"href":"https:\/\/www.europesays.com\/fr\/wp-json\/wp\/v2\/types\/post"}],"author":[{"embeddable":true,"href":"https:\/\/www.europesays.com\/fr\/wp-json\/wp\/v2\/users\/2"}],"replies":[{"embeddable":true,"href":"https:\/\/www.europesays.com\/fr\/wp-json\/wp\/v2\/comments?post=550277"}],"version-history":[{"count":0,"href":"https:\/\/www.europesays.com\/fr\/wp-json\/wp\/v2\/posts\/550277\/revisions"}],"wp:featuredmedia":[{"embeddable":true,"href":"https:\/\/www.europesays.com\/fr\/wp-json\/wp\/v2\/media\/550278"}],"wp:attachment":[{"href":"https:\/\/www.europesays.com\/fr\/wp-json\/wp\/v2\/media?parent=550277"}],"wp:term":[{"taxonomy":"category","embeddable":true,"href":"https:\/\/www.europesays.com\/fr\/wp-json\/wp\/v2\/categories?post=550277"},{"taxonomy":"post_tag","embeddable":true,"href":"https:\/\/www.europesays.com\/fr\/wp-json\/wp\/v2\/tags?post=550277"}],"curies":[{"name":"wp","href":"https:\/\/api.w.org\/{rel}","templated":true}]}}