{"id":550311,"date":"2025-11-22T01:44:15","date_gmt":"2025-11-22T01:44:15","guid":{"rendered":"https:\/\/www.europesays.com\/fr\/550311\/"},"modified":"2025-11-22T01:44:15","modified_gmt":"2025-11-22T01:44:15","slug":"zelensky-repousse-le-plan-americain-sur-la-guerre-avec-la-russie","status":"publish","type":"post","link":"https:\/\/www.europesays.com\/fr\/550311\/","title":{"rendered":"Zelensky repousse le plan am\u00e9ricain sur la guerre avec la Russie"},"content":{"rendered":"<p>Le pr\u00e9sident ukrainien, <a href=\"https:\/\/www.ledevoir.com\/volodymyr-zelensky\" rel=\"nofollow noopener\" target=\"_blank\">Volodymyr Zelensky<\/a>, a repouss\u00e9 vendredi le plan am\u00e9ricain visant \u00e0 mettre fin \u00e0 pr\u00e8s de quatre ans d\u2019<a href=\"https:\/\/www.ledevoir.com\/conflit-ukraine\" rel=\"nofollow noopener\" target=\"_blank\">invasion russe<\/a>, salu\u00e9 au contraire par son homologue russe, <a href=\"https:\/\/www.ledevoir.com\/vladimir-poutine\" rel=\"nofollow noopener\" target=\"_blank\">Vladimir Poutine<\/a>, qui a menac\u00e9 de poursuivre les conqu\u00eates en cas de refus.<\/p>\n<p><a href=\"https:\/\/www.ledevoir.com\/donald-trump\" rel=\"nofollow noopener\" target=\"_blank\">Donald Trump<\/a> a estim\u00e9 que le 27\u00a0novembre, jour de la f\u00eate de Thanksgiving, \u00e9tait une date butoir \u00ab\u00a0ad\u00e9quate\u00a0\u00bb pour recevoir une r\u00e9ponse sur ce texte de 28 points, <a href=\"https:\/\/www.ledevoir.com\/monde\/europe\/935379\/quelle-est-proposition-americaine-mettre-fin-guerre-ukraine-russie?\" target=\"_blank\" rel=\"nofollow noopener\">qui reprend plusieurs exigences russes<\/a> et qui est donc per\u00e7u par beaucoup \u00e0 Kiev comme une forme de capitulation.<\/p>\n<p>\u00ab\u00a0Il faudra bien que cela lui plaise, et si cela ne lui pla\u00eet pas, alors, vous savez, ils n\u2019auront qu\u2019\u00e0 continuer \u00e0 se battre\u00a0\u00bb, a dit le pr\u00e9sident am\u00e9ricain, interrog\u00e9 sur le rejet de son projet par le pr\u00e9sident ukrainien, Volodymyr Zelensky.<\/p>\n<p>Pendant un \u00e9change avec la presse dans le Bureau ovale, alors qu\u2019il recevait le futur maire de New York, Zohran Mamdani, Donald Trump a aussi rappel\u00e9 comment il avait tr\u00e8s s\u00e8chement lanc\u00e9 \u00e0 son homologue ukrainien qu\u2019il n\u2019avait \u00ab\u00a0pas les cartes en main\u00a0\u00bb, pendant une rencontre en f\u00e9vrier.<\/p>\n<p>\u00ab\u00a0L\u2019Ukraine pourrait \u00eatre confront\u00e9e \u00e0 un choix tr\u00e8s difficile\u00a0: la perte de dignit\u00e9 ou le risque de perdre un partenaire cl\u00e9\u00a0\u00bb, les \u00c9tats-Unis, a d\u00e9clar\u00e9 de son c\u00f4t\u00e9 M.\u00a0Zelensky dans une adresse vid\u00e9o \u00e0 la nation, estimant que le pays traverse \u00ab\u00a0l\u2019un des moments les plus difficiles de [son] histoire\u00a0\u00bb.<\/p>\n<p>\u00c0 Moscou, Vladimir Poutine a quant \u00e0 lui jug\u00e9 que le plan am\u00e9ricain pouvait \u00ab\u00a0servir de base \u00e0 un r\u00e8glement pacifique d\u00e9finitif\u00a0\u00bb du conflit lanc\u00e9 en 2022. Il s\u2019est dit pr\u00eat \u00e0 une \u00ab\u00a0discussion approfondie de tous les d\u00e9tails\u00a0\u00bb du texte \u00e9labor\u00e9 par Washington.<\/p>\n<p>En cas de refus ukrainien, \u00ab\u00a0les \u00e9v\u00e9nements qui se sont produits \u00e0 Koupiansk se reproduiront in\u00e9vitablement sur d\u2019autres secteurs cl\u00e9s du front\u00a0\u00bb, a-t-il menac\u00e9, en r\u00e9f\u00e9rence \u00e0 une ville de l\u2019est de l\u2019Ukraine dont la capture a \u00e9t\u00e9 revendiqu\u00e9e par son arm\u00e9e jeudi.<\/p>\n<p>\u00ab\u00a0Paix digne\u00a0\u00bb<\/p>\n<p>Des m\u00e9dias dont l\u2019AFP ont publi\u00e9 ces propositions de 28 points soutenues par le pr\u00e9sident am\u00e9ricain, Donald Trump, et qu<a href=\"https:\/\/www.ledevoir.com\/monde\/europe\/935001\/20-morts-frappe-russe-avant-nouveaux-efforts-diplomatiques\" target=\"_blank\" rel=\"nofollow noopener\">i demandent que Kiev c\u00e8de des territoires \u00e0 la Russie<\/a>, renonce \u00e0 int\u00e9grer l\u2019<a href=\"https:\/\/www.ledevoir.com\/otan\" rel=\"nofollow noopener\" target=\"_blank\">OTAN<\/a>, r\u00e9duise ses forces arm\u00e9es et organise des \u00e9lections dans la foul\u00e9e.<\/p>\n<p>Les propositions am\u00e9ricaines augurent \u00ab\u00a0une vie sans libert\u00e9, sans dignit\u00e9, sans justice\u00a0\u00bb, a rench\u00e9ri M.\u00a0Zelensky. \u00ab\u00a0Je pr\u00e9senterai des arguments, je persuaderai, je proposerai des alternatives\u00a0\u00bb, a-t-il encore dit, ajoutant\u00a0: \u00ab\u00a0Je ne trahirai jamais [\u2026] mon serment de fid\u00e9lit\u00e9 \u00e0 l\u2019Ukraine\u00a0\u00bb.<\/p>\n<p>Dans la foul\u00e9e, M.\u00a0Zelensky s\u2019est entretenu avec le vice-pr\u00e9sident am\u00e9ricain, J.D.\u00a0Vance, sur ce plan, assurant qu\u2019il \u00ab\u00a0continue de respecter\u00a0\u00bb la volont\u00e9 de Donald Trump de mettre fin \u00e0 la guerre.<\/p>\n<p>Le pr\u00e9sident ukrainien s\u2019est \u00e9galement concert\u00e9 d\u2019urgence avec les dirigeants fran\u00e7ais, allemand et britannique, ses alli\u00e9s en Europe.<\/p>\n<p>\u00ab\u00a0Nous travaillons sur le document pr\u00e9par\u00e9 par la partie am\u00e9ricaine\u00a0\u00bb pour \u00ab\u00a0assurer une paix r\u00e9elle et digne\u00a0\u00bb pour l\u2019Ukraine, a-t-il d\u00e9clar\u00e9 sur X \u00e0 l\u2019issue de l\u2019entretien t\u00e9l\u00e9phonique avec <a href=\"https:\/\/www.ledevoir.com\/emmanuel-macron\" rel=\"nofollow noopener\" target=\"_blank\">Emmanuel Macron<\/a>, Keir Starmer et Friedrich Merz.<\/p>\n<p>Ces derniers ont appel\u00e9 \u00e0 trouver une solution au conflit en Ukraine impliquant \u00ab\u00a0pleinement\u00a0\u00bb Kiev, et assur\u00e9 que toute d\u00e9cision n\u00e9cessitait le \u00ab\u00a0soutien conjoint et le consensus\u00a0\u00bb des Europ\u00e9ens et de l\u2019OTAN, a indiqu\u00e9 l\u2019\u00c9lys\u00e9e dans un communiqu\u00e9.<\/p>\n<p>\u00ab\u00a0Rien ne doit \u00eatre d\u00e9cid\u00e9 sur l\u2019Ukraine sans l\u2019Ukraine\u00a0\u00bb, a martel\u00e9 la pr\u00e9sidente de la Commission europ\u00e9enne, Ursula von der Leyen, apr\u00e8s un appel avec M.\u00a0Zelensky.<\/p>\n<p>Le secr\u00e9taire g\u00e9n\u00e9ral de l\u2019ONU, Ant\u00f3nio Guterres, a lui estim\u00e9 que toute \u00ab\u00a0solution de paix\u00a0\u00bb pour l\u2019Ukraine devrait respecter son \u00ab\u00a0int\u00e9grit\u00e9 territoriale\u00a0\u00bb, \u00e0 la veille d\u2019une r\u00e9union du G20 \u00e0 Johannesburg.<\/p>\n<p>Territoires perdus et arm\u00e9e r\u00e9duite<\/p>\n<p>Un responsable am\u00e9ricain a d\u00e9clar\u00e9 jeudi que le plan propos\u00e9 pour l\u2019Ukraine comprenait des garanties de s\u00e9curit\u00e9 de la part de Washington et de ses alli\u00e9s europ\u00e9ens \u00e9quivalentes \u00e0 celles de l\u2019OTAN en cas de future attaque, confirmant des informations de presse.<\/p>\n<p>Selon ce texte, vu par l\u2019AFP, Kiev devrait s\u2019engager \u00e0 ne jamais rejoindre l\u2019OTAN et n\u2019obtiendrait pas de d\u00e9ploiement de forces occidentales sur son sol, m\u00eame si le plan pr\u00e9voit des avions de combat europ\u00e9ens en Pologne pour prot\u00e9ger le pays.<\/p>\n<p>Il reprend plusieurs demandes formul\u00e9es par le Kremlin de longue date et rejet\u00e9es par Kiev auparavant, pr\u00e9voyant notamment que l\u2019Ukraine c\u00e8de l\u2019est du pays \u00e0 Moscou et accepte l\u2019occupation d\u2019une partie du sud de son territoire.<\/p>\n<p>Les deux r\u00e9gions du bassin minier et industriel du Donbass, Donetsk et Lougansk (est), ainsi que la Crim\u00e9e annex\u00e9e en 2014, seraient \u00ab\u00a0reconnues de facto comme russes, y compris par les \u00c9tats-Unis\u00a0\u00bb, et Moscou recevrait d\u2019autres territoires ukrainiens qui sont encore aujourd\u2019hui sous le contr\u00f4le de Kiev.<\/p>\n<p>La Russie verrait \u00e9galement son isolement \u00e0 l\u2019\u00e9gard du monde occidental prendre fin avec sa r\u00e9int\u00e9gration au G8 et la lev\u00e9e progressive des sanctions, ainsi que son souhait d\u2019\u00e9loigner \u00e0 jamais Kiev de l\u2019Alliance atlantique ent\u00e9rin\u00e9 dans la Constitution ukrainienne.<\/p>\n<p>Kiev devrait limiter son arm\u00e9e \u00e0 600\u00a0000 militaires et se contenter d\u2019une protection par des avions de combats europ\u00e9ens bas\u00e9s en Pologne, tandis que l\u2019OTAN s\u2019engagerait \u00e0 ne pas stationner de troupes en Ukraine.<\/p>\n<p>\u00c0 Kiev, le mot \u00ab\u00a0capitulation\u00a0\u00bb \u00e9tait vendredi dans toutes les bouches.<\/p>\n<p>\u00ab\u00a0J\u2019esp\u00e8re vraiment que la partie ukrainienne refusera de mettre en \u0153uvre un tel accord\u00a0\u00bb, a d\u00e9clar\u00e9 \u00e0 l\u2019AFP Danylo Domsky, un \u00e9tudiant de 18\u00a0ans.<\/p>\n","protected":false},"excerpt":{"rendered":"Le pr\u00e9sident ukrainien, Volodymyr Zelensky, a repouss\u00e9 vendredi le plan am\u00e9ricain visant \u00e0 mettre fin \u00e0 pr\u00e8s de&hellip;\n","protected":false},"author":2,"featured_media":550312,"comment_status":"","ping_status":"","sticky":false,"template":"","format":"standard","meta":{"footnotes":""},"categories":[1591],"tags":[11,1887,12,1885,1886,132],"class_list":{"0":"post-550311","1":"post","2":"type-post","3":"status-publish","4":"format-standard","5":"has-post-thumbnail","7":"category-russie","8":"tag-actualites","9":"tag-federation-de-russie","10":"tag-news","11":"tag-russia","12":"tag-russian-federation","13":"tag-russie"},"share_on_mastodon":{"url":"https:\/\/pubeurope.com\/@fr\/115590821588405522","error":""},"_links":{"self":[{"href":"https:\/\/www.europesays.com\/fr\/wp-json\/wp\/v2\/posts\/550311","targetHints":{"allow":["GET"]}}],"collection":[{"href":"https:\/\/www.europesays.com\/fr\/wp-json\/wp\/v2\/posts"}],"about":[{"href":"https:\/\/www.europesays.com\/fr\/wp-json\/wp\/v2\/types\/post"}],"author":[{"embeddable":true,"href":"https:\/\/www.europesays.com\/fr\/wp-json\/wp\/v2\/users\/2"}],"replies":[{"embeddable":true,"href":"https:\/\/www.europesays.com\/fr\/wp-json\/wp\/v2\/comments?post=550311"}],"version-history":[{"count":0,"href":"https:\/\/www.europesays.com\/fr\/wp-json\/wp\/v2\/posts\/550311\/revisions"}],"wp:featuredmedia":[{"embeddable":true,"href":"https:\/\/www.europesays.com\/fr\/wp-json\/wp\/v2\/media\/550312"}],"wp:attachment":[{"href":"https:\/\/www.europesays.com\/fr\/wp-json\/wp\/v2\/media?parent=550311"}],"wp:term":[{"taxonomy":"category","embeddable":true,"href":"https:\/\/www.europesays.com\/fr\/wp-json\/wp\/v2\/categories?post=550311"},{"taxonomy":"post_tag","embeddable":true,"href":"https:\/\/www.europesays.com\/fr\/wp-json\/wp\/v2\/tags?post=550311"}],"curies":[{"name":"wp","href":"https:\/\/api.w.org\/{rel}","templated":true}]}}