{"id":550315,"date":"2025-11-22T01:46:32","date_gmt":"2025-11-22T01:46:32","guid":{"rendered":"https:\/\/www.europesays.com\/fr\/550315\/"},"modified":"2025-11-22T01:46:32","modified_gmt":"2025-11-22T01:46:32","slug":"usa-indice-cle-dinflation-cpi-en-octobre-annule-en-raison-du-shutdowm","status":"publish","type":"post","link":"https:\/\/www.europesays.com\/fr\/550315\/","title":{"rendered":"USA: indice cl\u00e9 d\u2019inflation (CPI) en octobre annul\u00e9 en raison du shutdowm"},"content":{"rendered":"<p>\n    \u00abLe service statistiques du minist\u00e8re du Travail ne peut pas collecter les donn\u00e9es de mani\u00e8re r\u00e9troactive\u00bb, explique l\u2019administration am\u00e9ricaine.\n  <\/p>\n<p>Une mesure phare d\u2019inflation aux Etats-Unis, l\u2019indice des prix \u00e0 la consommation (CPI) d\u2019octobre, ne sera jamais publi\u00e9e en raison de la longue paralysie budg\u00e9taire qu\u2019a connue le pays, a annonc\u00e9 vendredi un service statistiques officiel. Ce sera un nouveau manque impossible \u00e0 combler pour jauger de l\u2019\u00e9tat de l\u2019\u00e9conomie am\u00e9ricaine.<\/p>\n<p>Pendant le shutdown le plus long de l\u2019histoire (du 1er octobre au 12 novembre), les fonctionnaires du service statistiques du minist\u00e8re du Travail (BLS) n\u2019ont pas \u00e9t\u00e9 autoris\u00e9s \u00e0 travailler et donc \u00e0 collecter les prix d\u2019un large panier de biens et services.<\/p>\n<p>La publication de l\u2019indice CPI du mois d\u2019octobre a donc \u00e9t\u00e9 annul\u00e9e. Le BLS avait annonc\u00e9 plus t\u00f4t cette semaine qu\u2019il ne pourrait pas non plus calculer le taux de ch\u00f4mage sur cette p\u00e9riode.<\/p>\n<p>\u00abLe BLS ne peut pas collecter les donn\u00e9es de mani\u00e8re r\u00e9troactive\u00bb, explique l\u2019administration sur son site internet.<\/p>\n<p>Le service a aussi d\u00fb reporter la publication des donn\u00e9es CPI pour le mois de novembre, qui n\u2019interviendra que le 18 d\u00e9cembre, soit apr\u00e8s la prochaine r\u00e9union de la R\u00e9serve f\u00e9d\u00e9rale am\u00e9ricaine (Fed).<\/p>\n<p>Ces \u00e9l\u00e9ments vont donc manquer aux participants du Comit\u00e9 mon\u00e9taire (FOMC) pour \u00e9valuer l\u2019inflation, alors qu\u2019ils sont charg\u00e9s de fixer les taux d\u2019int\u00e9r\u00eat de mani\u00e8re \u00e0 assurer une certaine stabilit\u00e9 des prix, l\u2019objectif \u00e9tant une inflation de 2%.<\/p>\n<p>Le dernier indice CPI disponible, concernant le mois de septembre, s\u2019affichait \u00e0 3% contre 2,3% en avril.<\/p>\n<p>La banque centrale des Etats-Unis privil\u00e9gie un autre indice d\u2019inflation, le PCE. Le dernier mois connu remonte \u00e0 ao\u00fbt, quand il \u00e9tait \u00e0 2,7%.<\/p>\n<p>Le service statistiques qui le calcule (BEA) n\u2019a pas encore donn\u00e9 de nouvelle date de publication pour septembre. Le sort du rapport d\u2019octobre restait incertain vendredi en milieu de journ\u00e9e, le site internet du BEA affichant \u00ab\u00e0 reprogrammer\u00bb.<\/p>\n","protected":false},"excerpt":{"rendered":"\u00abLe service statistiques du minist\u00e8re du Travail ne peut pas collecter les donn\u00e9es de mani\u00e8re r\u00e9troactive\u00bb, explique l\u2019administration&hellip;\n","protected":false},"author":2,"featured_media":550316,"comment_status":"","ping_status":"","sticky":false,"template":"","format":"standard","meta":{"footnotes":""},"categories":[1589],"tags":[11,73,1866,12,1864,1865,1863,308],"class_list":{"0":"post-550315","1":"post","2":"type-post","3":"status-publish","4":"format-standard","5":"has-post-thumbnail","7":"category-etats-unis","8":"tag-actualites","9":"tag-etats-unis","10":"tag-etats-unis-damerique","11":"tag-news","12":"tag-united-states","13":"tag-united-states-of-america","14":"tag-us","15":"tag-usa"},"share_on_mastodon":{"url":"https:\/\/pubeurope.com\/@fr\/115590829402091549","error":""},"_links":{"self":[{"href":"https:\/\/www.europesays.com\/fr\/wp-json\/wp\/v2\/posts\/550315","targetHints":{"allow":["GET"]}}],"collection":[{"href":"https:\/\/www.europesays.com\/fr\/wp-json\/wp\/v2\/posts"}],"about":[{"href":"https:\/\/www.europesays.com\/fr\/wp-json\/wp\/v2\/types\/post"}],"author":[{"embeddable":true,"href":"https:\/\/www.europesays.com\/fr\/wp-json\/wp\/v2\/users\/2"}],"replies":[{"embeddable":true,"href":"https:\/\/www.europesays.com\/fr\/wp-json\/wp\/v2\/comments?post=550315"}],"version-history":[{"count":0,"href":"https:\/\/www.europesays.com\/fr\/wp-json\/wp\/v2\/posts\/550315\/revisions"}],"wp:featuredmedia":[{"embeddable":true,"href":"https:\/\/www.europesays.com\/fr\/wp-json\/wp\/v2\/media\/550316"}],"wp:attachment":[{"href":"https:\/\/www.europesays.com\/fr\/wp-json\/wp\/v2\/media?parent=550315"}],"wp:term":[{"taxonomy":"category","embeddable":true,"href":"https:\/\/www.europesays.com\/fr\/wp-json\/wp\/v2\/categories?post=550315"},{"taxonomy":"post_tag","embeddable":true,"href":"https:\/\/www.europesays.com\/fr\/wp-json\/wp\/v2\/tags?post=550315"}],"curies":[{"name":"wp","href":"https:\/\/api.w.org\/{rel}","templated":true}]}}