{"id":550317,"date":"2025-11-22T01:47:20","date_gmt":"2025-11-22T01:47:20","guid":{"rendered":"https:\/\/www.europesays.com\/fr\/550317\/"},"modified":"2025-11-22T01:47:20","modified_gmt":"2025-11-22T01:47:20","slug":"le-royaume-uni-reclame-larret-immediat-des-executions-en-iran-lors-de-la-troisieme-commission-de-lonu","status":"publish","type":"post","link":"https:\/\/www.europesays.com\/fr\/550317\/","title":{"rendered":"Le Royaume-Uni r\u00e9clame l\u2019arr\u00eat imm\u00e9diat des ex\u00e9cutions en Iran lors de la Troisi\u00e8me Commission de l\u2019ONU"},"content":{"rendered":"<p>\t\t\t\t\t\t\t\tCSDHI \u2013 Le Royaume-Uni d\u00e9nonce l\u2019intensification de la r\u00e9pression iranienne et des ex\u00e9cutions devant la commission des droits humains de l\u2019ONU<\/p>\n<p data-start=\"597\" data-end=\"1184\">Lors d\u2019une s\u00e9ance de la Troisi\u00e8me Commission de l\u2019Assembl\u00e9e g\u00e9n\u00e9rale de l\u2019ONU consacr\u00e9e \u00e0 la situation en Iran, le Royaume-Uni a fermement d\u00e9nonc\u00e9 les violations des droits humains commises par T\u00e9h\u00e9ran, appelant le r\u00e9gime \u00e0 instaurer imm\u00e9diatement un moratoire sur les ex\u00e9cutions.<\/p>\n<p><a href=\"http:\/\/bit.ly\/jnewsio\" aria-label=\"Visit advertisement link\" target=\"_blank\" rel=\"nofollow noopener\" class=\"adlink ads_image align-right\"><br \/>\n                                    <img decoding=\"async\" class=\"lazyload\" src=\"https:\/\/6ed9aba154.nxcli.io\/wp-content\/uploads\/2021\/09\/ad_300x250.jpg\" alt=\"\" data-pin-no-hover=\"true\"\/><br \/>\n                                <\/a><\/p>\n<p data-start=\"597\" data-end=\"1184\">Dans une d\u00e9claration pr\u00e9sent\u00e9e par Andrew Sigley, Premier secr\u00e9taire aux droits humains, Londres a soulign\u00e9 un constat alarmant : les autorit\u00e9s iraniennes continuent d\u2019utiliser la peine capitale comme instrument de contr\u00f4le politique, destin\u00e9 \u00e0 semer la peur et \u00e0 r\u00e9duire au silence les voix dissidentes.<\/p>\n<p data-start=\"1186\" data-end=\"1673\">Selon la d\u00e9claration britannique, les pratiques d\u2019ex\u00e9cution en Iran demeurent syst\u00e9matiquement discriminatoires, les minorit\u00e9s ethniques \u00e9tant fortement surrepr\u00e9sent\u00e9es parmi les condamn\u00e9s. Rien que l\u2019an dernier, le douzi\u00e8me manifestant li\u00e9 au soul\u00e8vement \u00ab Femme, Vie, Libert\u00e9 \u00bb a \u00e9t\u00e9 ex\u00e9cut\u00e9, tandis que de nombreux autres protestataires, militants et d\u00e9fenseurs des droits humains font face \u00e0 des condamnations \u00e0 mort sur la base de chefs d\u2019accusation vagues ou politiquement motiv\u00e9s.<\/p>\n<p>Femmes et filles sous surveillance accrue et victimes de discriminations juridiques<\/p>\n<p data-start=\"1764\" data-end=\"2219\">Le Royaume-Uni a \u00e9galement exprim\u00e9 de vives pr\u00e9occupations face \u00e0 la d\u00e9gradation continue de la situation des femmes et des filles en Iran. Comme le souligne la d\u00e9claration, les autorit\u00e9s ont renforc\u00e9 les syst\u00e8mes de surveillance destin\u00e9s \u00e0 contr\u00f4ler les femmes et les jeunes filles, en ligne comme dans l\u2019espace public, dans le cadre d\u2019une campagne \u00e9largie visant \u00e0 imposer le port obligatoire du voile et \u00e0 r\u00e9primer les militantes des droits des femmes.<\/p>\n<p data-start=\"2221\" data-end=\"2603\">En d\u00e9pit des appels r\u00e9p\u00e9t\u00e9s de la soci\u00e9t\u00e9 civile, T\u00e9h\u00e9ran refuse toujours de criminaliser les violences sexuelles et fond\u00e9es sur le genre, ou de cr\u00e9er des m\u00e9canismes permettant aux femmes d\u2019acc\u00e9der v\u00e9ritablement \u00e0 la justice. Ce refus persistant illustre la discrimination syst\u00e9mique du r\u00e9gime et sa volont\u00e9 de subordonner les droits des femmes \u00e0 son appareil de contr\u00f4le politique.<\/p>\n<p>Pers\u00e9cution croissante des minorit\u00e9s religieuses<\/p>\n<p data-start=\"2659\" data-end=\"3063\">Londres a aussi mis en lumi\u00e8re la d\u00e9t\u00e9rioration de la libert\u00e9 de religion ou de conviction en Iran, notamment durant et apr\u00e8s le r\u00e9cent conflit de douze jours. Les m\u00e9dias contr\u00f4l\u00e9s ou li\u00e9s \u00e0 l\u2019\u00c9tat ont intensifi\u00e9 les campagnes d\u2019incitation \u00e0 la haine et de stigmatisation contre les minorit\u00e9s religieuses \u2014 en particulier les communaut\u00e9s baha\u2019ies et chr\u00e9tiennes \u2014 aggravant une pers\u00e9cution d\u00e9j\u00e0 ancienne.<\/p>\n<p data-start=\"3065\" data-end=\"3312\">Soumises \u00e0 la surveillance, aux arrestations arbitraires et \u00e0 une discrimination g\u00e9n\u00e9ralis\u00e9e, ces communaut\u00e9s sont aujourd\u2019hui encore plus vuln\u00e9rables face \u00e0 la mont\u00e9e de la pression id\u00e9ologique et de l\u2019hostilit\u00e9 sociale encourag\u00e9es par le r\u00e9gime.<\/p>\n<p>L\u2019expansion de la r\u00e9pression transnationale de l\u2019Iran<\/p>\n<p data-start=\"3373\" data-end=\"3826\">Le Royaume-Uni a par ailleurs d\u00e9nonc\u00e9 le d\u00e9veloppement d\u2019une strat\u00e9gie iranienne de r\u00e9pression transnationale. Le r\u00e9gime continue de viser journalistes, militants, dissidents et membres de la soci\u00e9t\u00e9 civile vivant \u00e0 l\u2019\u00e9tranger, cherchant \u00e0 museler ceux qui exposent ses violations des droits humains. Cette campagne comprend des actes d\u2019intimidation, de surveillance, de harc\u00e8lement et des tentatives d\u2019influence exerc\u00e9es sur les communaut\u00e9s expatri\u00e9es.<\/p>\n<p data-start=\"3828\" data-end=\"4043\">Londres a r\u00e9affirm\u00e9 sa d\u00e9termination \u00e0 travailler avec ses partenaires internationaux pour contrer cette r\u00e9pression au-del\u00e0 des fronti\u00e8res et tenir le r\u00e9gime responsable de ces violations des normes internationales.<\/p>\n<p>Un appel \u00e0 une responsabilit\u00e9 internationale renforc\u00e9e<\/p>\n<p data-start=\"4105\" data-end=\"4453\">En r\u00e9clamant un moratoire sur les ex\u00e9cutions et en mettant en lumi\u00e8re des abus syst\u00e9miques \u2014 de la discrimination de genre aux attaques contre les minorit\u00e9s religieuses et la soci\u00e9t\u00e9 civile \u2014 le Royaume-Uni s\u2019inscrit dans une dynamique de consensus international : la crise des droits humains en Iran s\u2019aggrave, et des actions d\u00e9cisives s\u2019imposent.<\/p>\n<p data-start=\"4455\" data-end=\"4703\">Cette d\u00e9claration rappelle que les violations commises par T\u00e9h\u00e9ran ne sont pas des incidents isol\u00e9s, mais les \u00e9l\u00e9ments d\u2019une strat\u00e9gie d\u00e9lib\u00e9r\u00e9e visant \u00e0 maintenir son pouvoir par la peur, la coercition et la suppression des libert\u00e9s fondamentales.<\/p>\n","protected":false},"excerpt":{"rendered":"CSDHI \u2013 Le Royaume-Uni d\u00e9nonce l\u2019intensification de la r\u00e9pression iranienne et des ex\u00e9cutions devant la commission des droits&hellip;\n","protected":false},"author":2,"featured_media":550318,"comment_status":"","ping_status":"","sticky":false,"template":"","format":"standard","meta":{"footnotes":""},"categories":[1588],"tags":[11,1777,674,60856,12,473,1853,1851,1850,1852],"class_list":{"0":"post-550317","1":"post","2":"type-post","3":"status-publish","4":"format-standard","5":"has-post-thumbnail","7":"category-royaume-uni","8":"tag-actualites","9":"tag-eu","10":"tag-europe","11":"tag-executions","12":"tag-news","13":"tag-royaume-uni","14":"tag-royaume-uni-de-grande-bretagne-et-dirlande-du-nord","15":"tag-uk","16":"tag-united-kingdom","17":"tag-united-kingdom-of-great-britain-and-northern-ireland"},"share_on_mastodon":{"url":"https:\/\/pubeurope.com\/@fr\/115590834208331274","error":""},"_links":{"self":[{"href":"https:\/\/www.europesays.com\/fr\/wp-json\/wp\/v2\/posts\/550317","targetHints":{"allow":["GET"]}}],"collection":[{"href":"https:\/\/www.europesays.com\/fr\/wp-json\/wp\/v2\/posts"}],"about":[{"href":"https:\/\/www.europesays.com\/fr\/wp-json\/wp\/v2\/types\/post"}],"author":[{"embeddable":true,"href":"https:\/\/www.europesays.com\/fr\/wp-json\/wp\/v2\/users\/2"}],"replies":[{"embeddable":true,"href":"https:\/\/www.europesays.com\/fr\/wp-json\/wp\/v2\/comments?post=550317"}],"version-history":[{"count":0,"href":"https:\/\/www.europesays.com\/fr\/wp-json\/wp\/v2\/posts\/550317\/revisions"}],"wp:featuredmedia":[{"embeddable":true,"href":"https:\/\/www.europesays.com\/fr\/wp-json\/wp\/v2\/media\/550318"}],"wp:attachment":[{"href":"https:\/\/www.europesays.com\/fr\/wp-json\/wp\/v2\/media?parent=550317"}],"wp:term":[{"taxonomy":"category","embeddable":true,"href":"https:\/\/www.europesays.com\/fr\/wp-json\/wp\/v2\/categories?post=550317"},{"taxonomy":"post_tag","embeddable":true,"href":"https:\/\/www.europesays.com\/fr\/wp-json\/wp\/v2\/tags?post=550317"}],"curies":[{"name":"wp","href":"https:\/\/api.w.org\/{rel}","templated":true}]}}