{"id":550319,"date":"2025-11-22T01:48:19","date_gmt":"2025-11-22T01:48:19","guid":{"rendered":"https:\/\/www.europesays.com\/fr\/550319\/"},"modified":"2025-11-22T01:48:19","modified_gmt":"2025-11-22T01:48:19","slug":"lallemagne-ouvre-ses-portes-aux-anes-de-gaza-mais-pas-aux-gazaouis","status":"publish","type":"post","link":"https:\/\/www.europesays.com\/fr\/550319\/","title":{"rendered":"L\u2019Allemagne ouvre ses portes aux \u00e2nes de Gaza\u2026 mais pas aux Gazaouis"},"content":{"rendered":"<p>\u00ab Des \u00e2nes sauv\u00e9s de Gaza trouvent un foyer \u00e0 Oppenheim \u00bb, titrait la semaine derni\u00e8re le quotidien allemand Allgemeine Zeitung. L\u2019information a des allures de mauvaise blague surtout lorsque l\u2019on sait que \u00ab depuis octobre 2023, quasiment aucun ressortissant de Gaza n\u2019a \u00e9t\u00e9 admis en Allemagne \u00bb. Le journaliste L\u00e9on Wystrychowski revient sur cette affaire sinistre, qui rev\u00eat pour les Palestiniens un sort bien plus dramatique qu\u2019il n\u2019y para\u00eet.<\/p>\n<p>Pour beaucoup, <a href=\"https:\/\/www.middleeastmonitor.com\/20251118-germanys-decision-to-take-in-donkeys-from-gaza-for-treatment-but-not-children-has-sparked-outrage\/\" target=\"_blank\" rel=\"noopener\">l\u2019histoire<\/a> des quatre \u00e2nes\u00a0\u00ab\u00a0sauv\u00e9s\u00a0\u00bb\u00a0de Gaza est une preuve suppl\u00e9mentaire du cynisme inhumain des autorit\u00e9s allemandes.\u00a0Depuis octobre 2023, quasiment aucun ressortissant de Gaza n\u2019a \u00e9t\u00e9 admis en Allemagne.\u00a0Berlin n\u2019a pas fait du sauvetage des citoyens palestiniens d\u00e9tenteurs de passeports allemands une priorit\u00e9, malgr\u00e9 l\u2019obligation affich\u00e9e du minist\u00e8re des Affaires \u00e9trang\u00e8res d\u2019\u00e9vacuer ses ressortissants des zones de guerre et de crise.<\/p>\n<p>Parall\u00e8lement, l\u2019Allemagne a m\u00eame accord\u00e9 la citoyennet\u00e9 \u00e0 des Isra\u00e9liens faits prisonniers lors des op\u00e9rations \u00e0 Gaza apr\u00e8s octobre 2023, plaidant activement pour leur lib\u00e9ration en tant qu\u2019\u00ab\u00a0otages allemands\u00a0\u00bb.\u00a0Sur\u00a0Instagram,\u00a0la section commentaires de la publication a rapidement \u00e9t\u00e9 d\u00e9sactiv\u00e9e en raison de\u00a0\u00ab\u00a0nombreux commentaires inappropri\u00e9s et haineux\u00a0\u00bb, probablement des critiques \u00e0 l\u2019encontre de la d\u00e9cision de l\u2019Allemagne d\u2019accueillir quatre \u00e2nes.<\/p>\n<p><img fetchpriority=\"high\" decoding=\"async\" width=\"561\" height=\"409\" src=\"https:\/\/www.europesays.com\/fr\/wp-content\/uploads\/2025\/11\/leon.jpg\" alt=\"\" class=\"wp-image-41573\" style=\"width:495px;height:auto\"  \/>Le journaliste, L\u00e9on Wystrychowski<\/p>\n<p><strong>Compassion pour les animaux, suspicion pour les Palestiniens<\/strong><\/p>\n<p>Alors que plusieurs pays occidentaux, comme l\u2019Espagne d\u00e8s l\u2019\u00e9t\u00e9 2024, ont accueilli ces derniers mois des groupes d\u2019enfants bless\u00e9s ou malades de Gaza pour y recevoir des soins m\u00e9dicaux, l\u2019Allemagne est rest\u00e9e quasiment inactive.\u00a0Seuls deux enfants de Gaza auraient \u00e9t\u00e9 soign\u00e9s en Allemagne en plus de deux ans.\u00a0Plusieurs villes allemandes s\u2019\u00e9taient propos\u00e9es pour accueillir un plus grand nombre de mineurs gazaouis et se disaient pr\u00eates \u00e0 le faire, mais le gouvernement f\u00e9d\u00e9ral a bloqu\u00e9 ces projets, invoquant la situation \u00ab\u00a0tr\u00e8s impr\u00e9visible\u00a0\u00bb \u00e0 Gaza, m\u00eame apr\u00e8s le cessez-le-feu officiel.\u00a0<\/p>\n<p>Le minist\u00e8re des Affaires \u00e9trang\u00e8res et le minist\u00e8re de l\u2019Int\u00e9rieur ont \u00e9galement \u00e9voqu\u00e9 des \u00ab\u00a0proc\u00e9dures complexes\u00a0\u00bb et la n\u00e9cessit\u00e9 de v\u00e9rifier les ant\u00e9c\u00e9dents des membres de la famille accompagnateurs.\u00a0M\u00eame\u00a0l\u2019article\u00a0de l\u2019Allgemeine Zeitung\u00a0illustre le grotesque double standard du discours allemand sur Gaza. Il commence par la phrase\u00a0: \u00ab\u00a0Ils ont endur\u00e9 la faim et la mis\u00e8re, les coups et le labeur.\u00a0\u00bb\u00a0<\/p>\n<p>Outre le fait que cette formulation laisse entendre que les Gazaouis ne sont pas seulement de potentiels \u00ab\u00a0terroristes du Hamas\u00a0\u00bb et \u00ab\u00a0antis\u00e9mites\u00a0\u00bb, mais aussi des personnes maltraitant les animaux, elle ignore la torture syst\u00e9matique inflig\u00e9e aux Palestiniens par l\u2019arm\u00e9e isra\u00e9lienne, document\u00e9e dans de r\u00e9cents rapports du Centre palestinien pour les droits de l\u2019homme (PCHR)\u00a0\u2013\u00a0quasiment absents des m\u00e9dias allemands.\u00a0\u00a0<\/p>\n<p><img loading=\"lazy\" decoding=\"async\" width=\"480\" height=\"593\" alt=\"\" class=\"wp-image-41574 perfmatters-lazy\" style=\"width:383px;height:auto\" src=\"https:\/\/www.europesays.com\/fr\/wp-content\/uploads\/2025\/11\/ane.jpg\"  data-\/><\/p>\n<p><strong>Isra\u00ebl r\u00e9cup\u00e8re les \u00e2nes de Gaza<\/strong><\/p>\n<p>L\u2019empathie manifest\u00e9e pour les \u00e2nes dans cet article d\u00e9passe de loin celle accord\u00e9e aux humains \u00e0 Gaza ces deux derni\u00e8res ann\u00e9es. Sans surprise, l\u2019article omet de mentionner qui est responsable de la faim des \u00e2nes \u2013 ni des privations de pr\u00e8s de deux millions de Palestiniens.\u00a0L\u2019article se f\u00e9licite que les \u00e2nes, \u00ab malgr\u00e9 tout ce qu\u2019ils ont endur\u00e9, soient remarquablement confiants \u00bb et \u00ab commencent m\u00eame \u00e0 s\u2019\u00e9panouir un peu \u00bb. <\/p>\n<p>Une attention comparable port\u00e9e \u00e0 l\u2019\u00e9tat psychologique de la population humaine de Gaza est pratiquement inexistante dans les m\u00e9dias allemands.\u00a0Il existe cependant une autre dimension, au-del\u00e0 du cynisme \u00e9vident\u00a0: l\u2019histoire de l\u2019arriv\u00e9e de ces \u00e2nes en Allemagne. \u00ab\u00a0Ces \u00e2nes ont \u00e9t\u00e9 abandonn\u00e9s, bless\u00e9s, maltrait\u00e9s ou condamn\u00e9s \u00e0 mourir\u00a0\u00bb, d\u00e9clare le zoo d\u2019Oppenheim.\u00a0Les animaux ont \u00e9t\u00e9 \u00ab\u00a0sauv\u00e9s\u00a0\u00bb par des organisations isra\u00e9liennes de protection animale, et plus pr\u00e9cis\u00e9ment par un groupe qui aurait \u00ab\u00a0sauv\u00e9 50 \u00e2nes de Gaza\u00a0\u00bb.\u00a0\u00a0<\/p>\n<p>L\u2019\u00e9t\u00e9 dernier d\u00e9j\u00e0, des m\u00e9dias ont rapport\u00e9 que l\u2019arm\u00e9e isra\u00e9lienne transportait des centaines d\u2019\u00e2nes de Gaza vers une ferme appel\u00e9e \u00ab\u00a0Sanctuaire du nouveau d\u00e9part\u00a0\u00bb. Les m\u00e9dias isra\u00e9liens ont qualifi\u00e9 cette op\u00e9ration de \u00ab\u00a0sauvetage d\u2019animaux\u00a0\u00bb. Selon l\u2019agence de presse belge, on comptait d\u00e9j\u00e0 dix transports de ce type d\u00e9but ao\u00fbt. L\u2019 \u00ab\u00a0organisation humanitaire\u00a0\u00bb isra\u00e9lienne se vante d\u2019avoir \u00ab\u00a0sauv\u00e9\u00a0\u00bb environ 600 \u00e2nes.\u00a0<\/p>\n<p><a href=\"https:\/\/librairiedelorient.fr\/fr\/gaza-album.html\" target=\"_blank\" rel=\"noopener\"><img loading=\"lazy\" decoding=\"async\" width=\"359\" height=\"494\" alt=\"\" class=\"wp-image-41577 perfmatters-lazy\" style=\"width:244px;height:auto\" src=\"https:\/\/www.europesays.com\/fr\/wp-content\/uploads\/2025\/11\/9782330200558-1.jpeg\"  data-\/><\/a><\/p>\n<p><strong>Le seul moyen de transport viable pour les Palestiniens<\/strong><\/p>\n<p>Depuis le g\u00e9nocide \u00e0 Gaza, les \u00e2nes sont devenus un moyen de transport essentiel. Face aux p\u00e9nuries de carburant et \u00e0 l\u2019\u00e9tat d\u00e9plorable des routes, ils transportent sans rel\u00e2che les bless\u00e9s et les malades vers les dispensaires, acheminent personnes et biens lors de leurs fuites ou pour leur retour chez eux, et distribuent eau, nourriture et fournitures indispensables.\u00a0\u00a0<\/p>\n<p>Loin d\u2019\u00eatre maltrait\u00e9s ou abandonn\u00e9s \u00e0 leur sort, les animaux malades et bless\u00e9s de Gaza sont soign\u00e9s et secourus.\u00a0Un\u00a0article\u00a0du Guardian,\u00a0paru en avril\u00a02025,\u00a0soulignait qu\u2019une seule \u00e9quipe m\u00e9dicale avait secouru plus de 7\u00a0000 \u00e2nes depuis octobre 2023.\u00a0Par ailleurs,\u00a0le journaliste Tarek\u00a0Ba\u00e9\u00a0indiquait sur X\u00a0que, selon l\u2019ONU, d\u00e8s ao\u00fbt 2024, 43\u00a0% du cheptel de Gaza avait p\u00e9ri dans les ravages du g\u00e9nocide men\u00e9e par Isra\u00ebl.\u00a0<\/p>\n<p>Vu sous cet angle, le \u00ab sauvetage \u00bb des \u00e2nes par des acteurs isra\u00e9liens s\u2019apparente davantage \u00e0 un vol ou \u00e0 un enl\u00e8vement. Il s\u2019inscrit dans la strat\u00e9gie permanente de Tsahal : priver les Palestiniens des moyens de production \u2013 notamment la terre et les oliviers \u2013 et de transport\u00a0est essentiel \u00e0 la mainmise du colonialisme de peuplement et au d\u00e9placement syst\u00e9matique des Palestiniens.\u00a0\u00a0<\/p>\n<p>Des justifications \u00e9cologiques sont utilis\u00e9es depuis longtemps pour masquer ce dessein ; les critiques parlent \u00e9galement de\u00a0\u00ab guerre environnementale \u00bb\u00a0: du reboisement par le Fonds national juif (JNF) \u00e0 la cr\u00e9ation de r\u00e9serves naturelles qui d\u00e9placent les Palestiniens et mettent des vies en danger, en passant par le pr\u00e9tendu \u00ab sauvetage \u00bb des \u00e2nes de Gaza.\u00a0\u00a0<\/p>\n<p><strong>L\u00e9on\u00a0Wystrychowski\u00a0<\/strong><\/p>\n<p>&#13;<br \/>\n\t\t\t\t Post Views: 110&#13;\n\t\t\t<\/p>\n","protected":false},"excerpt":{"rendered":"\u00ab Des \u00e2nes sauv\u00e9s de Gaza trouvent un foyer \u00e0 Oppenheim \u00bb, titrait la semaine derni\u00e8re le quotidien&hellip;\n","protected":false},"author":2,"featured_media":550320,"comment_status":"","ping_status":"","sticky":false,"template":"","format":"standard","meta":{"footnotes":""},"categories":[1587],"tags":[11,672,66788,1804,1805,1803,1777,674,1801,664,12,7621,1802],"class_list":{"0":"post-550319","1":"post","2":"type-post","3":"status-publish","4":"format-standard","5":"has-post-thumbnail","7":"category-allemagne","8":"tag-actualites","9":"tag-allemagne","10":"tag-anes","11":"tag-bundesrepublik-deutschland","12":"tag-de","13":"tag-deutschland","14":"tag-eu","15":"tag-europe","16":"tag-germany","17":"tag-israel","18":"tag-news","19":"tag-palestiniens","20":"tag-republique-federale-dallemagne"},"share_on_mastodon":{"url":"https:\/\/pubeurope.com\/@fr\/115590838304833232","error":""},"_links":{"self":[{"href":"https:\/\/www.europesays.com\/fr\/wp-json\/wp\/v2\/posts\/550319","targetHints":{"allow":["GET"]}}],"collection":[{"href":"https:\/\/www.europesays.com\/fr\/wp-json\/wp\/v2\/posts"}],"about":[{"href":"https:\/\/www.europesays.com\/fr\/wp-json\/wp\/v2\/types\/post"}],"author":[{"embeddable":true,"href":"https:\/\/www.europesays.com\/fr\/wp-json\/wp\/v2\/users\/2"}],"replies":[{"embeddable":true,"href":"https:\/\/www.europesays.com\/fr\/wp-json\/wp\/v2\/comments?post=550319"}],"version-history":[{"count":0,"href":"https:\/\/www.europesays.com\/fr\/wp-json\/wp\/v2\/posts\/550319\/revisions"}],"wp:featuredmedia":[{"embeddable":true,"href":"https:\/\/www.europesays.com\/fr\/wp-json\/wp\/v2\/media\/550320"}],"wp:attachment":[{"href":"https:\/\/www.europesays.com\/fr\/wp-json\/wp\/v2\/media?parent=550319"}],"wp:term":[{"taxonomy":"category","embeddable":true,"href":"https:\/\/www.europesays.com\/fr\/wp-json\/wp\/v2\/categories?post=550319"},{"taxonomy":"post_tag","embeddable":true,"href":"https:\/\/www.europesays.com\/fr\/wp-json\/wp\/v2\/tags?post=550319"}],"curies":[{"name":"wp","href":"https:\/\/api.w.org\/{rel}","templated":true}]}}