{"id":550323,"date":"2025-11-22T01:50:14","date_gmt":"2025-11-22T01:50:14","guid":{"rendered":"https:\/\/www.europesays.com\/fr\/550323\/"},"modified":"2025-11-22T01:50:14","modified_gmt":"2025-11-22T01:50:14","slug":"ligue-2-lelectrochoc-na-pas-eu-lieu-pour-le-sc-bastia-battu-a-annecy-1-0","status":"publish","type":"post","link":"https:\/\/www.europesays.com\/fr\/550323\/","title":{"rendered":"Ligue 2 : l\u2019\u00e9lectrochoc n\u2019a pas eu lieu pour le SC Bastia battu \u00e0 Annecy (1-0)"},"content":{"rendered":"<p>Le SC Bastia a un peu plus touch\u00e9 le fond, hier, en s\u2019inclinant 1-0 \u00e0 Annecy. L\u2019arriv\u00e9e de R\u00e9ginald Ray n\u2019aura pas fait de miracle. Plomb\u00e9 par trop de carences techniques et offensives, ce Sporting n\u2019est actuellement pas au niveau.<\/p>\n<p>Beaucoup avaient fait de ce match, celui de l\u2019espoir, de la r\u00e9surrection. Avec l\u2019arriv\u00e9e de R\u00e9ginald Ray aux commandes et apr\u00e8s trois rencontres plut\u00f4t positives sous l\u2019\u00e8re Michel Moretti, les plan\u00e8tes semblaient enfin commencer \u00e0 s\u2019aligner pour le Sporting. Mais c\u2019\u00e9tait sans compter sur un brusque retour \u00e0 la r\u00e9alit\u00e9\u00a0!<\/p>\n<p>Face \u00e0 une \u00e9quipe d\u2019Annecy g\u00e9n\u00e9reuse mais loin d\u2019\u00eatre transcendante, le SCB n\u2019a jamais su trouver les armes pour faire trembler les filets pour la premi\u00e8re fois de la saison \u00e0 l\u2019ext\u00e9rieur. Ce n\u2019est pourtant pas faute d\u2019avoir essay\u00e9\u00a0! Notamment par l\u2019interm\u00e9diaire de J\u00e9r\u00e9my Sebas qui a \u00ab\u00a0vendang\u00e9\u00a0\u00bb trois \u00e9normes face-\u00e0-face avec le portier ann\u00e9cien. Sans oublier une passe totalement rat\u00e9e alors que Karamoko et Tomi attendaient l\u2019offrande pour glisser le ballon au fond des filets. Encore une fois, cette saison, l\u2019ancien strasbourgeois a \u00ab\u00a0mang\u00e9 la feuille de match\u00a0\u00bb comme l\u2019on dit\u00a0! Mais l\u00e0 o\u00f9 le b\u00e2t blesse, c\u2019est que, si effectivement Sebas rate beaucoup, il est le seul \u00e0 se montrer vraiment dangereux depuis le coup d\u2019envoi du championnat. Hier, son manque de r\u00e9alisme a, certes, plomb\u00e9 le Sporting, mais sans lui, les Bastiais seraient rentr\u00e9s encore avec un z\u00e9ro point\u00e9 en terme de tirs ou d\u2019occasions. Preuve en est que le mal est profond dans cet effectif et que sans renforts rapides, la messe semble d\u00e9j\u00e0 dite.<\/p>\n<p>Hier, ce Sporting a encore montr\u00e9 ses limites. Et pourtant, il faudra encore faire avec pendant quelques semaines. Faire le dos rond en attendant le mercato de janvier et essayer d\u2019aller chercher deux exploits face \u00e0 Laval et au Red Star pour encore esp\u00e9rer quelque chose lors de la phase retour.<\/p>\n<p>Car si les choses sont mal embarqu\u00e9es, rien n\u2019est encore d\u00e9finitivement perdu. Apr\u00e8s cette 15eme journ\u00e9e, le SC Bastia compte huit points de retard sur la ligne de flottaison.<\/p>\n","protected":false},"excerpt":{"rendered":"Le SC Bastia a un peu plus touch\u00e9 le fond, hier, en s\u2019inclinant 1-0 \u00e0 Annecy. L\u2019arriv\u00e9e de&hellip;\n","protected":false},"author":2,"featured_media":550324,"comment_status":"","ping_status":"","sticky":false,"template":"","format":"standard","meta":{"footnotes":""},"categories":[1586],"tags":[11,1777,674,1779,1011,27,12,25,1778,364],"class_list":{"0":"post-550323","1":"post","2":"type-post","3":"status-publish","4":"format-standard","5":"has-post-thumbnail","7":"category-europe","8":"tag-actualites","9":"tag-eu","10":"tag-europe","11":"tag-european-union","12":"tag-fr","13":"tag-france","14":"tag-news","15":"tag-republique-francaise","16":"tag-ue","17":"tag-union-europeenne"},"share_on_mastodon":{"url":"https:\/\/pubeurope.com\/@fr\/115590845231366831","error":""},"_links":{"self":[{"href":"https:\/\/www.europesays.com\/fr\/wp-json\/wp\/v2\/posts\/550323","targetHints":{"allow":["GET"]}}],"collection":[{"href":"https:\/\/www.europesays.com\/fr\/wp-json\/wp\/v2\/posts"}],"about":[{"href":"https:\/\/www.europesays.com\/fr\/wp-json\/wp\/v2\/types\/post"}],"author":[{"embeddable":true,"href":"https:\/\/www.europesays.com\/fr\/wp-json\/wp\/v2\/users\/2"}],"replies":[{"embeddable":true,"href":"https:\/\/www.europesays.com\/fr\/wp-json\/wp\/v2\/comments?post=550323"}],"version-history":[{"count":0,"href":"https:\/\/www.europesays.com\/fr\/wp-json\/wp\/v2\/posts\/550323\/revisions"}],"wp:featuredmedia":[{"embeddable":true,"href":"https:\/\/www.europesays.com\/fr\/wp-json\/wp\/v2\/media\/550324"}],"wp:attachment":[{"href":"https:\/\/www.europesays.com\/fr\/wp-json\/wp\/v2\/media?parent=550323"}],"wp:term":[{"taxonomy":"category","embeddable":true,"href":"https:\/\/www.europesays.com\/fr\/wp-json\/wp\/v2\/categories?post=550323"},{"taxonomy":"post_tag","embeddable":true,"href":"https:\/\/www.europesays.com\/fr\/wp-json\/wp\/v2\/tags?post=550323"}],"curies":[{"name":"wp","href":"https:\/\/api.w.org\/{rel}","templated":true}]}}