{"id":550325,"date":"2025-11-22T01:51:21","date_gmt":"2025-11-22T01:51:21","guid":{"rendered":"https:\/\/www.europesays.com\/fr\/550325\/"},"modified":"2025-11-22T01:51:21","modified_gmt":"2025-11-22T01:51:21","slug":"comment-peut-il-encore-etre-vote-dici-au-31-decembre-decouvrez-les-quatre-scenarios-possibles","status":"publish","type":"post","link":"https:\/\/www.europesays.com\/fr\/550325\/","title":{"rendered":"comment peut-il encore \u00eatre vot\u00e9 d\u2019ici au 31 d\u00e9cembre ? D\u00e9couvrez les quatre sc\u00e9narios possibles"},"content":{"rendered":"<p>\n    <strong>INFOGRAPHIE<\/strong> &#8211; Apr\u00e8s les d\u00e9clarations du ministre des relations avec le Parlement en faveur d\u2019une loi sp\u00e9ciale, les sc\u00e9narios du budget 2026 se resserrent. D\u00e9couvrez ceux qui restent vraiment possibles.<\/p>\n<p class=\"fig-paragraph\">Le temps presse. \u00c0 l\u2019approche de la nouvelle ann\u00e9e, la France ne dispose toujours pas d\u2019un budget. Deux textes doivent \u00eatre vot\u00e9s et promulgu\u00e9s avant le 31 d\u00e9cembre 2025\u00a0: le projet de loi de finances (PLF) pour l\u2019\u00c9tat et le projet de loi de financement de la S\u00e9curit\u00e9 sociale (PLFSS). Leur examen est encadr\u00e9 par la Constitution\u00a0: 70 jours pour le PLF (jusqu\u2019au 23 d\u00e9cembre) ; 50 jours pour le PLFSS (jusqu\u2019au 12 d\u00e9cembre). \u00c0 d\u00e9faut de vote dans ces d\u00e9lais, plusieurs voies existent en th\u00e9orie\u00a0: un budget adopt\u00e9 in extremis, un budget appliqu\u00e9 par ordonnances, une loi de finances sp\u00e9ciale qui reconduit le budget pr\u00e9c\u00e9dent, ou le retour du redout\u00e9 article 49.3.<\/p>\n<p class=\"fig-paragraph\">Le paysage budg\u00e9taire est loin de s\u2019\u00eatre clarifi\u00e9.\u00a0<a href=\"http:\/\/www.lefigaro.fr\/politique\/je-suis-un-soldat-de-la-republique-laurent-panifous-ministre-des-sensibles-relations-avec-le-parlement-20251030\" data-fig-type=\"Article\" data-gtm-custom-categorie=\"navigation\" data-gtm-custom-action=\"crossclick\" data-gtm-custom-label=\"Contextuel\" data-gtm-event=\"customEventSPE\" data-fig-domain=\"LEFIGARO\" target=\"_blank\" rel=\"noopener\">Le ministre des Relations avec le Parlement Laurent Panifous\u00a0<\/a>a affirm\u00e9 que l\u2019ex\u00e9cutif voulait avant tout un budget vot\u00e9, mais privil\u00e9gierait, en cas d\u2019impasse, une loi sp\u00e9ciale plut\u00f4t que les ordonnances, tout en continuant d\u2019exclure, pour l\u2019instant, un recours au 49.3\u2026<\/p>\n<p class=\"fig-premium-paywall__infos\">\n        Cet article est r\u00e9serv\u00e9 aux abonn\u00e9s.        Il vous reste 83% \u00e0 d\u00e9couvrir.\n    <\/p>\n<p>                <img  data- alt=\"Le Figaro\" class=\"fig-img--complete fig-img\"\/><\/p>\n<p class=\"fig-premium-paywall__title\">Black Friday<\/p>\n<p class=\"fig-premium-paywall__subtitle\">-70% sur l&rsquo;abonnement num\u00e9rique<\/p>\n<p class=\"fig-premium-paywall__connect\">\n                D\u00e9j\u00e0 abonn\u00e9\u00a0?                <a class=\"fig-premium-paywall__connect-link\" href=\"https:\/\/connect.lefigaro.fr\/login?client=horizon_web&amp;type=main&amp;redirect_uri=https%3A%2F%2Fwww.lefigaro.fr%2Fpolitique%2Fbudget-2026-comment-peut-il-encore-etre-vote-d-ici-au-31-decembre-decouvrez-les-quatre-scenarios-possibles-20251121\" data-js-gtm=\"{&quot;customCategorie&quot;: &quot;conversion&quot;, &quot;customAction&quot;: &quot;before_Landing_Connexion_paywall_auto&quot;, &quot;customLabel&quot;: &quot;bGVmaWdhcm8uZnJfXzFmMGM0NzcwLWQwMWQtNjE5Mi04YTM3LTBkNWM4MmFlN2NiNV9fQXJ0aWNsZQ==_Budget 2026\u00a0: comment peut-il encore \u00eatre vot\u00e9 d\u2019ici au 31 d\u00e9cembre\u00a0? D\u00e9couvrez les quatre sc\u00e9narios possibles_321&quot;, &quot;customIDSPE&quot;: &quot;bGVmaWdhcm8uZnJfXzFmMGM0NzcwLWQwMWQtNjE5Mi04YTM3LTBkNWM4MmFlN2NiNV9fQXJ0aWNsZQ==&quot;, &quot;event&quot;: &quot;customEventSPE&quot;}\" target=\"_blank\" rel=\"noopener\"><br \/>\n                    Connectez-vous<br \/>\n                <\/a>\n            <\/p>\n","protected":false},"excerpt":{"rendered":"INFOGRAPHIE &#8211; Apr\u00e8s les d\u00e9clarations du ministre des relations avec le Parlement en faveur d\u2019une loi sp\u00e9ciale, les&hellip;\n","protected":false},"author":2,"featured_media":550326,"comment_status":"","ping_status":"","sticky":false,"template":"","format":"standard","meta":{"footnotes":""},"categories":[2],"tags":[11,416,1003,1011,27,12,1050,25,11067],"class_list":{"0":"post-550325","1":"post","2":"type-post","3":"status-publish","4":"format-standard","5":"has-post-thumbnail","7":"category-actualites","8":"tag-actualites","9":"tag-assemblee-nationale","10":"tag-budget","11":"tag-fr","12":"tag-france","13":"tag-news","14":"tag-parlement","15":"tag-republique-francaise","16":"tag-sebastien-lecornu"},"share_on_mastodon":{"url":"https:\/\/pubeurope.com\/@fr\/115590849150925667","error":""},"_links":{"self":[{"href":"https:\/\/www.europesays.com\/fr\/wp-json\/wp\/v2\/posts\/550325","targetHints":{"allow":["GET"]}}],"collection":[{"href":"https:\/\/www.europesays.com\/fr\/wp-json\/wp\/v2\/posts"}],"about":[{"href":"https:\/\/www.europesays.com\/fr\/wp-json\/wp\/v2\/types\/post"}],"author":[{"embeddable":true,"href":"https:\/\/www.europesays.com\/fr\/wp-json\/wp\/v2\/users\/2"}],"replies":[{"embeddable":true,"href":"https:\/\/www.europesays.com\/fr\/wp-json\/wp\/v2\/comments?post=550325"}],"version-history":[{"count":0,"href":"https:\/\/www.europesays.com\/fr\/wp-json\/wp\/v2\/posts\/550325\/revisions"}],"wp:featuredmedia":[{"embeddable":true,"href":"https:\/\/www.europesays.com\/fr\/wp-json\/wp\/v2\/media\/550326"}],"wp:attachment":[{"href":"https:\/\/www.europesays.com\/fr\/wp-json\/wp\/v2\/media?parent=550325"}],"wp:term":[{"taxonomy":"category","embeddable":true,"href":"https:\/\/www.europesays.com\/fr\/wp-json\/wp\/v2\/categories?post=550325"},{"taxonomy":"post_tag","embeddable":true,"href":"https:\/\/www.europesays.com\/fr\/wp-json\/wp\/v2\/tags?post=550325"}],"curies":[{"name":"wp","href":"https:\/\/api.w.org\/{rel}","templated":true}]}}