{"id":550329,"date":"2025-11-22T01:53:18","date_gmt":"2025-11-22T01:53:18","guid":{"rendered":"https:\/\/www.europesays.com\/fr\/550329\/"},"modified":"2025-11-22T01:53:18","modified_gmt":"2025-11-22T01:53:18","slug":"les-propositions-du-mouvement-olympique-cnosf-aux-maires-de-france","status":"publish","type":"post","link":"https:\/\/www.europesays.com\/fr\/550329\/","title":{"rendered":"Les propositions du mouvement olympique CNOSF aux maires de France"},"content":{"rendered":"<p>\u00a0Le\u00a0Comit\u00e9 national olympique et sportif fran\u00e7ais (\u00a0<a href=\"https:\/\/www.sports.gouv.fr\/cnosf-528\" target=\"_blank\" rel=\"noopener\">CNOSF<\/a> )\u00a0fait des propositions pour un nouveau pacte sportif entre les communes et le mouvement sportif.\u00a0<\/p>\n<p>Les maires sont les premiers financeurs du sport en France. Ils ont diffus\u00e9 l\u2019esprit des Jeux et contribuent d\u00e9sormais \u00e0 leur h\u00e9ritage. <br \/>Dans un contexte \u00e9conomique et social tendu, les contraintes budg\u00e9taires menacent la vitalit\u00e9 de ce mod\u00e8le. Pourtant, le sport est un investissement bien plus qu\u2019une d\u00e9pense.\u00a0<\/p>\n<p><strong>Le CNOSF s\u2019engage\u00a0<\/strong><\/p>\n<p>Pour faire vivre le nouveau pacte sportif territorial qu\u2019il appelle de ses v\u0153ux, le CNOSF annonce la cr\u00e9ation en son sein d\u2019un <strong>Conseil des villes<\/strong>.\u00a0<br \/><strong>Il fait 10 propositions pour un pacte sportif territoria<\/strong>l:\u00a0<\/p>\n<ol>\n<li> Un \u00e9l\u00e8ve, un club !<\/li>\n<li>\u00a0Une ambition renouvel\u00e9e pour les \u00e9quipements sportifs 3. <\/li>\n<li>Un dialogue au service de normes sportives concert\u00e9es 4. <\/li>\n<li>Le \u00ab r\u00e9flexe sport \u00bb dans la planification urbaine<\/li>\n<li> Territoire sportif, territoire attractif<\/li>\n<li> 6. Un club, une entreprise !<\/li>\n<li> Un b\u00e9n\u00e9vole, une \u00e9quipe<\/li>\n<li>Le Contrat Local de Sant\u00e9, jamais sans le sport<\/li>\n<li> Un club, une chance<\/li>\n<li>\u00a0Projet Sportif Local (PSL) : une ambition, une m\u00e9thode, un outil<\/li>\n<\/ol>\n<p>En savoir plus :<a href=\"https:\/\/cnosf.franceolympique.com\/ensemble-faisons-du-sport-une-grande-cause-municipale%20\" target=\"_blank\" rel=\"noopener\"> Ensemble, faisons du sport une grande cause municipale !<\/a><a href=\"https:\/\/cnosf.franceolympique.com\/ensemble-faisons-du-sport-une-grande-cause-municipale%20\" target=\"_blank\" rel=\"noopener\">\u00a0<\/a><\/p>\n<p style=\"text-align: center;\"><img loading=\"lazy\" decoding=\"async\" width=\"702\" height=\"388\" alt=\"\" src=\"https:\/\/www.europesays.com\/fr\/wp-content\/uploads\/2025\/11\/cnosf-propositions-906x501.png\"\/><\/p>\n","protected":false},"excerpt":{"rendered":"\u00a0Le\u00a0Comit\u00e9 national olympique et sportif fran\u00e7ais (\u00a0CNOSF )\u00a0fait des propositions pour un nouveau pacte sportif entre les communes&hellip;\n","protected":false},"author":2,"featured_media":550330,"comment_status":"","ping_status":"","sticky":false,"template":"","format":"standard","meta":{"footnotes":""},"categories":[4],"tags":[11,28225,28226,28217,28218,28216,28227,28228,1011,27,28211,28212,28215,28224,28219,28222,12,28213,28221,28220,25,28214,28223],"class_list":{"0":"post-550329","1":"post","2":"type-post","3":"status-publish","4":"format-standard","5":"has-post-thumbnail","7":"category-france","8":"tag-actualites","9":"tag-animateur-de-randonnee","10":"tag-balisage","11":"tag-clubs-de-randonnee","12":"tag-disciplines-de-randonnee","13":"tag-federation-francaise-de-la-randonnee-pedestre","14":"tag-ffrandonnee","15":"tag-ffrp","16":"tag-fr","17":"tag-france","18":"tag-gr","19":"tag-grande-randonnee","20":"tag-itineraires-de-randonnee","21":"tag-itinerance","22":"tag-longe-cote","23":"tag-marche-nordique","24":"tag-news","25":"tag-promenade-et-randonnee","26":"tag-rando-challenge","27":"tag-raquette-a-neige","28":"tag-republique-francaise","29":"tag-topoguide","30":"tag-trek"},"share_on_mastodon":{"url":"https:\/\/pubeurope.com\/@fr\/115590857704114820","error":""},"_links":{"self":[{"href":"https:\/\/www.europesays.com\/fr\/wp-json\/wp\/v2\/posts\/550329","targetHints":{"allow":["GET"]}}],"collection":[{"href":"https:\/\/www.europesays.com\/fr\/wp-json\/wp\/v2\/posts"}],"about":[{"href":"https:\/\/www.europesays.com\/fr\/wp-json\/wp\/v2\/types\/post"}],"author":[{"embeddable":true,"href":"https:\/\/www.europesays.com\/fr\/wp-json\/wp\/v2\/users\/2"}],"replies":[{"embeddable":true,"href":"https:\/\/www.europesays.com\/fr\/wp-json\/wp\/v2\/comments?post=550329"}],"version-history":[{"count":0,"href":"https:\/\/www.europesays.com\/fr\/wp-json\/wp\/v2\/posts\/550329\/revisions"}],"wp:featuredmedia":[{"embeddable":true,"href":"https:\/\/www.europesays.com\/fr\/wp-json\/wp\/v2\/media\/550330"}],"wp:attachment":[{"href":"https:\/\/www.europesays.com\/fr\/wp-json\/wp\/v2\/media?parent=550329"}],"wp:term":[{"taxonomy":"category","embeddable":true,"href":"https:\/\/www.europesays.com\/fr\/wp-json\/wp\/v2\/categories?post=550329"},{"taxonomy":"post_tag","embeddable":true,"href":"https:\/\/www.europesays.com\/fr\/wp-json\/wp\/v2\/tags?post=550329"}],"curies":[{"name":"wp","href":"https:\/\/api.w.org\/{rel}","templated":true}]}}