{"id":550332,"date":"2025-11-22T01:56:15","date_gmt":"2025-11-22T01:56:15","guid":{"rendered":"https:\/\/www.europesays.com\/fr\/550332\/"},"modified":"2025-11-22T01:56:15","modified_gmt":"2025-11-22T01:56:15","slug":"gabin-villiere-le-nouveau-coup-dur","status":"publish","type":"post","link":"https:\/\/www.europesays.com\/fr\/550332\/","title":{"rendered":"Gabin Villi\u00e8re, le nouveau coup dur"},"content":{"rendered":"<p><strong>Absent depuis le d\u00e9but de saison,<br \/>\nGabin Villi\u00e8re (29 ans) esp\u00e9rait renouer tout prochainement avec la<br \/>\ncomp\u00e9tition apr\u00e8s avoir repris l&rsquo;entra\u00eenement la semaine derni\u00e8re.<br \/>\nMalheureusement pour l&rsquo;ailier international fran\u00e7ais du RC Toulon,<br \/>\nil est de nouveau touch\u00e9 et est contraint de diff\u00e9rer de nouveau<br \/>\nson retour sur les pelouses du Top 14.<\/strong><\/p>\n<p>Retour de nouveau diff\u00e9r\u00e9 pour Gabin Villi\u00e8re. Alors que tout<br \/>\nlaissait penser que l\u2019explosif ailier du RC Toulon allait tr\u00e8s vite<br \/>\nrenouer avec la comp\u00e9tition et disputer ainsi ses premi\u00e8res minutes<br \/>\ncette saison, voici l\u2019int\u00e9ress\u00e9 \u2013 et surtout bien malheureux \u2013<br \/>\ncontraint d\u2019attendre de nouveau avant de retrouver les<br \/>\nterrains.<\/p>\n<p>L\u2019international fran\u00e7ais de 29 ans aux 20 s\u00e9lections sous le<br \/>\nmaillot du XV de France et vainqueur du Tournoi des 6 Nations avec<br \/>\nles Bleus en 2022 (Grand Chelem \u00e0 la cl\u00e9) avait bien repris<br \/>\nl\u2019entra\u00eenement collectif avec ses co\u00e9quipiers la semaine<br \/>\nderni\u00e8re.<\/p>\n<p>Le natif de Vire nourrissait d\u2019ailleurs l\u2019espoir de faire son<br \/>\ngrand retour dimanche soir (21h05) \u00e0 l\u2019occasion du choc de la 10e<br \/>\njourn\u00e9e du Top 14 entre Toulon et le Stade Fran\u00e7ais au stade<br \/>\nJean-Bouin. Il n\u2019en sera rien. Pire encore pour le joueur du RCT :<br \/>\nil va devoir continuer de prendre son mal en patience en attendant<br \/>\nde faire son retour en comp\u00e9tition.<\/p>\n<p><strong>Et la liste des absents du<br \/>\nRCT s\u2019allonge encore\u2026<\/strong><\/p>\n<p>Villi\u00e8re \u00e9tait absent depuis l\u2019\u00e9t\u00e9 dernier en raison d\u2019une<br \/>\nblessure \u00e0 un doigt contract\u00e9e lors de l\u2019un des tests face aux All<br \/>\nBlacks en Nouvelle-Z\u00e9lande qui l\u2019avait oblig\u00e9 \u00e0 passer sur la table<br \/>\nd\u2019op\u00e9ration. Cette fois, il n\u2019est pas question du doigt du joueur<br \/>\ndu RCT mais de sa jambe gauche. De nouveau sur pied, l\u2019ancien<br \/>\nailier de Rouen, qui n\u2019est donc pas victime d\u2019une rechute, souffre<br \/>\nd\u00e9sormais d\u2019un probl\u00e8me \u00e0 l\u2019adducteur gauche.<\/p>\n<p>Une \u00ab\u00a0petite adh\u00e9rence\u00a0\u00bb tr\u00e8s exactement pour<br \/>\nVilli\u00e8re, dont la dur\u00e9e de cette nouvelle indisponibilit\u00e9 n\u2019a pas<br \/>\n\u00e9t\u00e9 d\u00e9voil\u00e9e (ou n\u2019est pas encore connue) mais qui est d\u00e9j\u00e0 certain<br \/>\nde ne pas reprendre la comp\u00e9tition ce week-end.<\/p>\n<p>Le vainqueur de la Challenge Cup avec les Varois en 2023 rejoint<br \/>\ndu m\u00eame coup une liste d\u2019absents pour ce match de dimanche face aux<br \/>\nParisiens qui comprend \u00e9galement Rayan Rebbadj, autre ailier du<br \/>\nRCT, mais aussi Marius Domon, Patrick Tuifua, Beka Gigashvili,<br \/>\nMicka\u00ebl Ivaldi, Matthias Halagahu ou encore Antoine Fritsch, sans<br \/>\ncompter tous les Toulonnais actuellement retenus en s\u00e9lection<br \/>\n(Gros, Ollivon, Serin, Garbisi, Brex, Tuicuvu, Javakhia\u2026).<\/p>\n","protected":false},"excerpt":{"rendered":"Absent depuis le d\u00e9but de saison, Gabin Villi\u00e8re (29 ans) esp\u00e9rait renouer tout prochainement avec la comp\u00e9tition apr\u00e8s&hellip;\n","protected":false},"author":2,"featured_media":550333,"comment_status":"","ping_status":"","sticky":false,"template":"","format":"standard","meta":{"footnotes":""},"categories":[1416],"tags":[1011,27,479,1468,57681,60],"class_list":{"0":"post-550332","1":"post","2":"type-post","3":"status-publish","4":"format-standard","5":"has-post-thumbnail","7":"category-rugby","8":"tag-fr","9":"tag-france","10":"tag-rugby","11":"tag-rugby-football","12":"tag-sport365-fr","13":"tag-sports"},"share_on_mastodon":{"url":"https:\/\/pubeurope.com\/@fr\/115590869258574099","error":""},"_links":{"self":[{"href":"https:\/\/www.europesays.com\/fr\/wp-json\/wp\/v2\/posts\/550332","targetHints":{"allow":["GET"]}}],"collection":[{"href":"https:\/\/www.europesays.com\/fr\/wp-json\/wp\/v2\/posts"}],"about":[{"href":"https:\/\/www.europesays.com\/fr\/wp-json\/wp\/v2\/types\/post"}],"author":[{"embeddable":true,"href":"https:\/\/www.europesays.com\/fr\/wp-json\/wp\/v2\/users\/2"}],"replies":[{"embeddable":true,"href":"https:\/\/www.europesays.com\/fr\/wp-json\/wp\/v2\/comments?post=550332"}],"version-history":[{"count":0,"href":"https:\/\/www.europesays.com\/fr\/wp-json\/wp\/v2\/posts\/550332\/revisions"}],"wp:featuredmedia":[{"embeddable":true,"href":"https:\/\/www.europesays.com\/fr\/wp-json\/wp\/v2\/media\/550333"}],"wp:attachment":[{"href":"https:\/\/www.europesays.com\/fr\/wp-json\/wp\/v2\/media?parent=550332"}],"wp:term":[{"taxonomy":"category","embeddable":true,"href":"https:\/\/www.europesays.com\/fr\/wp-json\/wp\/v2\/categories?post=550332"},{"taxonomy":"post_tag","embeddable":true,"href":"https:\/\/www.europesays.com\/fr\/wp-json\/wp\/v2\/tags?post=550332"}],"curies":[{"name":"wp","href":"https:\/\/api.w.org\/{rel}","templated":true}]}}