{"id":550336,"date":"2025-11-22T02:01:22","date_gmt":"2025-11-22T02:01:22","guid":{"rendered":"https:\/\/www.europesays.com\/fr\/550336\/"},"modified":"2025-11-22T02:01:22","modified_gmt":"2025-11-22T02:01:22","slug":"camille-fahy-de-retour-en-n1-actualite","status":"publish","type":"post","link":"https:\/\/www.europesays.com\/fr\/550336\/","title":{"rendered":"Camille Fahy de retour en N1 &#8211; Actualit\u00e9"},"content":{"rendered":"<p style=\"text-align: justify;\">Camille Fahy change d&rsquo;\u00e9quipe. Apr\u00e8s trois saisons au niveau UCI, chez St-Michel-Mavic-Auber 93 puis chez Winspace Orange Seal cette saison, la cycliste de 22 ans retourne en N1. Elle retrouve son ancien club de l&rsquo;UVCA Troyes.<\/p>\n<p>Cette ann\u00e9e, Camille Fahy a termin\u00e9 10e d&rsquo;une \u00e9tape du Tour F\u00e9minin International de l&rsquo;Ard\u00e8che (2.1) ou encore 33e du Tour du Portugal (2.2). En 2024, elle avait termin\u00e9 8e du Grand Prix du Morbihan et en 2023, elle avait gagn\u00e9 les Boucles de Seine-et-Marne (1.15). Elle a aussi particip\u00e9 deux fois au Tour de France Femmes, en 2023 et 2024.<\/p>\n<p>Suivez toutes les mutations de l&rsquo;hiver <a href=\"https:\/\/www.directvelo.com\/mutations\/2026#women-women_dn1\" target=\"_blank\" rel=\"noopener\"><strong>en cliquant ici<\/strong><\/a>.\u00a0<\/p>\n","protected":false},"excerpt":{"rendered":"Camille Fahy change d&rsquo;\u00e9quipe. Apr\u00e8s trois saisons au niveau UCI, chez St-Michel-Mavic-Auber 93 puis chez Winspace Orange Seal&hellip;\n","protected":false},"author":2,"featured_media":550337,"comment_status":"","ping_status":"","sticky":false,"template":"","format":"standard","meta":{"footnotes":""},"categories":[1411],"tags":[834,828,836,829,837,827,83,826,824,823,1154,207,814,817,815,816,822,821,832,211,839,1011,27,820,818,819,835,831,830,833,838,60,212,208,825],"class_list":{"0":"post-550336","1":"post","2":"type-post","3":"status-publish","4":"format-standard","5":"has-post-thumbnail","7":"category-cyclisme","8":"tag-attaque","9":"tag-belgique","10":"tag-braquet","11":"tag-bretagne","12":"tag-chute","13":"tag-competition","14":"tag-coupe-de-france","15":"tag-coureur","16":"tag-course-cyclisme","17":"tag-course-cycliste","18":"tag-cycling","19":"tag-cyclisme","20":"tag-direct","21":"tag-direct-velo","22":"tag-directvelo","23":"tag-directvelo-com","24":"tag-epreuve","25":"tag-epreuve-cycliste","26":"tag-federation-francaise-de-cyclisme","27":"tag-ffc","28":"tag-flandres","29":"tag-fr","30":"tag-france","31":"tag-live","32":"tag-live-course","33":"tag-live-epreuve","34":"tag-peloton","35":"tag-radio-peloton","36":"tag-radio-tour","37":"tag-ravitaillement","38":"tag-relance","39":"tag-sports","40":"tag-uci","41":"tag-velo","42":"tag-velos"},"share_on_mastodon":{"url":"https:\/\/pubeurope.com\/@fr\/115590888471509888","error":""},"_links":{"self":[{"href":"https:\/\/www.europesays.com\/fr\/wp-json\/wp\/v2\/posts\/550336","targetHints":{"allow":["GET"]}}],"collection":[{"href":"https:\/\/www.europesays.com\/fr\/wp-json\/wp\/v2\/posts"}],"about":[{"href":"https:\/\/www.europesays.com\/fr\/wp-json\/wp\/v2\/types\/post"}],"author":[{"embeddable":true,"href":"https:\/\/www.europesays.com\/fr\/wp-json\/wp\/v2\/users\/2"}],"replies":[{"embeddable":true,"href":"https:\/\/www.europesays.com\/fr\/wp-json\/wp\/v2\/comments?post=550336"}],"version-history":[{"count":0,"href":"https:\/\/www.europesays.com\/fr\/wp-json\/wp\/v2\/posts\/550336\/revisions"}],"wp:featuredmedia":[{"embeddable":true,"href":"https:\/\/www.europesays.com\/fr\/wp-json\/wp\/v2\/media\/550337"}],"wp:attachment":[{"href":"https:\/\/www.europesays.com\/fr\/wp-json\/wp\/v2\/media?parent=550336"}],"wp:term":[{"taxonomy":"category","embeddable":true,"href":"https:\/\/www.europesays.com\/fr\/wp-json\/wp\/v2\/categories?post=550336"},{"taxonomy":"post_tag","embeddable":true,"href":"https:\/\/www.europesays.com\/fr\/wp-json\/wp\/v2\/tags?post=550336"}],"curies":[{"name":"wp","href":"https:\/\/api.w.org\/{rel}","templated":true}]}}