{"id":550340,"date":"2025-11-22T02:03:13","date_gmt":"2025-11-22T02:03:13","guid":{"rendered":"https:\/\/www.europesays.com\/fr\/550340\/"},"modified":"2025-11-22T02:03:13","modified_gmt":"2025-11-22T02:03:13","slug":"lemouvant-message-du-comedien-olivier-lejeune-contraint-de-se-retirer","status":"publish","type":"post","link":"https:\/\/www.europesays.com\/fr\/550340\/","title":{"rendered":"l&rsquo;\u00e9mouvant message du com\u00e9dien Olivier Lejeune contraint de se retirer"},"content":{"rendered":"<p class=\"article-p mdl\">Sur son compte Facebook, le com\u00e9dien Olivier Lejeune publie un texte long empreint d\u2019\u00e9motion. \u00ab\u00a0Il \u00e9tait une voix \u2013 la mienne \u2013 qui m\u2019a donn\u00e9 tellement de bonheur (\u2026) que je n\u2019imaginais pas qu\u2019un jour elle me l\u00e2cherait\u00a0\u00bb, a-t-il \u00e9crit. Il a racont\u00e9 les ann\u00e9es de combat pour maintenir son outil de travail, apr\u00e8s une radioth\u00e9rapie en 2018 dont les \u00ab\u00a0dommages collat\u00e9raux\u00a0\u00bb ont progressivement affaibli sa voix.<\/p>\n<p class=\"article-p mdl\">Le com\u00e9dien a d\u00e9taill\u00e9 les traitements successifs : acide hyaluronique, cortisone, chirurgies au laser. Gr\u00e2ce au docteur Jean Abitbol, \u00ab\u00a0l\u2019Einstein de la voix\u00a0\u00bb, son volume sonore avait pu \u00eatre stabilis\u00e9. Pour continuer de jouer, il portait m\u00eame un micro dissimul\u00e9 sous sa chemise. En 2025, il avait encore donn\u00e9 une centaine de repr\u00e9sentations de Tout Bascule\u00a0et entam\u00e9 la tourn\u00e9e de Monsieur Chasse de Feydeau. Mais apr\u00e8s trois dates seulement, sa voix s\u2019est \u00ab\u00a0effondr\u00e9e au sous-sol\u00a0\u00bb.<\/p>\n<p>            Un diagnostic brutal et une op\u00e9ration \u00ab\u00a0au pronostic vital engag\u00e9\u00a0\u00bb<\/p>\n<p class=\"article-p mdl\">De nouveaux examens ont r\u00e9v\u00e9l\u00e9 une r\u00e9alit\u00e9 inqui\u00e9tante : un cancer du larynx. \u00ab\u00a0Mauvaise surprise, pas le choix, je dois subir une op\u00e9ration vraiment d\u00e9licate\u00a0\u00bb, a-t-il confi\u00e9. Une op\u00e9ration si lourde que son chirurgien, le professeur Chabolle, l\u2019a averti : \u00ab\u00a0Pour moi, la sc\u00e8ne, c\u2019est d\u00e9finitivement termin\u00e9.\u00a0\u00bb Le com\u00e9dien parle d\u2019un \u00ab\u00a0pronostic vital engag\u00e9\u00a0\u00bb, un choc qui le contraint \u00e0 annuler toutes ses repr\u00e9sentations pr\u00e9vues pour 2026, dont la reprise de 60 jours de prison de Guitry, un texte auquel il tenait profond\u00e9ment.<\/p>\n<p class=\"article-p mdl\">\u00ab\u00a0Le ciel me tombe sur la t\u00eate, tout s\u2019\u00e9croule\u00a0\u00bb, a-t-il \u00e9crit. Hyperactif, il dit avoir \u00ab\u00a0tr\u00e8s difficilement\u00a0\u00bb accept\u00e9 de tout arr\u00eater, lui qui n\u2019a jamais \u00e9t\u00e9 aussi heureux que lorsqu\u2019il jouait \u00ab\u00a0quatre spectacles diff\u00e9rents dans la m\u00eame semaine\u00a0\u00bb.<\/p>\n<p class=\"article-p mdl\">Malgr\u00e9 cette annonce, il a assur\u00e9 vouloir continuer \u00e0 travailler. \u00ab\u00a0Je vais tenter de compenser ce vide abyssal en \u00e9crivant (\u2026) Une nouvelle carri\u00e8re commence. Mais j\u2019aurais tant ador\u00e9 continuer la pr\u00e9c\u00e9dente !\u00a0\u00bb Il remercie longuement ses partenaires artistiques, \u00e9quipes de production, metteurs en sc\u00e8ne et les spectateurs qui l\u2019ont accompagn\u00e9 durant sa carri\u00e8re.<\/p>\n<p>    Une carri\u00e8re polymorphe marqu\u00e9e par le boulevard, l\u2019humour et la t\u00e9l\u00e9vision<\/p>\n<p class=\"article-p mdl\">Form\u00e9 au Centre dramatique de la rue Blanche, premier prix de diction, Olivier Lejeune s\u2019est fait conna\u00eetre au d\u00e9but des ann\u00e9es 1970 comme chansonnier, notamment avec Patrick Green. Leur sketch Pot pour rire, Monsieur le Pr\u00e9sident avait connu un succ\u00e8s ph\u00e9nom\u00e9nal, vendu \u00e0 plus de deux millions d\u2019exemplaires.<\/p>\n<p class=\"article-p mdl\">Artiste cam\u00e9l\u00e9on, il a \u00e9t\u00e9 humoriste, com\u00e9dien, auteur, metteur en sc\u00e8ne, mais aussi inventeur de jeux t\u00e9l\u00e9vis\u00e9s et conf\u00e9rencier sp\u00e9cialis\u00e9 dans la m\u00e9moire. Il a \u00e9crit nombre de sketches pour Le Petit Th\u00e9\u00e2tre de Bouvard ou La Classe, et anim\u00e9 des \u00e9missions sur Canal+, TF1, France 2, la RTBF ou la TSR. Au th\u00e9\u00e2tre, il s\u2019est illustr\u00e9 dans le boulevard comme dans le r\u00e9pertoire classique, signant une dizaine de pi\u00e8ces et de multiples mises en sc\u00e8ne. Ces derniers mois encore, il encha\u00eenait les repr\u00e9sentations, notamment au Th\u00e9\u00e2tre Dejazet dans Tout Bascule, o\u00f9 il jouait avec un micro-cravate pour pallier la faiblesse de sa voix.<\/p>\n<p class=\"article-p mdl\">Dans son message d\u2019adieu, le com\u00e9dien confie r\u00e9fl\u00e9chir \u00e0 un livre d\u2019anecdotes sur ses 56 ans de sc\u00e8ne. \u00ab\u00a0Je vous serre sur mon c\u0153ur. Et s\u2019il vous pla\u00eet, pas de t\u00e9l\u00e9phones : ma voix est aux abonn\u00e9s absents\u00a0\u00bb, a-t-il \u00e9crit, promettant cependant de continuer \u00e0 \u00e9crire et \u00e0 s\u2019adresser \u00e0 son public en ligne. Une mani\u00e8re pour lui de rester pr\u00e9sent, autrement, aupr\u00e8s de ceux qui l\u2019ont suivi pendant cinq d\u00e9cennies.<\/p>\n<p>    La r\u00e9daction vous recommande<\/p>\n<p class=\"s-newsletter__title\">\n                L\u2019actualit\u00e9 par la r\u00e9daction de RTL dans votre bo\u00eete mail.\n            <\/p>\n<p class=\"s-newsletter__subtitle\">\n                Gr\u00e2ce \u00e0 votre compte RTL abonnez-vous \u00e0 la newsletter RTL info pour suivre toute l&rsquo;actualit\u00e9 au quotidien\n            <\/p>\n<p>\n                                    Lire la suite\n                                <\/p>\n","protected":false},"excerpt":{"rendered":"Sur son compte Facebook, le com\u00e9dien Olivier Lejeune publie un texte long empreint d\u2019\u00e9motion. \u00ab\u00a0Il \u00e9tait une voix&hellip;\n","protected":false},"author":2,"featured_media":550341,"comment_status":"","ping_status":"","sticky":false,"template":"","format":"standard","meta":{"footnotes":""},"categories":[1359],"tags":[1111,898,251,58,59,2414,107,1011,27,973,1347],"class_list":{"0":"post-550340","1":"post","2":"type-post","3":"status-publish","4":"format-standard","5":"has-post-thumbnail","7":"category-people","8":"tag-actu","9":"tag-alerte","10":"tag-culture","11":"tag-divertissement","12":"tag-entertainment","13":"tag-fil-culture","14":"tag-fil-info","15":"tag-fr","16":"tag-france","17":"tag-people","18":"tag-theatre"},"share_on_mastodon":{"url":"https:\/\/pubeurope.com\/@fr\/115590896302536430","error":""},"_links":{"self":[{"href":"https:\/\/www.europesays.com\/fr\/wp-json\/wp\/v2\/posts\/550340","targetHints":{"allow":["GET"]}}],"collection":[{"href":"https:\/\/www.europesays.com\/fr\/wp-json\/wp\/v2\/posts"}],"about":[{"href":"https:\/\/www.europesays.com\/fr\/wp-json\/wp\/v2\/types\/post"}],"author":[{"embeddable":true,"href":"https:\/\/www.europesays.com\/fr\/wp-json\/wp\/v2\/users\/2"}],"replies":[{"embeddable":true,"href":"https:\/\/www.europesays.com\/fr\/wp-json\/wp\/v2\/comments?post=550340"}],"version-history":[{"count":0,"href":"https:\/\/www.europesays.com\/fr\/wp-json\/wp\/v2\/posts\/550340\/revisions"}],"wp:featuredmedia":[{"embeddable":true,"href":"https:\/\/www.europesays.com\/fr\/wp-json\/wp\/v2\/media\/550341"}],"wp:attachment":[{"href":"https:\/\/www.europesays.com\/fr\/wp-json\/wp\/v2\/media?parent=550340"}],"wp:term":[{"taxonomy":"category","embeddable":true,"href":"https:\/\/www.europesays.com\/fr\/wp-json\/wp\/v2\/categories?post=550340"},{"taxonomy":"post_tag","embeddable":true,"href":"https:\/\/www.europesays.com\/fr\/wp-json\/wp\/v2\/tags?post=550340"}],"curies":[{"name":"wp","href":"https:\/\/api.w.org\/{rel}","templated":true}]}}