{"id":550344,"date":"2025-11-22T02:06:18","date_gmt":"2025-11-22T02:06:18","guid":{"rendered":"https:\/\/www.europesays.com\/fr\/550344\/"},"modified":"2025-11-22T02:06:18","modified_gmt":"2025-11-22T02:06:18","slug":"quel-avantage-a-gagne-bastiaan-apres-son-face-a-face-contre-lea","status":"publish","type":"post","link":"https:\/\/www.europesays.com\/fr\/550344\/","title":{"rendered":"Quel avantage a gagn\u00e9 Bastiaan apr\u00e8s son face-\u00e0-face contre L\u00e9a ?"},"content":{"rendered":"<p>Ce vendredi 21 novembre 2025, lors du prime des surprises de la Star Academy diffus\u00e9 sur TF1, L\u00e9a et Bastiaan se sont affront\u00e9s lors d&rsquo;un face-\u00e0-face explosif ! Le gagnant a remport\u00e9 un avantage d\u00e9voil\u00e9 juste avant la prestation par Nikos Aliagas. D\u00e9couvrez vite qui et de quoi il s&rsquo;agit avec T\u00e9l\u00e9-Loisirs !<\/p>\n<p>C&rsquo;est le 18 octobre dernier que les portes du <a href=\"https:\/\/www.programme-tv.net\/news\/tv\/388521-star-academy-2025-date-de-diffusion-professeurs-casting-toutes-les-infos-sur-la-nouvelle-saison\/\" data-api-deeplink=\"teleloisirs:\/\/news\/388521\" target=\"_blank\" rel=\"noopener\">ch\u00e2teau de la Star Academy<\/a> se sont ouvertes pour accueillir les \u00e9l\u00e8ves de la treizi\u00e8me saison du programme.<a href=\"https:\/\/www.programme-tv.net\/news\/tv\/390114-star-academy-2025-voici-tous-les-candidats\/\" data-api-deeplink=\"teleloisirs:\/\/news\/390114\" target=\"_blank\" rel=\"noopener\"> 17 nouveaux candidats<\/a> y ont fait leur entr\u00e9e pour plusieurs semaines d&rsquo;apprentissage. \u00c0 ce stade du concours, certains d&rsquo;entre eux ont d\u00e9finitivement quitt\u00e9 la comp\u00e9tition, \u00e0 commencer par Mehdi qui a \u00e9t\u00e9 le premier \u00e9l\u00e8ve \u00e9limin\u00e9 de cette \u00e9dition 2025. Lenny a lui aussi connu le m\u00eame sort, tout comme Noah. Le 14 novembre dernier, <a href=\"https:\/\/www.programme-tv.net\/news\/tv\/392234-ema-star-academy-dement-une-rumeur-tenace-sur-plusieurs-eleves-yann-barthes-choque-ils-dorment-ensemble\/\" data-api-deeplink=\"teleloisirs:\/\/news\/392234\" target=\"_blank\" rel=\"noopener\">une candidate a d\u00e9cid\u00e9 d&rsquo;abandonner<\/a>, cr\u00e9ant ainsi l&rsquo;\u00e9v\u00e9nement m\u00eame s&rsquo;il y avait d\u00e9j\u00e0 eu <a href=\"https:\/\/www.programme-tv.net\/news\/tv\/392082-pierre-yvane-avant-ema-ces-autres-candidats-de-la-star-academy-qui-avaient-abandonne-l-aventure\/\" data-api-deeplink=\"teleloisirs:\/\/news\/392082\" target=\"_blank\" rel=\"noopener\">des ant\u00e9c\u00e9dents<\/a>. Il s&rsquo;agit d&rsquo;Ema qui, face \u00e0 L\u00e9ane, a pr\u00e9f\u00e9r\u00e9 <a href=\"https:\/\/www.programme-tv.net\/news\/tv\/392201-ema-star-academy-revient-sur-son-abandon-pour-ceder-sa-place-a-leane-il-n-y-avait-rien-de-premedite\/\" data-api-deeplink=\"teleloisirs:\/\/news\/392201\" target=\"_blank\" rel=\"noopener\">tirer sa r\u00e9v\u00e9rence<\/a> avant le vote de ses camarades. Un choix qu&rsquo;elle a fait apr\u00e8s avoir \u00e9t\u00e9 nomm\u00e9e \u00e0 plusieurs reprises ces derniers temps.<\/p>\n<p>Cette semaine, les t\u00e9l\u00e9spectateurs ont une fois encore pu suivre les \u00e9valuations des \u00e9l\u00e8ves. Puis ces derniers ont eu la visite d&rsquo;<a href=\"https:\/\/www.programme-tv.net\/biographie\/369595-nakamura-aya\/\" data-link-people=\"f3d8201c-1b29-422a-bf1f-e56478309adc\" target=\"_blank\" rel=\"noopener\">Aya Nakamura<\/a> qui, en plus de leur avoir donn\u00e9 des conseils, leur a d\u00e9voil\u00e9 son tout nouveau titre, No Stress. Ce vendredi 21 novembre, les \u00e9l\u00e8ves ont v\u00e9cu un prime des surprises de haut vol ! S&rsquo;ils ont retrouv\u00e9 Aya Nakamura pour l&rsquo;occasion, Ambre a mis le feu au plateau en performant sur un plateau chant\u00e9\/dans\u00e9 sur le titre Bad Romance de <a href=\"https:\/\/www.programme-tv.net\/biographie\/112990-gaga-lady\/\" data-link-people=\"82995693-b91e-45f1-88bd-82a98a4c6e2f\" target=\"_blank\" rel=\"noopener\">Lady Gaga<\/a>. Des personnalit\u00e9s surprises ont fait leur apparition, comme <a href=\"https:\/\/www.programme-tv.net\/biographie\/281681-lellouche-camille\/\" data-link-people=\"738d6a14-4578-4982-ac26-4460cb87e414\" target=\"_blank\" rel=\"noopener\">Camille Lellouche<\/a> qui a chant\u00e9 avec L\u00e9a sur le titre N&rsquo;insiste pas. Lors de son autoportrait, Sarah a retrouv\u00e9 sa maman, venue sp\u00e9cialement pour l&rsquo;occasion, ainsi que sa famille d&rsquo;accueil lorsqu&rsquo;elle a \u00e9t\u00e9 vivre \u00e0 Londres. Une soir\u00e9e riche en \u00e9motions donc !<\/p>\n<p>            Star Academy : Bastiaan et L\u00e9a en duel, le gagnant a remport\u00e9 un avantage qu&rsquo;il pourra utiliser au ch\u00e2teau<\/p>\n<p>Le face-\u00e0-face a oppos\u00e9 L\u00e9a \u00e0 Bastiaan. Les deux candidats ont interpr\u00e9t\u00e9 le titre Bohemian Rhapsody<b> <\/b>du groupe Queen. Et c&rsquo;est finalement Bastiaan qui a remport\u00e9 ce duel ! Il a ainsi eu le droit \u00e0 un avantage d\u00e9voil\u00e9 par <a href=\"https:\/\/www.programme-tv.net\/biographie\/10136-aliagas-nikos\/\" data-link-people=\"f7aba040-9169-4e30-aac3-6e2ca1bb8457\" target=\"_blank\" rel=\"noopener\">Nikos Aliagas<\/a>, \u00e0 savoir cinq minutes de t\u00e9l\u00e9phone pour \u00e9changer avec ses proches. \u00ab\u00a0Ils n&rsquo;ont pas de t\u00e9l\u00e9phones portables, ils n&rsquo;ont pas les moyens de communiquer avec leurs familles, donc ces cinq minutes-l\u00e0 vont \u00eatre importantes\u00a0\u00bb, a soulign\u00e9 le pr\u00e9sentateur.<\/p>\n","protected":false},"excerpt":{"rendered":"Ce vendredi 21 novembre 2025, lors du prime des surprises de la Star Academy diffus\u00e9 sur TF1, L\u00e9a&hellip;\n","protected":false},"author":2,"featured_media":550345,"comment_status":"","ping_status":"","sticky":false,"template":"","format":"standard","meta":{"footnotes":""},"categories":[1356],"tags":[65788,244,58,59,1011,27,66789,5095,252,199,1364],"class_list":{"0":"post-550344","1":"post","2":"type-post","3":"status-publish","4":"format-standard","5":"has-post-thumbnail","7":"category-television","8":"tag-bastiaan-star-academy-2025","9":"tag-commentaire","10":"tag-divertissement","11":"tag-entertainment","12":"tag-fr","13":"tag-france","14":"tag-lu00e9a-star-academy-2025","15":"tag-star-academy","16":"tag-television","17":"tag-tf1","18":"tag-tv"},"share_on_mastodon":{"url":"https:\/\/pubeurope.com\/@fr\/115590908331231247","error":""},"_links":{"self":[{"href":"https:\/\/www.europesays.com\/fr\/wp-json\/wp\/v2\/posts\/550344","targetHints":{"allow":["GET"]}}],"collection":[{"href":"https:\/\/www.europesays.com\/fr\/wp-json\/wp\/v2\/posts"}],"about":[{"href":"https:\/\/www.europesays.com\/fr\/wp-json\/wp\/v2\/types\/post"}],"author":[{"embeddable":true,"href":"https:\/\/www.europesays.com\/fr\/wp-json\/wp\/v2\/users\/2"}],"replies":[{"embeddable":true,"href":"https:\/\/www.europesays.com\/fr\/wp-json\/wp\/v2\/comments?post=550344"}],"version-history":[{"count":0,"href":"https:\/\/www.europesays.com\/fr\/wp-json\/wp\/v2\/posts\/550344\/revisions"}],"wp:featuredmedia":[{"embeddable":true,"href":"https:\/\/www.europesays.com\/fr\/wp-json\/wp\/v2\/media\/550345"}],"wp:attachment":[{"href":"https:\/\/www.europesays.com\/fr\/wp-json\/wp\/v2\/media?parent=550344"}],"wp:term":[{"taxonomy":"category","embeddable":true,"href":"https:\/\/www.europesays.com\/fr\/wp-json\/wp\/v2\/categories?post=550344"},{"taxonomy":"post_tag","embeddable":true,"href":"https:\/\/www.europesays.com\/fr\/wp-json\/wp\/v2\/tags?post=550344"}],"curies":[{"name":"wp","href":"https:\/\/api.w.org\/{rel}","templated":true}]}}