{"id":550348,"date":"2025-11-22T02:08:26","date_gmt":"2025-11-22T02:08:26","guid":{"rendered":"https:\/\/www.europesays.com\/fr\/550348\/"},"modified":"2025-11-22T02:08:26","modified_gmt":"2025-11-22T02:08:26","slug":"tu-vaincs-sauron-si-tu-as-7-7-a-ce-quiz-sur-aragorn","status":"publish","type":"post","link":"https:\/\/www.europesays.com\/fr\/550348\/","title":{"rendered":"tu vaincs Sauron si tu as 7\/7 \u00e0 ce quiz sur Aragorn"},"content":{"rendered":"<p><p><a href=\"https:\/\/www.serieously.com\" rel=\"nofollow noopener\" target=\"_blank\">Accueil<\/a> &gt; <a href=\"https:\/\/www.serieously.com\/quiz\/\" rel=\"nofollow noopener\" target=\"_blank\">Quiz<\/a> &gt; Le Seigneur des Anneaux : tu vaincs Sauron si tu as 7\/7 \u00e0 ce quiz sur Aragorn<\/p>\n<\/p>\n<p class=\"o-article__published-by o-article__bullets\">\n            Publi\u00e9 le<br \/>\n                        21 novembre 2025 \u00e0 19 h 20<\/p>\n<p>             Par<br \/>\n                <a href=\"https:\/\/www.serieously.com\/author\/alexia-malige\/\" rel=\"nofollow noopener\" target=\"_blank\">Alexia<br \/>\n                    Malige<\/a><\/p>\n<p><strong>L\u2019univers du Seigneur des Anneaux est extr\u00eamement vaste. Or, si tu es r\u00e9ellement un grand fan, tu dois normalement en conna\u00eetre un rayon sur les personnages principaux\u2026 Est-ce le cas ? Serieously te d\u00e9fie avec un quiz en 7 questions sur Aragorn !<\/strong><\/p>\n<p>Tu as pass\u00e9 des heures et des heures plong\u00e9 dans la Terre du Milieu en regardant ou lisant <a href=\"https:\/\/www.serieously.com\/films\/le-seigneur-des-anneaux\/\" target=\"_blank\" data-type=\"link\" data-id=\"https:\/\/www.serieously.com\/films\/le-seigneur-des-anneaux\/\" rel=\"noreferrer noopener nofollow\">Le Seigneur des Anneaux<\/a> ? Alors voici ton moment de briller ! Pour cela, il te suffit simplement de r\u00e9pondre \u00e0 ces 7 questions sur Aragorn. Bonne chance !<\/p>\n<p>Qui a offert \u00e0 Aragorn le pendentif qu&rsquo;il porte autour du cou ?<\/p>\n<p>\t\t\t\t\t<img decoding=\"async\" src=\"https:\/\/www.europesays.com\/fr\/wp-content\/uploads\/2025\/06\/legolas-aragorn-et-gandalf-dans-le-seigneur-des-anneaux.jpg\" alt=\"\u00a9 New Line Cinema\" width=\"400\" height=\"225\" loading=\"lazy\" style=\"aspect-ratio: 16\/9; object-fit: cover;\"\/><\/p>\n<p>\u00a9 New Line Cinema<\/p>\n<p>Il s\u2019agit d\u2019Arwen, son grand amour.<\/p>\n<p>Quel \u00e2ge Aragorn a-t-il ?<\/p>\n<p>\t\t\t\t\t<img decoding=\"async\" src=\"https:\/\/www.europesays.com\/fr\/wp-content\/uploads\/2025\/11\/aragorn-dans-le-seigneur-des-anneaux-1.jpg\" alt=\"\u00a9 New Line Cinema\" width=\"400\" height=\"225\" loading=\"lazy\" style=\"aspect-ratio: 16\/9; object-fit: cover;\"\/><\/p>\n<p>\u00a9 New Line Cinema<\/p>\n<p>Aragorn est \u00e2g\u00e9 de 87 ans.<\/p>\n<p>Pour quelle raison est-il si vieux alors qu&rsquo;il a un visage jeune ?<\/p>\n<p>\t\t\t\t\t<img decoding=\"async\" src=\"https:\/\/www.europesays.com\/fr\/wp-content\/uploads\/2025\/11\/aragorn-heros-quiz-le-siegneur-des-anneaux.jpg\" alt=\"\u00a9 New Line Cinema\" width=\"400\" height=\"225\" loading=\"lazy\" style=\"aspect-ratio: 16\/9; object-fit: cover;\"\/><\/p>\n<p>\u00a9 New Line Cinema<\/p>\n<p>S\u2019il est bel et bien humain, Aragorn fait partie des descendants de N\u00famenor, \u00e0 qui l\u2019on a accord\u00e9 une vie plus longue.<\/p>\n<p>Qui \u00e9tait le p\u00e8re d&rsquo;Aragorn ?<\/p>\n<p>\t\t\t\t\t<img decoding=\"async\" src=\"https:\/\/www.europesays.com\/fr\/wp-content\/uploads\/2025\/06\/aragorn-le-seigneur-des-anneaux.jpg\" alt=\"\u00a9 New Line Cinema\" width=\"400\" height=\"225\" loading=\"lazy\" style=\"aspect-ratio: 16\/9; object-fit: cover;\"\/><\/p>\n<p>\u00a9 New Line Cinema<\/p>\n<p>Aragorn est le fils Arathorn II.<\/p>\n<p>O\u00f9 Aragorn rencontre-il Frodon et ses camarades ?<\/p>\n<p>\t\t\t\t\t<img decoding=\"async\" src=\"https:\/\/www.europesays.com\/fr\/wp-content\/uploads\/2025\/11\/aragorn-et-legolas.jpg\" alt=\"\u00a9 New Line Cinema\" width=\"400\" height=\"225\" loading=\"lazy\" style=\"aspect-ratio: 16\/9; object-fit: cover;\"\/><\/p>\n<p>\u00a9 New Line Cinema<\/p>\n<p>Ils se rencontrent \u00e0 l\u2019auberge du Poney Fringant au d\u00e9but de La Communaut\u00e9 de l\u2019Anneau.<\/p>\n<p>Par quel personnage de la saga Aragorn est-il couronn\u00e9 roi \u00e0 l&rsquo;issue du troisi\u00e8me volet ?<\/p>\n<p>\t\t\t\t\t<img decoding=\"async\" src=\"https:\/\/www.europesays.com\/fr\/wp-content\/uploads\/2025\/06\/aragorn-dans-le-seigneur-des-anneaux-le-retour-du-roi.jpg\" alt=\"\u00a9 New Line Cinema\" width=\"400\" height=\"225\" loading=\"lazy\" style=\"aspect-ratio: 16\/9; object-fit: cover;\"\/><\/p>\n<p>\u00a9 New Line Cinema<\/p>\n<p>C\u2019est Gandalf qui pose la couronne sur la t\u00eate d\u2019Aragorn \u00e0 la fin du film Le Retour du Roi.<\/p>\n<p>Quelques secondes apr\u00e8s qu&rsquo;Aragorn a \u00e9t\u00e9 couronn\u00e9, des p\u00e9tales de fleurs tombent tout autour de lui. De quelle couleur sont-ils ?<\/p>\n<p>\t\t\t\t\t<img decoding=\"async\" src=\"https:\/\/www.europesays.com\/fr\/wp-content\/uploads\/2025\/11\/aragorn-couronne.jpg\" alt=\"\u00a9 New Line Cinema\" width=\"400\" height=\"225\" loading=\"lazy\" style=\"aspect-ratio: 16\/9; object-fit: cover;\"\/><\/p>\n<p>\u00a9 New Line Cinema<\/p>\n<p>Aragorn et la foule qui lui fait face se retrouvent au coeur d\u2019une pluie de p\u00e9tales blancs.<\/p>\n<p class=\"o-quiz__result-title\">Tu l&#8217;emportes sur Sauron !<\/p>\n<p class=\"o-quiz__result-subtitle\">Tu as obtenu un score de [[ score ]]\/[[ questions ]]<\/p>\n<p>\t\t\t\t\t\t\t\t\t<img decoding=\"async\" src=\"https:\/\/www.europesays.com\/fr\/wp-content\/uploads\/2025\/05\/aragorn.jpg\" alt=\"Tu l'emportes sur Sauron !\" width=\"768\" height=\"432\" loading=\"lazy\"\/><\/p>\n<p>A l\u2019\u00e9vidence, tu es un immense fan de la saga et tout particuli\u00e8rement d\u2019Aragorn. Il fait partie de tes personnages pr\u00e9f\u00e9r\u00e9s et tu connais donc tous les d\u00e9tails sur lui. Un grand bravo !<\/p>\n<p>\u00a0<\/p>\n<p>Continue sur cette lanc\u00e9e avec d\u2019autres <a href=\"https:\/\/www.serieously.com\/tag\/quiz-le-seigneur-des-anneaux\/\" target=\"_blank\" rel=\"noopener nofollow\" aria-label=\"\">quiz sur Le Seigneur des Anneaux<\/a> !<\/p>\n<p class=\"o-quiz__result-title\">Sauron a eu raison de toi&#8230;<\/p>\n<p class=\"o-quiz__result-subtitle\">Tu as obtenu un score de [[ score ]]\/[[ questions ]]<\/p>\n<p>\t\t\t\t\t\t\t\t\t<img decoding=\"async\" src=\"https:\/\/www.europesays.com\/fr\/wp-content\/uploads\/2025\/11\/sauron-le-seigneur-des-anneaux.jpg\" alt=\"Sauron a eu raison de toi...\" width=\"768\" height=\"432\" loading=\"lazy\"\/><\/p>\n<p>S\u2019il est vrai que toutes les questions n\u2019\u00e9taient pas faciles, tu as failli \u00e0 la t\u00e2che. Seul un sans-faute pouvait vaincre Sauron et tu n\u2019as pas \u00e9t\u00e9 en mesure de le livrer\u2026C\u2019est pourquoi le grand m\u00e9chant de l\u2019histoire a pu te vaincre, ravageant la Terre du Milieu sur son passage.<\/p>\n<p>\u00a0<\/p>\n<p>Essaie donc de te rattraper avec d\u2019autres <a href=\"https:\/\/www.serieously.com\/tag\/quiz-le-seigneur-des-anneaux\/\" target=\"_blank\" rel=\"noopener nofollow\" aria-label=\"\">quiz sur Le Seigneur des Anneaux<\/a> !<\/p>\n<p>\t\tRecommencer le quiz<\/p>\n<p>\t\t\t<img decoding=\"async\" src=\"https:\/\/www.europesays.com\/fr\/wp-content\/uploads\/2025\/11\/1763777306_837_alexia.jpg\" alt=\"Alexia Malige\" width=\"70\" height=\"70\" loading=\"lazy\"\/><\/p>\n<p class=\"m-user__name\">Alexia Malige<\/p>\n<p class=\"m-user__job\">Journaliste <\/p>\n<p class=\"m-user__description\">Journaliste depuis 2020 chez Serieously, Alexia Malige d\u00e9vore les films, livres et s\u00e9ries en quantit\u00e9 bien trop d\u00e9mesur\u00e9e. Qu\u2019il pleuve, qu\u2019il neige ou qu\u2019il vente, le temps s\u2019accorde toujours \u00e0 ses envies d\u2019ailleurs et de magie. Et si l\u2019automne est, pour elle, propice aux fictions saupoudr\u00e9es de cannelle \u00e0 la Gilmore Girls et Downton Abbey, elle sait aussi se tourner vers des r\u00e9cits bien moins tendres, \u00e0 l\u2019image de Vikings, Fourth Wing, Peaky Blinders ou Game of Thrones. Des go\u00fbts tr\u00e8s vari\u00e9s donc, oscillant entre Disney, fantasy, Histoire et com\u00e9die absurde qui l\u2019ont conduite \u00e0 interviewer des c\u00e9l\u00e9brit\u00e9s issues de divers horizons comme Brad Pitt, Taron Egerton, Alex H\u00f8gh Andersen, Zendaya ou encore l\u2019espi\u00e8gle Hugh Grant.<\/p>\n<p>\n\t\t\t\t\t\t\t\t\t\t\t\t\t\t\tContacter<br \/>\n\t\t\t\t\t\tAlexia\n\t\t\t\t\t\t\t\t\t<\/p>\n<p>Lundi&rsquo;spensable<\/p>\n<p class=\"mt-4 mb-4 text-xl text-center\">Le meilleur de <\/p>\n<p> dans ta boite mail<\/p>\n","protected":false},"excerpt":{"rendered":"Accueil &gt; Quiz &gt; Le Seigneur des Anneaux : tu vaincs Sauron si tu as 7\/7 \u00e0 ce&hellip;\n","protected":false},"author":2,"featured_media":550349,"comment_status":"","ping_status":"","sticky":false,"template":"","format":"standard","meta":{"footnotes":""},"categories":[1354],"tags":[58,59,1346,1011,27,1360],"class_list":{"0":"post-550348","1":"post","2":"type-post","3":"status-publish","4":"format-standard","5":"has-post-thumbnail","7":"category-films","8":"tag-divertissement","9":"tag-entertainment","10":"tag-films","11":"tag-fr","12":"tag-france","13":"tag-movies"},"share_on_mastodon":{"url":"https:\/\/pubeurope.com\/@fr\/115590917603395881","error":""},"_links":{"self":[{"href":"https:\/\/www.europesays.com\/fr\/wp-json\/wp\/v2\/posts\/550348","targetHints":{"allow":["GET"]}}],"collection":[{"href":"https:\/\/www.europesays.com\/fr\/wp-json\/wp\/v2\/posts"}],"about":[{"href":"https:\/\/www.europesays.com\/fr\/wp-json\/wp\/v2\/types\/post"}],"author":[{"embeddable":true,"href":"https:\/\/www.europesays.com\/fr\/wp-json\/wp\/v2\/users\/2"}],"replies":[{"embeddable":true,"href":"https:\/\/www.europesays.com\/fr\/wp-json\/wp\/v2\/comments?post=550348"}],"version-history":[{"count":0,"href":"https:\/\/www.europesays.com\/fr\/wp-json\/wp\/v2\/posts\/550348\/revisions"}],"wp:featuredmedia":[{"embeddable":true,"href":"https:\/\/www.europesays.com\/fr\/wp-json\/wp\/v2\/media\/550349"}],"wp:attachment":[{"href":"https:\/\/www.europesays.com\/fr\/wp-json\/wp\/v2\/media?parent=550348"}],"wp:term":[{"taxonomy":"category","embeddable":true,"href":"https:\/\/www.europesays.com\/fr\/wp-json\/wp\/v2\/categories?post=550348"},{"taxonomy":"post_tag","embeddable":true,"href":"https:\/\/www.europesays.com\/fr\/wp-json\/wp\/v2\/tags?post=550348"}],"curies":[{"name":"wp","href":"https:\/\/api.w.org\/{rel}","templated":true}]}}