{"id":550358,"date":"2025-11-22T02:13:19","date_gmt":"2025-11-22T02:13:19","guid":{"rendered":"https:\/\/www.europesays.com\/fr\/550358\/"},"modified":"2025-11-22T02:13:19","modified_gmt":"2025-11-22T02:13:19","slug":"le-groupe-lvmh-renfloue-le-parisien-a-hauteur-de-150-millions-deuros","status":"publish","type":"post","link":"https:\/\/www.europesays.com\/fr\/550358\/","title":{"rendered":"Le groupe LVMH renfloue \u00ab\u00a0Le Parisien\u00a0\u00bb \u00e0 hauteur de 150 millions d&rsquo;euros"},"content":{"rendered":"\n<p class=\"c-chapo \">\n  Cette recapitalisation \u00ab\u00a0garantit de ce fait la stabilit\u00e9 de notre activit\u00e9, essentielle \u00e0 la mission d&rsquo;information accomplie chaque jour avec rigueur par notre r\u00e9daction\u00a0\u00bb, a fait r\u00e9agi vendredi la direction du groupe Les Echos-Le Parisien.\n<\/p>\n<p>      lire plus tard<\/p>\n<p id=\"dialog__title\" class=\"dialog__title\">Pour sauvegarder cet article, connectez-vous ou cr\u00e9ez un compte franceinfo<\/p>\n<p class=\"dialog__description\">Sans paiement. Sans abonnement.<\/p>\n<p>        Fermer la fen\u00eatre d\u2019activation des notifications France Info<\/p>\n<p>      cr\u00e9er votre compte<\/p>\n<p>      se connecter<\/p>\n<p>        Fermer la fen\u00eatre de pr\u00e9sentation<\/p>\n<p>    <img loading=\"lazy\" decoding=\"async\" class=\"signature__image lazyload\" width=\"100\" height=\"100\" data- alt=\"\" src=\"https:\/\/www.europesays.com\/fr\/wp-content\/uploads\/2025\/05\/64a68815cd1a7_placeholder-36b69ec8.png\"\/><\/p>\n<p>    Publi\u00e9 le 21\/11\/2025 22:18<\/p>\n<p>        Temps de lecture : 1min<\/p>\n<p>    <img decoding=\"async\"  alt=\"L'\u00e9dition du 18 septembre 2025 du journal &quot;Le Parisien&quot;. (STEPHANE OUZOUNOFF \/ HANS LUCAS \/ AFP)\" width=\"432\" height=\"243\" src=\"https:\/\/www.europesays.com\/fr\/wp-content\/uploads\/2025\/11\/080-hl-souzounoff-2888284-6920d6d28c518274377766.jpg\" fetchpriority=\"high\"\/><\/p>\n<p>      L&rsquo;\u00e9dition du 18 septembre 2025 du journal \u00ab\u00a0Le Parisien\u00a0\u00bb. (STEPHANE OUZOUNOFF \/ HANS LUCAS \/ AFP)<\/p>\n<p>Le g\u00e9ant fran\u00e7ais du luxe LVMH, pilot\u00e9 par le milliardaire Bernard Arnault, a valid\u00e9 le renflouement \u00e0 hauteur de 150 millions d&rsquo;euros du Parisien (ou Aujourd&rsquo;hui en France), dont il est propri\u00e9taire. De quoi donner un peu d&rsquo;air au journal, <a href=\"https:\/\/www.franceinfo.fr\/economie\/medias\/une-greve-votee-par-les-salaries-du-parisien-aujourd-hui-en-france-inquiets-des-rumeurs-de-rachat-du-journal_7513309.html\" rel=\"nofollow noopener\" target=\"_blank\">objet de rumeurs de future vente<\/a>.\u00a0Cette recapitalisation \u00ab\u00a0r\u00e9pond au respect de nos obligations l\u00e9gales\u00a0\u00bb et \u00ab\u00a0garantit de ce fait la stabilit\u00e9 de notre activit\u00e9, essentielle \u00e0 la mission d&rsquo;information accomplie chaque jour avec rigueur par notre r\u00e9daction\u00a0\u00bb, a fait valoir la direction du groupe Les Echos-Le Parisien, dont fait partie le quotidien, dans une d\u00e9claration transmise \u00e0 l&rsquo;AFP, vendredi 21 novembre.\u00a0<\/p>\n<p>Dans un message interne \u00e9galement consult\u00e9 par l&rsquo;AFP, le PDG du groupe Pierre Louette et la directrice g\u00e9n\u00e9rale par int\u00e9rim Anne-Violette Revel de Lambert ont pr\u00e9cis\u00e9 que la recapitalisation interviendrait \u00ab\u00a0d&rsquo;ici la fin du mois de novembre\u00a0\u00bb via Ufipar, holding contr\u00f4l\u00e9e par LVMH. Cette op\u00e9ration, qui \u00ab\u00a0permettra de combler (les) pertes pass\u00e9es et de reconstituer (les) capitaux\u00a0\u00bb propres, \u00ab\u00a0traduit le soutien constant de l&rsquo;actionnaire envers Le Parisien\u00a0\u00bb, se f\u00e9licitent les deux dirigeants.<\/p>\n<p>LVMH avait d\u00e9j\u00e0 renflou\u00e9 en 2018 son groupe de m\u00e9dias Les Echos-Le Parisien \u00e0 hauteur de 83 millions d&rsquo;euros, puis Le Parisien (ou Aujourd&rsquo;hui en France) pour 65 millions d&rsquo;euros en 2022. Alors que le quotidien fait l&rsquo;objet de rumeurs de vente depuis plusieurs mois, cette recapitalisation \u00e9tait tr\u00e8s attendue, notamment par les salari\u00e9s, compte tenu des pertes du journal, qui ont atteint quelque 30 millions d&rsquo;euros en 2024.<\/p>\n","protected":false},"excerpt":{"rendered":"Cette recapitalisation \u00ab\u00a0garantit de ce fait la stabilit\u00e9 de notre activit\u00e9, essentielle \u00e0 la mission d&rsquo;information accomplie chaque&hellip;\n","protected":false},"author":2,"featured_media":550359,"comment_status":"","ping_status":"","sticky":false,"template":"","format":"standard","meta":{"footnotes":""},"categories":[6],"tags":[35,33,34,1011,27],"class_list":{"0":"post-550358","1":"post","2":"type-post","3":"status-publish","4":"format-standard","5":"has-post-thumbnail","7":"category-economie","8":"tag-business","9":"tag-economie","10":"tag-economy","11":"tag-fr","12":"tag-france"},"share_on_mastodon":{"url":"https:\/\/pubeurope.com\/@fr\/115590936399543974","error":""},"_links":{"self":[{"href":"https:\/\/www.europesays.com\/fr\/wp-json\/wp\/v2\/posts\/550358","targetHints":{"allow":["GET"]}}],"collection":[{"href":"https:\/\/www.europesays.com\/fr\/wp-json\/wp\/v2\/posts"}],"about":[{"href":"https:\/\/www.europesays.com\/fr\/wp-json\/wp\/v2\/types\/post"}],"author":[{"embeddable":true,"href":"https:\/\/www.europesays.com\/fr\/wp-json\/wp\/v2\/users\/2"}],"replies":[{"embeddable":true,"href":"https:\/\/www.europesays.com\/fr\/wp-json\/wp\/v2\/comments?post=550358"}],"version-history":[{"count":0,"href":"https:\/\/www.europesays.com\/fr\/wp-json\/wp\/v2\/posts\/550358\/revisions"}],"wp:featuredmedia":[{"embeddable":true,"href":"https:\/\/www.europesays.com\/fr\/wp-json\/wp\/v2\/media\/550359"}],"wp:attachment":[{"href":"https:\/\/www.europesays.com\/fr\/wp-json\/wp\/v2\/media?parent=550358"}],"wp:term":[{"taxonomy":"category","embeddable":true,"href":"https:\/\/www.europesays.com\/fr\/wp-json\/wp\/v2\/categories?post=550358"},{"taxonomy":"post_tag","embeddable":true,"href":"https:\/\/www.europesays.com\/fr\/wp-json\/wp\/v2\/tags?post=550358"}],"curies":[{"name":"wp","href":"https:\/\/api.w.org\/{rel}","templated":true}]}}