{"id":550380,"date":"2025-11-22T02:29:27","date_gmt":"2025-11-22T02:29:27","guid":{"rendered":"https:\/\/www.europesays.com\/fr\/550380\/"},"modified":"2025-11-22T02:29:27","modified_gmt":"2025-11-22T02:29:27","slug":"la-ville-sous-un-manteau-blanc","status":"publish","type":"post","link":"https:\/\/www.europesays.com\/fr\/550380\/","title":{"rendered":"la ville sous un manteau blanc"},"content":{"rendered":"<p>                    Par<br \/>\n        <strong><br \/>\n            <a href=\"https:\/\/actu.fr\/auteur\/lisa-rodrigues\" title=\"Consulter tous les articles de Lisa Rodrigues\" rel=\"nofollow noopener\" target=\"_blank\">Lisa Rodrigues<\/a><br \/>\n                    <\/strong><\/p>\n<p>        Publi\u00e9 le<\/p>\n<p>            21 nov. 2025 \u00e0 9h22        <\/p>\n<p>\u00c7a sent l\u2019hiver \u00e0 <a href=\"https:\/\/actu.fr\/auvergne-rhone-alpes\/grenoble_38185\" rel=\"nofollow noopener\" target=\"_blank\">Grenoble<\/a>. Vendredi 21 novembre, d\u00e8s le petit jour, les habitants de la pr\u00e9fecture de l\u2019Is\u00e8re <strong>se sont r\u00e9veill\u00e9s sous la neige<\/strong>. Localement, plusieurs centim\u00e8tres sont tomb\u00e9s, alors que les temp\u00e9ratures ne devraient pas d\u00e9passer les 4\u00b0C.<\/p>\n<p class=\" wall-content\">D\u2019autres flocons pourraient faire leur apparition dans la journ\u00e9e, pr\u00e9vient <a href=\"https:\/\/www.meteo-grenoble.com\/\" rel=\"nofollow noopener\" target=\"_blank\">M\u00e9t\u00e9o-Grenoble<\/a>.<\/p>\n<p>\u00ab\u00a0La neige est l\u00e0 et pas qu\u2019un peu\u00a0\u00bb<\/p>\n<p class=\" wall-content\">Les Grenoblois ont \u00e9t\u00e9 nombreux \u00e0 partager les clich\u00e9s de <strong>la ville sous un manteau blanc<\/strong> : \u00ab\u00a0un paysage hivernal\u00a0\u00bb \u00e9crit cette habitante, \u00ab\u00a0la neige est l\u00e0 et pas qu\u2019un peu\u00a0\u00bb, rench\u00e9rit un internaute.<\/p>\n<p class=\" wall-content\">D\u2019autres soulignent cette <strong>premi\u00e8re neige de la saison<\/strong> dans la capitale des Alpes, o\u00f9 elle n\u2019avait pas point\u00e9 le bout de son nez \u00ab\u00a0depuis octobre 2023\u00a0\u00bb, d\u2019apr\u00e8s une Grenobloise.<\/p>\n<p><a class=\"jo-module-caroussel__img-container\" href=\"https:\/\/static.actu.fr\/uploads\/2025\/11\/neige-grenoble-facebook-aline-fleury.jpg\" title=\"Agrandir la photo Quelques centim\u00e8tres de neige sont tomb\u00e9s ce vendredi matin \u00e0 Grenoble. (\u00a9 Aline Fleury \/ Facebook)\" data-idx=\"1\" rel=\"nofollow noopener\" target=\"_blank\"><br \/>\n    <img decoding=\"async\" class=\"jo-module-caroussel__img\" loading=\"lazy\" src=\"https:\/\/www.europesays.com\/fr\/wp-content\/uploads\/2025\/11\/neige-grenoble-facebook-aline-fleury-640x427.jpg\" alt=\"Quelques centim\u00e8tres de neige sont tomb\u00e9s ce vendredi matin \u00e0 Grenoble. (\u00a9 Aline Fleury \/ Facebook)\" width=\"640\" height=\"427\"\/><\/a><a class=\"jo-module-caroussel__img-container\" href=\"https:\/\/static.actu.fr\/uploads\/2025\/11\/neige-grenoble-aline-fleury-facebook.jpg\" title=\"Agrandir la photo Quelques centim\u00e8tres de neige sont tomb\u00e9s ce vendredi matin \u00e0 Grenoble. (\u00a9 Aline Fleury \/ Facebook)\" data-idx=\"2\" rel=\"nofollow noopener\" target=\"_blank\"><br \/>\n    <img decoding=\"async\" class=\"jo-module-caroussel__img\" loading=\"lazy\" src=\"https:\/\/www.europesays.com\/fr\/wp-content\/uploads\/2025\/11\/neige-grenoble-aline-fleury-facebook-640x427.jpg\" alt=\"Quelques centim\u00e8tres de neige sont tomb\u00e9s ce vendredi matin \u00e0 Grenoble. (\u00a9 Aline Fleury \/ Facebook)\" width=\"640\" height=\"427\"\/><\/a><\/p>\n<p class=\" wall-content\">De quoi se mettre dans l\u2019ambiance des f\u00eates sur <a href=\"https:\/\/actu.fr\/auvergne-rhone-alpes\/grenoble_38185\/le-marche-de-noel-a-grenoble-revient-horaires-programmation-ce-qu-il-faut-savoir_63462665.html\" rel=\"nofollow noopener\" target=\"_blank\">le march\u00e9 de No\u00ebl<\/a> de la place Victor-Hugo qui doit ouvrir ce jour.<\/p>\n<p>Votre r\u00e9gion, votre actu !<\/p>\n<p>Recevez chaque jour les infos qui comptent pour vous.<\/p>\n<p>\t<a href=\"https:\/\/actu.fr\/newsletter\" class=\"ac-btn ac-btn--corner ac-btn--medium ac-btn--blue800\" rel=\"nofollow noopener\" target=\"_blank\">S&rsquo;incrire<\/a><\/p>\n<p>    <img   decoding=\"async\" loading=\"lazy\" src=\"https:\/\/www.europesays.com\/fr\/wp-content\/uploads\/2025\/11\/neige-grenoble-facebook-thomas-iglesis-960x640.jpg\" alt=\"La place Victor-Hugo \u00e0 Grenoble, o\u00f9 doit s'ouvrir ce vendredi dans le march\u00e9 de No\u00ebl s'est mis dans l'ambiance des f\u00eates !\" width=\"960\" height=\"640\"\/><br \/>\n    La place Victor-Hugo \u00e0 Grenoble, o\u00f9 doit s\u2019ouvrir ce vendredi dans le march\u00e9 de No\u00ebl s\u2019est mis dans l\u2019ambiance des f\u00eates ! (\u00a9Thomas Igl\u00e9sis \/ Facebook)M\u00e9t\u00e9o-France place l\u2019Is\u00e8re en vigilance<\/p>\n<p class=\" wall-content\">Attention toutefois, le d\u00e9partement de l\u2019<a href=\"https:\/\/actu.fr\/auvergne-rhone-alpes\/isere_38\" rel=\"nofollow noopener\" target=\"_blank\">Is\u00e8re<\/a> est plac\u00e9 ce vendredi en <strong>vigilance jaune neige-verglas<\/strong> par M\u00e9t\u00e9o-France : les routes peuvent donc \u00eatre tr\u00e8s glissantes. Une vigilance qui court \u00e9galement pour la journ\u00e9e de samedi.<\/p>\n<p class=\" wall-content\">Les temp\u00e9ratures vont rester hivernales, avec autour de 3 \u00e0 5 \u00b0C au maximum pr\u00e9vu \u00e0 Grenoble pour ce d\u00e9but de week-end.<\/p>\n<p class=\" wall-content\">Personnalisez votre actualit\u00e9 en ajoutant vos villes et m\u00e9dias en favori avec <a href=\"https:\/\/moncompte.actu.fr\" title=\"D\u00e9couvez Mon Actu\" rel=\"nofollow noopener\" data-trk=\"{&quot;cta&quot;:{&quot;action&quot;:&quot;https:\\\/\\\/moncompte.actu.fr&quot;,&quot;category&quot;:&quot;mon compte&quot;,&quot;from&quot;:&quot;article footer&quot;,&quot;name&quot;:&quot;Mon actu&quot;,&quot;type&quot;:&quot;cta&quot;}}\" target=\"_blank\">Mon Actu<\/a>.<\/p>\n","protected":false},"excerpt":{"rendered":"Par Lisa Rodrigues Publi\u00e9 le 21 nov. 2025 \u00e0 9h22 \u00c7a sent l\u2019hiver \u00e0 Grenoble. Vendredi 21 novembre,&hellip;\n","protected":false},"author":2,"featured_media":550381,"comment_status":"","ping_status":"","sticky":false,"template":"","format":"standard","meta":{"footnotes":""},"categories":[9566],"tags":[1111,11,2430,1777,674,1011,27,2731,2357,10584,12,25,104],"class_list":{"0":"post-550380","1":"post","2":"type-post","3":"status-publish","4":"format-standard","5":"has-post-thumbnail","7":"category-grenoble","8":"tag-actu","9":"tag-actualites","10":"tag-auvergne-rhone-alpes","11":"tag-eu","12":"tag-europe","13":"tag-fr","14":"tag-france","15":"tag-grenoble","16":"tag-meteo-france","17":"tag-neige","18":"tag-news","19":"tag-republique-francaise","20":"tag-societe"},"share_on_mastodon":{"url":"https:\/\/pubeurope.com\/@fr\/115590999967512030","error":""},"_links":{"self":[{"href":"https:\/\/www.europesays.com\/fr\/wp-json\/wp\/v2\/posts\/550380","targetHints":{"allow":["GET"]}}],"collection":[{"href":"https:\/\/www.europesays.com\/fr\/wp-json\/wp\/v2\/posts"}],"about":[{"href":"https:\/\/www.europesays.com\/fr\/wp-json\/wp\/v2\/types\/post"}],"author":[{"embeddable":true,"href":"https:\/\/www.europesays.com\/fr\/wp-json\/wp\/v2\/users\/2"}],"replies":[{"embeddable":true,"href":"https:\/\/www.europesays.com\/fr\/wp-json\/wp\/v2\/comments?post=550380"}],"version-history":[{"count":0,"href":"https:\/\/www.europesays.com\/fr\/wp-json\/wp\/v2\/posts\/550380\/revisions"}],"wp:featuredmedia":[{"embeddable":true,"href":"https:\/\/www.europesays.com\/fr\/wp-json\/wp\/v2\/media\/550381"}],"wp:attachment":[{"href":"https:\/\/www.europesays.com\/fr\/wp-json\/wp\/v2\/media?parent=550380"}],"wp:term":[{"taxonomy":"category","embeddable":true,"href":"https:\/\/www.europesays.com\/fr\/wp-json\/wp\/v2\/categories?post=550380"},{"taxonomy":"post_tag","embeddable":true,"href":"https:\/\/www.europesays.com\/fr\/wp-json\/wp\/v2\/tags?post=550380"}],"curies":[{"name":"wp","href":"https:\/\/api.w.org\/{rel}","templated":true}]}}