{"id":550388,"date":"2025-11-22T02:34:23","date_gmt":"2025-11-22T02:34:23","guid":{"rendered":"https:\/\/www.europesays.com\/fr\/550388\/"},"modified":"2025-11-22T02:34:23","modified_gmt":"2025-11-22T02:34:23","slug":"les-jeunes-europeens-a-kehl-contre-les-controles-aux-frontieres","status":"publish","type":"post","link":"https:\/\/www.europesays.com\/fr\/550388\/","title":{"rendered":"Les Jeunes Europ\u00e9ens \u00e0 Kehl contre les contr\u00f4les aux fronti\u00e8res"},"content":{"rendered":"<p class=\"wp-block-post-excerpt__excerpt\">Les Jeunes Europ\u00e9ens de Kehl et du Bade-Wurtemberg organisent un rassemblement dimanche 23 novembre \u00e0 14\u00a0h sur le parvis de la gare de Kehl contre les contr\u00f4les aux fronti\u00e8res dans l\u2019espace Schengen. <\/p>\n<p class=\"font-sans\">\n\t\t\tCet article est en acc\u00e8s libre. Pour soutenir Rue89 Strasbourg,<br \/>\n\t\t\t<a class=\"underline\" href=\"https:\/\/www.rue89strasbourg.com\/abonnement\" rel=\"nofollow noopener\" target=\"_blank\">abonnez-vous<\/a>.\n\t\t<\/p>\n<p>Eva Chibane<\/p>\n<p>Publi\u00e9 le 21 novembre 2025\u00a0\u00a0\u00b7\u00a0\u00a0<\/p>\n<p>Imprim\u00e9 le 22 novembre 2025 \u00e0 03h34\u00a0\u00a0\u00b7\u00a0\u00a0<\/p>\n<p>Modifi\u00e9 le 21 novembre 2025\u00a0\u00a0\u00b7\u00a0\u00a0<\/p>\n<p>\t\t\t\t\t1\u00a0minute\n<\/p>\n<p>De l\u2019autre c\u00f4t\u00e9 du Rhin, Les Jeunes Europ\u00e9ens sont en col\u00e8re. Selon eux, plus d\u2019un tiers des \u00c9tats membres de l\u2019espace Schengen ont r\u00e9introduit des contr\u00f4les aux fronti\u00e8res. \u00ab\u00a0Ces contr\u00f4les perturbent durablement le quotidien des personnes vivant \u00e0 Kehl et ailleurs le long de la fronti\u00e8re franco-allemande ou germano-suisse\u00a0\u00bb, pr\u00e9cise l\u2019organisation.<\/p>\n<p>Des contr\u00f4les qui se renforcent et \u00ab\u00a0violent d\u00e9sormais \u00e9galement le Code des fronti\u00e8res Schengen, qui limite la dur\u00e9e des contr\u00f4les aux fronti\u00e8res int\u00e9rieures\u00a0\u00bb, ajoutent les organisateurs. Ils soulignent les effets symboliques et culturels de la r\u00e9apparition des fronti\u00e8res\u00a0:\u00a0<\/p>\n<blockquote class=\"wp-block-quote is-layout-flow wp-block-quote-is-layout-flow\">\n<p> \u00ab\u00a0La libert\u00e9 de circulation, que les jeunes consid\u00e8rent comme acquise et qui est un symbole de l\u2019int\u00e9gration et de l\u2019identit\u00e9 europ\u00e9ennes, est remise en question \u00e0 grande \u00e9chelle.\u00a0\u00bb<\/p>\n<\/blockquote>\n<p><a href=\"https:\/\/www.rue89strasbourg.com\/user\/offrez-rue89-strasbourg\" target=\"_blank\" rel=\" noreferrer noopener nofollow\"><img loading=\"lazy\" decoding=\"async\" width=\"1940\" height=\"500\" src=\"https:\/\/www.europesays.com\/fr\/wp-content\/uploads\/2025\/11\/banner-970x250px-promo-v2-.png\" alt=\"\" class=\"wp-image-367072\" style=\"object-fit:cover;width:970px;height:250px\"  \/><\/a><\/p>\n<p>Politique symbolique et co\u00fbteuse<\/p>\n<p>Les organisateurs d\u00e9noncent \u00e9galement l\u2019inefficacit\u00e9 de ces contr\u00f4les\u00a0:\u00a0<\/p>\n<blockquote class=\"wp-block-quote is-layout-flow wp-block-quote-is-layout-flow\">\n<p>\u00ab\u00a0Selon le syndicat de police, les contr\u00f4les aux fronti\u00e8res int\u00e9rieures sont inefficaces pour lutter contre la migration irr\u00e9guli\u00e8re, car les points de contr\u00f4le fixes sont faciles \u00e0 contourner et une surveillance globale n\u2019est pas possible. Il s\u2019agit donc d\u2019une politique symbolique co\u00fbteuse qui implique \u00e9galement une charge de travail nettement accrue pour la police, incapable de garantir la s\u00e9curit\u00e9 ailleurs.\u00a0\u00bb<\/p>\n<\/blockquote>\n<p>Selon une \u00e9tude d\u2019Allianz Trade de septembre 2024 cit\u00e9e par les Jeunes Europ\u00e9ens, les contr\u00f4les aux fronti\u00e8res pourraient co\u00fbter \u00e0 l\u2019\u00e9conomie allemande 11,5 milliards d\u2019euros par an.<\/p>\n<p>\t\tGrandir sans fronti\u00e8res<\/p>\n<p>\u00ab\u00a0En tant que jeune g\u00e9n\u00e9ration, nous avons grandi sans fronti\u00e8res. Ici, l\u2019une des r\u00e9alisations fondamentales de l\u2019UE et notre identit\u00e9 europ\u00e9enne sont attaqu\u00e9es\u00a0\u00bb, d\u00e9nonce Sarah Reisinger, pr\u00e9sidente des Jeunes Europ\u00e9ens du Bade-Wurtemberg.<\/p>\n<p>Le rassemblement s\u2019inscrit dans le cadre de <a href=\"https:\/\/jef.eu\/campaign\/donttouchmyschengen\/\" target=\"_blank\" rel=\"noreferrer noopener nofollow\">la campagne \u00ab\u00a0Don\u2019t touch my Schengen\u00a0\u00bb<\/a>, lanc\u00e9e en 2016 par les Jeunes F\u00e9d\u00e9ralistes Europ\u00e9ens, qui militent pour la protection de la libre circulation en tant que droit fondamental des citoyens europ\u00e9ens.<\/p>\n<p>Y <strong>aller<\/strong><\/p>\n<p>Dimanche 23 novembre, devant le parvis de la gare \u00e0 Kehl. 14 h.<\/p>\n","protected":false},"excerpt":{"rendered":"Les Jeunes Europ\u00e9ens de Kehl et du Bade-Wurtemberg organisent un rassemblement dimanche 23 novembre \u00e0 14\u00a0h sur le&hellip;\n","protected":false},"author":2,"featured_media":550389,"comment_status":"","ping_status":"","sticky":false,"template":"","format":"standard","meta":{"footnotes":""},"categories":[2820],"tags":[1111,11,7325,1777,674,1011,27,20705,775,14871,2088,12,25,640],"class_list":{"0":"post-550388","1":"post","2":"type-post","3":"status-publish","4":"format-standard","5":"has-post-thumbnail","7":"category-strasbourg","8":"tag-actu","9":"tag-actualites","10":"tag-controle","11":"tag-eu","12":"tag-europe","13":"tag-fr","14":"tag-france","15":"tag-frontiere","16":"tag-grand-est","17":"tag-kehl","18":"tag-manifestation","19":"tag-news","20":"tag-republique-francaise","21":"tag-strasbourg"},"share_on_mastodon":{"url":"https:\/\/pubeurope.com\/@fr\/115591019461333623","error":""},"_links":{"self":[{"href":"https:\/\/www.europesays.com\/fr\/wp-json\/wp\/v2\/posts\/550388","targetHints":{"allow":["GET"]}}],"collection":[{"href":"https:\/\/www.europesays.com\/fr\/wp-json\/wp\/v2\/posts"}],"about":[{"href":"https:\/\/www.europesays.com\/fr\/wp-json\/wp\/v2\/types\/post"}],"author":[{"embeddable":true,"href":"https:\/\/www.europesays.com\/fr\/wp-json\/wp\/v2\/users\/2"}],"replies":[{"embeddable":true,"href":"https:\/\/www.europesays.com\/fr\/wp-json\/wp\/v2\/comments?post=550388"}],"version-history":[{"count":0,"href":"https:\/\/www.europesays.com\/fr\/wp-json\/wp\/v2\/posts\/550388\/revisions"}],"wp:featuredmedia":[{"embeddable":true,"href":"https:\/\/www.europesays.com\/fr\/wp-json\/wp\/v2\/media\/550389"}],"wp:attachment":[{"href":"https:\/\/www.europesays.com\/fr\/wp-json\/wp\/v2\/media?parent=550388"}],"wp:term":[{"taxonomy":"category","embeddable":true,"href":"https:\/\/www.europesays.com\/fr\/wp-json\/wp\/v2\/categories?post=550388"},{"taxonomy":"post_tag","embeddable":true,"href":"https:\/\/www.europesays.com\/fr\/wp-json\/wp\/v2\/tags?post=550388"}],"curies":[{"name":"wp","href":"https:\/\/api.w.org\/{rel}","templated":true}]}}