{"id":550392,"date":"2025-11-22T02:36:29","date_gmt":"2025-11-22T02:36:29","guid":{"rendered":"https:\/\/www.europesays.com\/fr\/550392\/"},"modified":"2025-11-22T02:36:29","modified_gmt":"2025-11-22T02:36:29","slug":"nice-une-grande-parade-lumineuse-a-velo-samedi-6-decembre","status":"publish","type":"post","link":"https:\/\/www.europesays.com\/fr\/550392\/","title":{"rendered":"Nice : Une grande parade lumineuse \u00e0 v\u00e9lo samedi 6 d\u00e9cembre"},"content":{"rendered":"<p>                    <img loading=\"lazy\" decoding=\"async\" src=\"https:\/\/www.europesays.com\/fr\/wp-content\/uploads\/2025\/11\/289dbe1162273cb006d16798124e10.png\" class=\"img-responsive post-image\" width=\"680\" height=\"510\" alt=\"Nice : Une grande parade\" title=\"Nice : Une grande parade lumineuse \u00e0 v\u00e9lo samedi 6 d\u00e9cembre\"\/><\/p>\n<p class=\"chapo\">Pour cl\u00f4turer sa campagne de sensibilisation Cyclistes Brillez 2025, l\u2019association Nice \u00e0 V\u00e9lo donne rendez-vous aux Ni\u00e7ois et Ni\u00e7oises pour une parade lumineuse et musicale dans les rues de la ville, samedi 6 d\u00e9cembre.<\/p>\n<p>Le d\u00e9part sera donn\u00e9 \u00e0 19h depuis la place Garibaldi, avec un rassemblement pr\u00e9vu d\u00e8s 18h30. Les participants sont invit\u00e9s \u00e0 illuminer leurs v\u00e9los, \u00e0 enfiler v\u00eatements fluo, r\u00e9fl\u00e9chissants ou paillet\u00e9s, et \u00e0 venir partager une soir\u00e9e festive destin\u00e9e \u00e0 promouvoir la visibilit\u00e9 des cyclistes \u00e0 la tomb\u00e9e de la nuit.<br class=\"texte\"\/><br \/>\nL\u2019\u00e9v\u00e9nement est organis\u00e9 en collaboration avec la S\u00e9curit\u00e9 Routi\u00e8re et la F\u00e9d\u00e9ration fran\u00e7aise des Usag\u00e8res et Usagers de la Bicyclette (FUB). <strong>Une occasion conviviale de rappeler que la s\u00e9curit\u00e9 passe aussi par la lumi\u00e8re\u2026 et par un peu de cr\u00e9ativit\u00e9\u00a0!<\/strong><\/p>\n<p> <a href=\"https:\/\/www.europesays.com\/fr\/wp-content\/uploads\/2025\/11\/fyt8yj_73d53.png\" class=\"spip_doc_lien mediabox\" type=\"image\/png\"><br \/>\n\t\t<img loading=\"lazy\" decoding=\"async\" src=\"https:\/\/www.europesays.com\/fr\/wp-content\/uploads\/2025\/11\/fyt8yj_73d53.png\" width=\"700\" height=\"990\" alt=\"\"\/><\/a><\/p>\n","protected":false},"excerpt":{"rendered":"Pour cl\u00f4turer sa campagne de sensibilisation Cyclistes Brillez 2025, l\u2019association Nice \u00e0 V\u00e9lo donne rendez-vous aux Ni\u00e7ois et&hellip;\n","protected":false},"author":2,"featured_media":550393,"comment_status":"","ping_status":"","sticky":false,"template":"","format":"standard","meta":{"footnotes":""},"categories":[2819],"tags":[1111,11,2408,1777,674,1011,27,12,2401,882,25],"class_list":{"0":"post-550392","1":"post","2":"type-post","3":"status-publish","4":"format-standard","5":"has-post-thumbnail","7":"category-nice","8":"tag-actu","9":"tag-actualites","10":"tag-appels-d","11":"tag-eu","12":"tag-europe","13":"tag-fr","14":"tag-france","15":"tag-news","16":"tag-nice","17":"tag-provence-alpes-cote-dazur","18":"tag-republique-francaise"},"share_on_mastodon":{"url":"https:\/\/pubeurope.com\/@fr\/115591026702696299","error":""},"_links":{"self":[{"href":"https:\/\/www.europesays.com\/fr\/wp-json\/wp\/v2\/posts\/550392","targetHints":{"allow":["GET"]}}],"collection":[{"href":"https:\/\/www.europesays.com\/fr\/wp-json\/wp\/v2\/posts"}],"about":[{"href":"https:\/\/www.europesays.com\/fr\/wp-json\/wp\/v2\/types\/post"}],"author":[{"embeddable":true,"href":"https:\/\/www.europesays.com\/fr\/wp-json\/wp\/v2\/users\/2"}],"replies":[{"embeddable":true,"href":"https:\/\/www.europesays.com\/fr\/wp-json\/wp\/v2\/comments?post=550392"}],"version-history":[{"count":0,"href":"https:\/\/www.europesays.com\/fr\/wp-json\/wp\/v2\/posts\/550392\/revisions"}],"wp:featuredmedia":[{"embeddable":true,"href":"https:\/\/www.europesays.com\/fr\/wp-json\/wp\/v2\/media\/550393"}],"wp:attachment":[{"href":"https:\/\/www.europesays.com\/fr\/wp-json\/wp\/v2\/media?parent=550392"}],"wp:term":[{"taxonomy":"category","embeddable":true,"href":"https:\/\/www.europesays.com\/fr\/wp-json\/wp\/v2\/categories?post=550392"},{"taxonomy":"post_tag","embeddable":true,"href":"https:\/\/www.europesays.com\/fr\/wp-json\/wp\/v2\/tags?post=550392"}],"curies":[{"name":"wp","href":"https:\/\/api.w.org\/{rel}","templated":true}]}}