{"id":550410,"date":"2025-11-22T02:47:20","date_gmt":"2025-11-22T02:47:20","guid":{"rendered":"https:\/\/www.europesays.com\/fr\/550410\/"},"modified":"2025-11-22T02:47:20","modified_gmt":"2025-11-22T02:47:20","slug":"une-edition-marquee-par-laffirmation-des-valeurs-humaines","status":"publish","type":"post","link":"https:\/\/www.europesays.com\/fr\/550410\/","title":{"rendered":"une \u00e9dition marqu\u00e9e par l&rsquo;affirmation des valeurs humaines"},"content":{"rendered":"<p><a href=\"https:\/\/www.laprovence.com\/article\/economie\/1806917720136814\/la-cpme-sud-alerte-pas-une-taxe-de-plus-il-faut-sauver-la-confiance-des-pme\" target=\"_blank\" rel=\"noopener\">La CPME Sud<\/a> organisait ce jeudi 20\u00a0novembre la finale r\u00e9gionale des <a href=\"https:\/\/www.laprovence.com\/article\/le-hub\/1548183245112415\/trophee-des-entrepreneurs-positifs-cap-sur-aix-en-provence-pour-la-2e-demi-finale-des-trophees-de-la-cpme-13\" target=\"_blank\" rel=\"noopener\">Troph\u00e9es des Entrepreneurs Positifs<\/a>. Un rendez-vous devenu incontournable pour les dirigeants de TPE-PME. \u00ab\u00a0Il y a une dizaine d\u2019ann\u00e9es, nous avons invent\u00e9 ce concept pour mettre \u00e0 l\u2019honneur des chefs d\u2019entreprise porteurs de valeurs humaines\u00a0: courage, bienveillance, \u00e9coresponsabilit\u00e9\u2026\u00a0\u00bb, rappelle Alain Gargani, pr\u00e9sident de la CPME Sud, aux c\u00f4t\u00e9s de Fabien Paul, pr\u00e9sident de la CPME des Alpes-Maritimes.<\/p>\n<p>Cette 6\u1d49 \u00e9dition, marqu\u00e9e par un record de participation f\u00e9minine, refl\u00e8te une \u00e9volution profonde\u00a0: \u00ab\u00a0Les femmes se sentent aujourd\u2019hui davantage l\u00e9gitimes. Une cheffe d\u2019entreprise m\u00e8ne plusieurs vies, et leur engagement inspire toute la communaut\u00e9\u00a0\u00bb, souligne le responsable.<\/p>\n<p>Huit laur\u00e9ats sur 36 finalistes des six d\u00e9partements du Sud<\/p>\n<p>Parmi les 36 finalistes issus des six d\u00e9partements, huit laur\u00e9ats ont \u00e9t\u00e9 distingu\u00e9s. Le Prix de la cr\u00e9ativit\u00e9 revient \u00e0 SAS Waterbike Verdon (04) et son waterbike \u00e9lectrique modulable. Le Prix du courage r\u00e9compense Coezia (05), cr\u00e9ateur d\u2019escape games nature engag\u00e9s. Le Prix de la solidarit\u00e9 salue l\u2019action d\u2019Entre Head (06), association de soutien aux dirigeants en difficult\u00e9. Le Prix de l&#8230;<\/p>\n","protected":false},"excerpt":{"rendered":"La CPME Sud organisait ce jeudi 20\u00a0novembre la finale r\u00e9gionale des Troph\u00e9es des Entrepreneurs Positifs. Un rendez-vous devenu&hellip;\n","protected":false},"author":2,"featured_media":550411,"comment_status":"","ping_status":"","sticky":false,"template":"","format":"standard","meta":{"footnotes":""},"categories":[2814],"tags":[17,1111,11,154,33,4660,15271,1777,674,1011,27,151,884,12,14489,882,25,37369,96],"class_list":{"0":"post-550410","1":"post","2":"type-post","3":"status-publish","4":"format-standard","5":"has-post-thumbnail","7":"category-marseille","8":"tag-17","9":"tag-actu","10":"tag-actualites","11":"tag-des","12":"tag-economie","13":"tag-edition","14":"tag-entrepreneurs","15":"tag-eu","16":"tag-europe","17":"tag-fr","18":"tag-france","19":"tag-les","20":"tag-marseille","21":"tag-news","22":"tag-positifs","23":"tag-provence-alpes-cote-dazur","24":"tag-republique-francaise","25":"tag-trophees","26":"tag-une"},"share_on_mastodon":{"url":"https:\/\/pubeurope.com\/@fr\/115591069511729710","error":""},"_links":{"self":[{"href":"https:\/\/www.europesays.com\/fr\/wp-json\/wp\/v2\/posts\/550410","targetHints":{"allow":["GET"]}}],"collection":[{"href":"https:\/\/www.europesays.com\/fr\/wp-json\/wp\/v2\/posts"}],"about":[{"href":"https:\/\/www.europesays.com\/fr\/wp-json\/wp\/v2\/types\/post"}],"author":[{"embeddable":true,"href":"https:\/\/www.europesays.com\/fr\/wp-json\/wp\/v2\/users\/2"}],"replies":[{"embeddable":true,"href":"https:\/\/www.europesays.com\/fr\/wp-json\/wp\/v2\/comments?post=550410"}],"version-history":[{"count":0,"href":"https:\/\/www.europesays.com\/fr\/wp-json\/wp\/v2\/posts\/550410\/revisions"}],"wp:featuredmedia":[{"embeddable":true,"href":"https:\/\/www.europesays.com\/fr\/wp-json\/wp\/v2\/media\/550411"}],"wp:attachment":[{"href":"https:\/\/www.europesays.com\/fr\/wp-json\/wp\/v2\/media?parent=550410"}],"wp:term":[{"taxonomy":"category","embeddable":true,"href":"https:\/\/www.europesays.com\/fr\/wp-json\/wp\/v2\/categories?post=550410"},{"taxonomy":"post_tag","embeddable":true,"href":"https:\/\/www.europesays.com\/fr\/wp-json\/wp\/v2\/tags?post=550410"}],"curies":[{"name":"wp","href":"https:\/\/api.w.org\/{rel}","templated":true}]}}