{"id":550426,"date":"2025-11-22T03:00:36","date_gmt":"2025-11-22T03:00:36","guid":{"rendered":"https:\/\/www.europesays.com\/fr\/550426\/"},"modified":"2025-11-22T03:00:36","modified_gmt":"2025-11-22T03:00:36","slug":"il-fixe-une-date-butoir-trump-met-la-pression-pour-que-lukraine-accepte-son-plan-de-paix","status":"publish","type":"post","link":"https:\/\/www.europesays.com\/fr\/550426\/","title":{"rendered":"Il fixe une date butoir : Trump met la pression pour que l&rsquo;Ukraine accepte son plan de paix"},"content":{"rendered":"<ul class=\"jsx-862013697 ArticleChapo__List\">\n<li class=\"jsx-862013697 ArticleChapo__List_Item flex\">Donald Trump a estim\u00e9 vendredi que le jeudi 27 novembre \u00e9tait une date limite  \u00ab\u00a0ad\u00e9quate\u00a0\u00bb pour un feu vert de l&rsquo;Ukraine \u00e0 son plan de r\u00e8glement du conflit.<\/li>\n<li class=\"jsx-862013697 ArticleChapo__List_Item flex\">Celui-ci peut \u00ab\u00a0servir de base\u00a0\u00bb, a reconnu Vladimir Poutine.<\/li>\n<li class=\"jsx-862013697 ArticleChapo__List_Item flex\">Sous pression, Volodymyr Zelensky a repouss\u00e9 le projet am\u00e9ricain, assurant qu&rsquo;il ne \u00ab\u00a0trahira\u00a0\u00bb pas son pays.<\/li>\n<\/ul>\n<p data-module=\"article-paragraph\" class=\"jsx-3046738180 Paragraph\">Donald Trump acc\u00e9l\u00e8re sur le dossier ukrainien. Avec le regard bienveillant du Kremlin. Apr\u00e8s bient\u00f4t <a href=\"https:\/\/www.tf1info.fr\/actualite\/invasion-de-l-ukraine-par-la-russie-une-guerre-qui-dure-12951\/\" target=\"_blank\" rel=\"noopener\">quatre ans de guerre<\/a>, le pr\u00e9sident am\u00e9ricain a impos\u00e9 ce vendredi une date butoir \u00e0 Kiev : le 27 novembre. Un temps suffisant, selon la Maison Blanche, pour que <a href=\"https:\/\/www.tf1info.fr\/actualite\/volodymyr-zelensky-12882\/\" target=\"_blank\" rel=\"noopener\">Volodymyr Zelensky<\/a> \u00e9tudie un plan de r\u00e8glement du conflit d&rsquo;ores et d\u00e9j\u00e0 consid\u00e9r\u00e9 comme \u00ab\u00a0une base\u00a0\u00bb de travail par Moscou.<\/p>\n<p data-module=\"article-paragraph\" class=\"jsx-3046738180 Paragraph Paragraph__End\">\u00ab\u00a0Ils ont \u00e9t\u00e9 tr\u00e8s courageux\u00a0\u00bb, a lanc\u00e9 sur Fox News Radio Donald Trump \u00e0 propos des combattants ukrainiens. Avant d&rsquo;imposer son calendrier : \u00ab\u00a0J&rsquo;ai eu beaucoup de dates butoirs et quand les choses vont bien, la tendance est de repousser les dates butoirs. Mais jeudi est, nous pensons, un moment ad\u00e9quat\u00a0\u00bb. Selon Donald Trump, Kiev n&rsquo;a rien \u00e0 gagner \u00e0 continuer les combats. Si ces derniers continuent, les Ukrainiens allaient de toute fa\u00e7on \u00ab\u00a0perdre en peu de temps\u00a0\u00bb <a href=\"https:\/\/www.tf1info.fr\/international\/guerre-ukraine-ce-que-contient-le-nouveau-plan-americain-de-paix-pour-l-ukraine-fortement-oriente-vers-poutine-2407863.html\" target=\"_blank\" rel=\"noopener\">les territoires qu&rsquo;ils devraient,<\/a> si ce plan \u00e9tait valid\u00e9, c\u00e9der \u00e0 la Russie.<\/p>\n<p>Les Russes doivent \u00ab\u00a0faire preuve de souplesse\u00a0\u00bb, selon Trump<\/p>\n<p data-module=\"article-paragraph\" class=\"jsx-3046738180 Paragraph\"><a href=\"https:\/\/www.tf1info.fr\/actualite\/vladimir-poutine-10297\/\" target=\"_blank\" rel=\"noopener\">Vladimir Poutine<\/a> \u00ab\u00a0ne veut pas plus de guerre\u00a0\u00bb, a encore assur\u00e9 le dirigeant r\u00e9publicain, interrog\u00e9 sur l&rsquo;\u00e9ventualit\u00e9 que la Russie attaque apr\u00e8s l&rsquo;Ukraine d&rsquo;autres pays de la r\u00e9gion. Qu&rsquo;en pense le principal int\u00e9ress\u00e9 ? Peu apr\u00e8s la prise de parole de Donald Trump, son homologue a donn\u00e9 son feu vert \u00e0 l&rsquo;initiative am\u00e9ricaine. \u00ab\u00a0Il peut servir de base \u00e0 un r\u00e8glement pacifique d\u00e9finitif, mais ce plan n&rsquo;est pas discut\u00e9 avec nous de mani\u00e8re concr\u00e8te\u00a0\u00bb, a comment\u00e9 Vladimir Poutine lors d&rsquo;une r\u00e9union gouvernementale retransmise \u00e0 la t\u00e9l\u00e9vision.<\/p>\n<p data-module=\"article-paragraph\" class=\"jsx-3046738180 Paragraph Paragraph__End\">Selon le ma\u00eetre du Kremlin, ce plan en 28 points n&rsquo;a \u00e9t\u00e9 \u00e9voqu\u00e9 entre Moscou et Washington que \u00ab\u00a0dans les grandes lignes\u00a0\u00bb, les Am\u00e9ricains ayant demand\u00e9 aux Russes de \u00ab\u00a0faire certains compromis, de faire preuve de souplesse\u00a0\u00bb. \u00ab\u00a0Nous sommes pr\u00eats \u00e0 mener des n\u00e9gociations pacifiques et \u00e0 r\u00e9soudre les probl\u00e8mes par des moyens pacifiques, a ajout\u00e9 Vladimir Poutine. Cependant, cela n\u00e9cessite bien s\u00fbr une discussion approfondie de tous les d\u00e9tails du plan propos\u00e9. Nous y sommes pr\u00eats\u00a0\u00bb.<\/p>\n<p><a href=\"https:\/\/www.tf1info.fr\/international\/plan-americain-pour-mettre-fin-au-conflit-en-ukraine-volodymyr-zelensky-plaide-pour-une-paix-digne-2408088.html\" rel=\"noopener\" class=\"jsx-3308031228 Link flex\" target=\"_blank\"><img decoding=\"async\" src=\"https:\/\/www.europesays.com\/fr\/wp-content\/uploads\/2025\/11\/zelensky-driscoll-3b5737-0@1x.jpeg\" alt=\"Volodymyr Zelensky et le secr\u00e9taire am\u00e9ricain \u00e0 l'Arm\u00e9e, Daniel Driscoll.\" loading=\"lazy\" importance=\"low\" fetchpriority=\"low\" class=\"\" aria-hidden=\"true\"\/><\/p>\n<p class=\"jsx-3657663356 ReadMoreArticle__Title\">Lire aussi<\/p>\n<p class=\"jsx-3657663356\">Plan am\u00e9ricain pour mettre fin au conflit en Ukraine : Volodymyr Zelensky plaide pour une \u00ab\u00a0paix digne\u00a0\u00bb<\/p>\n<p><\/a><\/p>\n<p data-module=\"article-paragraph\" class=\"jsx-3046738180 Paragraph\">Et le pr\u00e9sident russe de mettre en garde les Occidentaux : \u00ab\u00a0L&rsquo;Ukraine et ses alli\u00e9s europ\u00e9ens se bercent encore d&rsquo;illusions et r\u00eavent d&rsquo;infliger une d\u00e9faite strat\u00e9gique \u00e0 la Russie sur le champ de bataille\u00a0\u00bb. Moscou est pr\u00eate en cas de refus \u00e0 atteindre ses objectifs \u00ab\u00a0par les armes, dans le cadre d&rsquo;une lutte arm\u00e9e\u00a0\u00bb, a menac\u00e9 Vladimir Poutine.<\/p>\n<p data-module=\"article-paragraph\" class=\"jsx-3046738180 Paragraph\">Sous pression, Volodymyr Zelensky a repouss\u00e9<a href=\"https:\/\/www.tf1info.fr\/international\/guerre-ukraine-ce-que-contient-le-nouveau-plan-americain-de-paix-pour-l-ukraine-fortement-oriente-vers-poutine-2407863.html\" target=\"_blank\" rel=\"noopener\"> l&rsquo;initiative de Donald Trump<\/a> tout en essayant de ne pas froisser l&rsquo;alli\u00e9 am\u00e9ricain. \u00ab\u00a0L&rsquo;Ukraine pourrait \u00eatre confront\u00e9e \u00e0 un choix tr\u00e8s difficile : la perte de dignit\u00e9 ou le risque de perdre un partenaire cl\u00e9\u00a0\u00bb, les Etats-Unis, a-t-il estim\u00e9 dans une adresse vid\u00e9o \u00e0 la nation. Le pr\u00e9sident a rench\u00e9ri, estimant que les propositions am\u00e9ricaines augurent \u00ab\u00a0une vie sans libert\u00e9, sans dignit\u00e9, sans justice. Et qu&rsquo;on croie \u00e0 celui qui a d\u00e9j\u00e0 attaqu\u00e9 deux fois\u00a0\u00bb.\u00a0<\/p>\n<p data-module=\"article-paragraph\" class=\"jsx-3046738180 Paragraph Paragraph__End\">\u00ab\u00a0Nous traversons l&rsquo;un des moments les plus difficiles de notre histoire\u00a0\u00bb, a estim\u00e9 Volodymyr Zelensky avant de se concerter d&rsquo;urgence avec les dirigeants fran\u00e7ais, allemand et britannique. Ces derniers ont appel\u00e9 \u00e0 trouver une solution impliquant \u00ab\u00a0pleinement\u00a0\u00bb Kiev, et assur\u00e9 que toute d\u00e9cision n\u00e9cessitait le \u00ab\u00a0soutien conjoint et le consensus\u00a0\u00bb des Europ\u00e9ens et de l&rsquo;Otan, a indiqu\u00e9 l&rsquo;Elys\u00e9e.<\/p>\n<p>T.G.<\/p>\n","protected":false},"excerpt":{"rendered":"Donald Trump a estim\u00e9 vendredi que le jeudi 27 novembre \u00e9tait une date limite \u00ab\u00a0ad\u00e9quate\u00a0\u00bb pour un feu&hellip;\n","protected":false},"author":2,"featured_media":550427,"comment_status":"","ping_status":"","sticky":false,"template":"","format":"standard","meta":{"footnotes":""},"categories":[1591],"tags":[1111,11,1921,75,73,1887,1922,12,1885,1886,132,220,133,1920,135,134],"class_list":{"0":"post-550426","1":"post","2":"type-post","3":"status-publish","4":"format-standard","5":"has-post-thumbnail","7":"category-russie","8":"tag-actu","9":"tag-actualites","10":"tag-article-video","11":"tag-donald-trump","12":"tag-etats-unis","13":"tag-federation-de-russie","14":"tag-info","15":"tag-news","16":"tag-russia","17":"tag-russian-federation","18":"tag-russie","19":"tag-ukraine","20":"tag-video","21":"tag-video-international","22":"tag-vladimir-poutine","23":"tag-volodymyr-zelensky"},"share_on_mastodon":{"url":"https:\/\/pubeurope.com\/@fr\/115591120548845112","error":""},"_links":{"self":[{"href":"https:\/\/www.europesays.com\/fr\/wp-json\/wp\/v2\/posts\/550426","targetHints":{"allow":["GET"]}}],"collection":[{"href":"https:\/\/www.europesays.com\/fr\/wp-json\/wp\/v2\/posts"}],"about":[{"href":"https:\/\/www.europesays.com\/fr\/wp-json\/wp\/v2\/types\/post"}],"author":[{"embeddable":true,"href":"https:\/\/www.europesays.com\/fr\/wp-json\/wp\/v2\/users\/2"}],"replies":[{"embeddable":true,"href":"https:\/\/www.europesays.com\/fr\/wp-json\/wp\/v2\/comments?post=550426"}],"version-history":[{"count":0,"href":"https:\/\/www.europesays.com\/fr\/wp-json\/wp\/v2\/posts\/550426\/revisions"}],"wp:featuredmedia":[{"embeddable":true,"href":"https:\/\/www.europesays.com\/fr\/wp-json\/wp\/v2\/media\/550427"}],"wp:attachment":[{"href":"https:\/\/www.europesays.com\/fr\/wp-json\/wp\/v2\/media?parent=550426"}],"wp:term":[{"taxonomy":"category","embeddable":true,"href":"https:\/\/www.europesays.com\/fr\/wp-json\/wp\/v2\/categories?post=550426"},{"taxonomy":"post_tag","embeddable":true,"href":"https:\/\/www.europesays.com\/fr\/wp-json\/wp\/v2\/tags?post=550426"}],"curies":[{"name":"wp","href":"https:\/\/api.w.org\/{rel}","templated":true}]}}