{"id":550430,"date":"2025-11-22T03:03:15","date_gmt":"2025-11-22T03:03:15","guid":{"rendered":"https:\/\/www.europesays.com\/fr\/550430\/"},"modified":"2025-11-22T03:03:15","modified_gmt":"2025-11-22T03:03:15","slug":"f1-gp-des-etats-unis-a-las-vegas-a-quelle-heure-et-sur-quelle-chaine-tv-suivre-le-grand-prix","status":"publish","type":"post","link":"https:\/\/www.europesays.com\/fr\/550430\/","title":{"rendered":"F1, GP des \u00c9tats-Unis \u00e0 Las Vegas\u00a0: \u00e0 quelle heure et sur quelle cha\u00eene TV suivre le Grand Prix\u00a0?"},"content":{"rendered":"<p class=\"paragraph text_align_left lp-f-body-02\">Oscar Piastri (McLaren), 5e du <a href=\"https:\/\/www.leparisien.fr\/sports\/formule-1\/f1-gp-du-bresil-vainqueur-malgre-la-remontada-de-max-verstappen-lando-norris-est-lance-vers-le-titre-mondial-09-11-2025-5UEYOOJNLRDWRMJ7ETFAJHLY3Q.php\" target=\"_blank\" rel=\"noopener\">Grand Prix du Br\u00e9sil<\/a> et Max Verstappen (Red Bull), 3e, ont laiss\u00e9 s\u2019\u00e9chapper de pr\u00e9cieux points dans la course au titre de champion du monde de <a href=\"https:\/\/www.leparisien.fr\/sports\/formule-1\/\" target=\"_blank\" rel=\"noopener\">Formule 1<\/a> il y a deux semaines. <a href=\"https:\/\/www.leparisien.fr\/sports\/formule-1\/formule-1-norris-bien-lance-les-classements-des-championnats-du-monde-pilotes-et-constructeurs-apres-le-gp-de-bresil-09-11-2025-DSMGJODF3FAUPFXJ665NSWI5QQ.php\" target=\"_blank\" rel=\"noreferrer noopener\">Lando Norris<\/a> (McLaren), leader avant ce Grand Prix de Las Vegas, pourrait bien en tirer parti et remporter le titre d\u00e8s ce week-end.<\/p>\n<p class=\"paragraph text_align_left lp-f-body-02\">Son co\u00e9quipier australien est rel\u00e9gu\u00e9 \u00e0 34 points avec 366 unit\u00e9s, soit plus d\u2019une victoire d\u2019\u00e9cart. De son c\u00f4t\u00e9, le quadruple champion du monde en titre est, lui, \u00e0 59 points. Ce dernier est donc d\u00e9j\u00e0 dans l\u2019obligation de gagner ce week-end et de distancer les deux McLaren. Pour Piastri, le calcul est diff\u00e9rent.<\/p>\n<p class=\"paragraph text_align_left lp-f-body-02\">S\u2019il s\u2019impose et que Norris finit loin, il se laisserait de belles chances de refaire son retard au Qatar (28-30 novembre) et aux \u00c9mirats arabes unis (5-7 d\u00e9cembre). En revanche, si Norris s\u2019impose et empoche de nouveau 25 points, il prendrait au moins 41 points d\u2019avance sur son co\u00e9quipier et il faudrait un v\u00e9ritable miracle pour que le titre lui \u00e9chappe. Quoi qu\u2019il en soit, au c\u0153ur de ces calculs d\u2019apothicaires, il y a une course. Un Grand Prix que 20 coureurs voudront remporter.<\/p>\n<p class=\"paragraph text_align_left lp-f-body-02\"><b>Le d\u00e9part du Grand Prix de Las Vegas aux \u00c9tats-Unis sera donn\u00e9 \u00e0 20 heures dans le Nevada et \u00e0 5 heures du matin, heure fran\u00e7aise. Il sera \u00e0 suivre sur Canal +.<\/b><\/p>\n","protected":false},"excerpt":{"rendered":"Oscar Piastri (McLaren), 5e du Grand Prix du Br\u00e9sil et Max Verstappen (Red Bull), 3e, ont laiss\u00e9 s\u2019\u00e9chapper&hellip;\n","protected":false},"author":2,"featured_media":550431,"comment_status":"","ping_status":"","sticky":false,"template":"","format":"standard","meta":{"footnotes":""},"categories":[1589],"tags":[11,73,1866,1454,12,60,1864,1865,1863,308],"class_list":{"0":"post-550430","1":"post","2":"type-post","3":"status-publish","4":"format-standard","5":"has-post-thumbnail","7":"category-etats-unis","8":"tag-actualites","9":"tag-etats-unis","10":"tag-etats-unis-damerique","11":"tag-formule-1","12":"tag-news","13":"tag-sports","14":"tag-united-states","15":"tag-united-states-of-america","16":"tag-us","17":"tag-usa"},"share_on_mastodon":{"url":"https:\/\/pubeurope.com\/@fr\/115591132297266554","error":""},"_links":{"self":[{"href":"https:\/\/www.europesays.com\/fr\/wp-json\/wp\/v2\/posts\/550430","targetHints":{"allow":["GET"]}}],"collection":[{"href":"https:\/\/www.europesays.com\/fr\/wp-json\/wp\/v2\/posts"}],"about":[{"href":"https:\/\/www.europesays.com\/fr\/wp-json\/wp\/v2\/types\/post"}],"author":[{"embeddable":true,"href":"https:\/\/www.europesays.com\/fr\/wp-json\/wp\/v2\/users\/2"}],"replies":[{"embeddable":true,"href":"https:\/\/www.europesays.com\/fr\/wp-json\/wp\/v2\/comments?post=550430"}],"version-history":[{"count":0,"href":"https:\/\/www.europesays.com\/fr\/wp-json\/wp\/v2\/posts\/550430\/revisions"}],"wp:featuredmedia":[{"embeddable":true,"href":"https:\/\/www.europesays.com\/fr\/wp-json\/wp\/v2\/media\/550431"}],"wp:attachment":[{"href":"https:\/\/www.europesays.com\/fr\/wp-json\/wp\/v2\/media?parent=550430"}],"wp:term":[{"taxonomy":"category","embeddable":true,"href":"https:\/\/www.europesays.com\/fr\/wp-json\/wp\/v2\/categories?post=550430"},{"taxonomy":"post_tag","embeddable":true,"href":"https:\/\/www.europesays.com\/fr\/wp-json\/wp\/v2\/tags?post=550430"}],"curies":[{"name":"wp","href":"https:\/\/api.w.org\/{rel}","templated":true}]}}