{"id":550438,"date":"2025-11-22T03:07:19","date_gmt":"2025-11-22T03:07:19","guid":{"rendered":"https:\/\/www.europesays.com\/fr\/550438\/"},"modified":"2025-11-22T03:07:19","modified_gmt":"2025-11-22T03:07:19","slug":"poutine-ue-otan-les-reactions-au-plan-de-paix-americain-sur-lukraine","status":"publish","type":"post","link":"https:\/\/www.europesays.com\/fr\/550438\/","title":{"rendered":"Poutine, UE, Otan&#8230; Les r\u00e9actions au plan de paix am\u00e9ricain sur l&rsquo;Ukraine"},"content":{"rendered":"<ol class=\"mb-4\">\n<li class=\"ml-4 list-decimal\">\n<p>Donald Trump souhaite que Kiev accepte son plan avant le 27 novembre<\/p>\n<\/li>\n<\/ol>\n<p class=\"mb-4 text-lg md:leading-8 break-words\"><a class=\"link \" href=\"https:\/\/www.france24.com\/fr\/tag\/donald-trump\/\" rel=\"nofollow noopener\" target=\"_blank\" data-ylk=\"slk:Donald Trump;elm:context_link;itc:0;sec:content-canvas\">Donald Trump<\/a> a estim\u00e9 vendredi 21 novembre dans une interview que le 27 novembre, jour de la f\u00eate de Thanksgiving, \u00e9tait une date butoir \u00ab\u00a0ad\u00e9quate\u00a0\u00bb pour un feu vert de l&rsquo;<a class=\"link \" href=\"https:\/\/www.france24.com\/fr\/tag\/ukraine\/\" rel=\"nofollow noopener\" target=\"_blank\" data-ylk=\"slk:Ukraine;elm:context_link;itc:0;sec:content-canvas\">Ukraine<\/a> au plan am\u00e9ricain de r\u00e8glement du conflit.<\/p>\n<p class=\"mb-4 text-lg md:leading-8 break-words\">\u00ab\u00a0J&rsquo;ai eu beaucoup de dates butoirs et quand les choses vont bien, la tendance est de repousser les dates butoirs. Mais jeudi est, nous pensons, un moment ad\u00e9quat\u00a0\u00bb, a dit le pr\u00e9sident am\u00e9ricain sur Fox News Radio.<\/p>\n<p class=\"mb-4 text-lg md:leading-8 break-words\">Donald Trump a jug\u00e9 que si les combats continuaient, les Ukrainiens allaient de toute fa\u00e7on \u00ab\u00a0perdre en peu de temps\u00a0\u00bb les territoires qu&rsquo;ils devraient, si ce plan \u00e9tait valid\u00e9, c\u00e9der \u00e0 la <a class=\"link \" href=\"https:\/\/www.france24.com\/fr\/tag\/russie\/\" rel=\"nofollow noopener\" target=\"_blank\" data-ylk=\"slk:Russie;elm:context_link;itc:0;sec:content-canvas\">Russie<\/a>.<\/p>\n<p class=\"mb-4 text-lg md:leading-8 break-words\">\u00c0 lire aussi<a class=\"link \" href=\"https:\/\/www.france24.com\/fr\/europe\/20251121-ukraine-qui-kirill-dmitriev-emissaire-cle-vladimir-poutine\" rel=\"nofollow noopener\" target=\"_blank\" data-ylk=\"slk:Ukraine : qui est Kirill Dmitriev, l\u2019\u00e9missaire cl\u00e9 de Vladimir Poutine face aux \u00c9tats-Unis;elm:context_link;itc:0;sec:content-canvas\">Ukraine : qui est Kirill Dmitriev, l\u2019\u00e9missaire cl\u00e9 de Vladimir Poutine face aux \u00c9tats-Unis<\/a><\/p>\n<p class=\"mb-4 text-lg md:leading-8 break-words\">\u00ab\u00a0Ils ont \u00e9t\u00e9 tr\u00e8s courageux\u00a0\u00bb, a-t-il lanc\u00e9 \u00e0 propos des combattants ukrainiens.<\/p>\n<ol class=\"mb-4\">\n<li class=\"ml-4 list-decimal\">\n<p>Un plan qui peut \u00ab\u00a0servir de base \u00e0 un r\u00e8glement d\u00e9finitif\u00a0\u00bb du conflit, selon Vladimir Poutine<\/p>\n<\/li>\n<\/ol>\n<p class=\"mb-4 text-lg md:leading-8 break-words\">Le pr\u00e9sident russe <a class=\"link \" href=\"https:\/\/www.france24.com\/fr\/tag\/vladimir-poutine\/\" rel=\"nofollow noopener\" target=\"_blank\" data-ylk=\"slk:Vladimir Poutine;elm:context_link;itc:0;sec:content-canvas\">Vladimir Poutine<\/a> a estim\u00e9 vendredi que le plan am\u00e9ricain peut \u00ab\u00a0servir de base \u00e0 un r\u00e8glement d\u00e9finitif\u00a0\u00bb de la guerre, mena\u00e7ant de conqu\u00e9rir plus de territoire si Kiev venait \u00e0 le rejeter.<\/p>\n<p class=\"mb-4 text-lg md:leading-8 break-words\">\u00ab\u00a0Il peut servir de base \u00e0 un r\u00e8glement pacifique d\u00e9finitif, mais ce plan n&rsquo;est pas discut\u00e9 avec nous de mani\u00e8re concr\u00e8te\u00a0\u00bb, a d\u00e9clar\u00e9 Vladimir Poutine lors d&rsquo;une r\u00e9union gouvernementale retransmise \u00e0 la t\u00e9l\u00e9vision. \u00ab\u00a0Nous sommes pr\u00eats \u00e0 mener des n\u00e9gociations pacifiques et \u00e0 r\u00e9soudre les probl\u00e8mes par des moyens pacifiques. Cependant, cela n\u00e9cessite bien s\u00fbr une discussion approfondie de tous les d\u00e9tails du plan propos\u00e9. Nous y sommes pr\u00eats\u00a0\u00bb.<\/p>\n<p class=\"mb-4 text-lg md:leading-8 break-words\">Selon lui, ce plan n&rsquo;a \u00e9t\u00e9 \u00e9voqu\u00e9 entre Moscou et Washington que \u00ab\u00a0dans les grandes lignes\u00a0\u00bb, les Am\u00e9ricains ayant demand\u00e9 aux Russes de \u00ab\u00a0faire certains compromis, de faire preuve de souplesse\u00a0\u00bb.<\/p>\n<p class=\"mb-4 text-lg md:leading-8 break-words\">\u00c0 lire aussi<a class=\"link  yahoo-link\" href=\"https:\/\/fr.news.yahoo.com\/lukraine-risque-perdre-soutien-am%C3%A9ricain-153425783.html\" data-ylk=\"slk:L&#039;Ukraine repousse le plan de paix am\u00e9ricain au &quot;risque de perdre&quot; le soutien de Washington;elm:context_link;itc:0;sec:content-canvas;outcm:mb_qualified_link;_E:mb_qualified_link;ct:story;\" target=\"_blank\" rel=\"noopener\">L&rsquo;Ukraine repousse le plan de paix am\u00e9ricain au \u00ab\u00a0risque de perdre\u00a0\u00bb le soutien de Washington<\/a><\/p>\n<p class=\"mb-4 text-lg md:leading-8 break-words\">\u00ab\u00a0L&rsquo;Ukraine et ses alli\u00e9s europ\u00e9ens se bercent encore d&rsquo;illusions et r\u00eavent d&rsquo;infliger une d\u00e9faite strat\u00e9gique \u00e0 la Russie sur le champ de bataille\u00a0\u00bb, a poursuivi Vladimir Poutine, assurant que Moscou \u00e9tait pr\u00eate, en cas de refus, \u00e0 atteindre ses objectifs \u00ab\u00a0par les armes, dans le cadre d&rsquo;une lutte arm\u00e9e\u00a0\u00bb.<\/p>\n<ol class=\"mb-4\">\n<li class=\"ml-4 list-decimal\">\n<p>Les dirigeants europ\u00e9ens pr\u00e9parent une \u00ab\u00a0contre-proposition\u00a0\u00bb avec l&rsquo;Ukraine<\/p>\n<\/li>\n<\/ol>\n<p class=\"mb-4 text-lg md:leading-8 break-words\">Face \u00e0 l&rsquo;ultimatum am\u00e9ricain, Volodymyr Zelensky a re\u00e7u vendredi le soutien renouvel\u00e9 des Europ\u00e9ens, tenus \u00e0 l&rsquo;\u00e9cart. Les 27 et le Royaume-Uni tentaient de faire front commun face \u00e0 ce nouveau camouflet diplomatique, refusant d&rsquo;endosser la \u00ab\u00a0capitulation\u00a0\u00bb inscrite entre les lignes du plan, mais les r\u00e9actions se sont succ\u00e9d\u00e9 en ordre dispers\u00e9.<\/p>\n<p class=\"mb-4 text-lg md:leading-8 break-words\">\u00c0 l&rsquo;initiative, le chancelier allemand Friedrich Merz, le pr\u00e9sident fran\u00e7ais Emmanuel Macron et le Premier ministre britannique Keir Starmer se sont entretenus par t\u00e9l\u00e9phone avec le pr\u00e9sident ukrainien d&rsquo;une \u00ab\u00a0contre-proposition\u00a0\u00bb au plan am\u00e9ricain, selon les mots de Volodymyr Zelensky.<\/p>\n<p class=\"mb-4 text-lg md:leading-8 break-words\">Les trois dirigeants ont r\u00e9it\u00e9r\u00e9 leur volont\u00e9 d'\u00a0\u00bbune paix juste et durable\u00a0\u00bb et \u00ab\u00a0r\u00e9affirm\u00e9 que toutes les d\u00e9cisions ayant des implications pour les int\u00e9r\u00eats de l&rsquo;Europe et de l&rsquo;Otan n\u00e9cessitent le soutien conjoint et le consensus des partenaires europ\u00e9ens et des alli\u00e9s de l&rsquo;Otan respectivement\u00a0\u00bb, selon un communiqu\u00e9 de la pr\u00e9sidence fran\u00e7aise.<\/p>\n<p class=\"mb-4 text-lg md:leading-8 break-words\">\u00c0 lire aussi<a class=\"link  yahoo-link\" href=\"https:\/\/fr.news.yahoo.com\/contient-plan-paix-am%C3%A9ricain-lukraine-122113349.html\" data-ylk=\"slk:Ce que contient le plan de paix am\u00e9ricain pour l&#039;Ukraine en 28 points;elm:context_link;itc:0;sec:content-canvas;outcm:mb_qualified_link;_E:mb_qualified_link;ct:story;\" target=\"_blank\" rel=\"noopener\">Ce que contient le plan de paix am\u00e9ricain pour l&rsquo;Ukraine en 28 points<\/a><\/p>\n<ol class=\"mb-4\">\n<li class=\"ml-4 list-decimal\">\n<p>Pour Ursula von der Leyen, \u00ab\u00a0rien ne doit \u00eatre d\u00e9cid\u00e9 sur l&rsquo;Ukraine sans l&rsquo;Ukraine\u00a0\u00bb<\/p>\n<\/li>\n<\/ol>\n<p class=\"mb-4 text-lg md:leading-8 break-words\">\u00ab\u00a0Rien ne doit \u00eatre d\u00e9cid\u00e9 sur l&rsquo;Ukraine sans l&rsquo;Ukraine\u00a0\u00bb, a martel\u00e9 vendredi la pr\u00e9sidente de la Commission europ\u00e9enne Ursula von der Leyen apr\u00e8s un appel avec Volodymyr Zelensky. Le pr\u00e9sident ukrainien a affirm\u00e9 \u00ab\u00a0avoir inform\u00e9\u00a0\u00bb la cheffe de l&rsquo;ex\u00e9cutif europ\u00e9en et le pr\u00e9sident du Conseil Antonio Costa du plan de Trump.<\/p>\n<p class=\"mb-4 text-lg md:leading-8 break-words\">\u00ab\u00a0En ce qui concerne les prochaines \u00e9tapes, les dirigeants europ\u00e9ens se r\u00e9uniront demain (samedi)\u00a0\u00bb en marge du G20 en Afrique du Sud, puis en Angola, o\u00f9 se tiendra prochainement un sommet Union europ\u00e9enne-Union africaine, a comment\u00e9 sur X <a class=\"link \" href=\"https:\/\/www.france24.com\/fr\/tag\/ursula-von-der-leyen\/\" rel=\"nofollow noopener\" target=\"_blank\" data-ylk=\"slk:Ursula von der Leyen;elm:context_link;itc:0;sec:content-canvas\">Ursula von der Leyen<\/a>.<\/p>\n<p class=\"mb-4 text-lg md:leading-8 break-words\">Le pr\u00e9sident ukrainien s&rsquo;est \u00e9galement entretenu vendredi avec le chef de l&rsquo;Otan Mark Rutte. \u00ab\u00a0Ils sont convenus de rester en contact \u00e9troit tandis que nous travaillons tous \u00e0 mettre fin \u00e0 l&rsquo;effusion de sang et \u00e0 la destruction\u00a0\u00bb, a indiqu\u00e9 un responsable de l&rsquo;Alliance \u00e0 l&rsquo;AFP, sans donner davantage de d\u00e9tails.<\/p>\n<p class=\"mb-4 text-lg md:leading-8 break-words\">\u00c0 voir aussi<a class=\"link \" href=\"https:\/\/www.france24.com\/fr\/\u00e9missions\/questions-directes\/20251120-plan-de-paix-am\u00e9ricain-une-initiative-en-faveur-de-la-russie\" rel=\"nofollow noopener\" target=\"_blank\" data-ylk=\"slk:Plan de paix am\u00e9ricain : une initiative en faveur de la Russie ?;elm:context_link;itc:0;sec:content-canvas\">Plan de paix am\u00e9ricain : une initiative en faveur de la Russie ?<\/a><\/p>\n<ol class=\"mb-4\">\n<li class=\"ml-4 list-decimal\">\n<p>Toute \u00ab\u00a0solution de paix\u00a0\u00bb doit respecter l'\u00a0\u00bbint\u00e9grit\u00e9 territoriale\u00a0\u00bb de l&rsquo;Ukraine, selon Antonio Guterres<\/p>\n<\/li>\n<\/ol>\n<p class=\"mb-4 text-lg md:leading-8 break-words\">Le secr\u00e9taire g\u00e9n\u00e9ral de l&rsquo;ONU, Antonio Guterres, a pr\u00e9venu vendredi que toute \u00ab\u00a0solution de paix\u00a0\u00bb pour l&rsquo;Ukraine devrait respecter son \u00ab\u00a0int\u00e9grit\u00e9 territoriale\u00a0\u00bb, \u00e0 la veille d&rsquo;une r\u00e9union du G20 \u00e0 Johannesburg.<\/p>\n<p class=\"mb-4 text-lg md:leading-8 break-words\">Interrog\u00e9 lors d&rsquo;une conf\u00e9rence de presse \u00e0 Johannesburg, il a soulign\u00e9 que celui-ci \u00ab\u00a0n&rsquo;a jamais \u00e9t\u00e9 pr\u00e9sent\u00e9 formellement par les \u00c9tats-Unis ou tout autre entit\u00e9\u00a0\u00bb.<\/p>\n<p class=\"mb-4 text-lg md:leading-8 break-words\">Mais un plan de paix devrait respecter la charte de l&rsquo;Onu et la loi internationale, a-t-il ajout\u00e9. \u00ab\u00a0Une solution de paix pour l&rsquo;Ukraine en ligne avec ces principes respecterait aussi les r\u00e9solutions de l&rsquo;assembl\u00e9e g\u00e9n\u00e9rale (de l&rsquo;ONU) qui indique clairement que l&rsquo;int\u00e9grit\u00e9 territoriale de l&rsquo;Ukraine, et en g\u00e9n\u00e9ral autour du monde l&rsquo;int\u00e9grit\u00e9 territoriale des Etats, doit \u00eatre respect\u00e9e\u00a0\u00bb, a-t-il insist\u00e9.<\/p>\n<p class=\"mb-4 text-lg md:leading-8 break-words\">Avec AFP et Reuters<\/p>\n","protected":false},"excerpt":{"rendered":"Donald Trump souhaite que Kiev accepte son plan avant le 27 novembre Donald Trump a estim\u00e9 vendredi 21&hellip;\n","protected":false},"author":2,"featured_media":550439,"comment_status":"","ping_status":"","sticky":false,"template":"","format":"standard","meta":{"footnotes":""},"categories":[1586],"tags":[11,35494,75,1777,674,1779,1011,27,12,5355,7274,25,1778,364,135],"class_list":{"0":"post-550438","1":"post","2":"type-post","3":"status-publish","4":"format-standard","5":"has-post-thumbnail","7":"category-europe","8":"tag-actualites","9":"tag-champ-de-bataille","10":"tag-donald-trump","11":"tag-eu","12":"tag-europe","13":"tag-european-union","14":"tag-fr","15":"tag-france","16":"tag-news","17":"tag-plan","18":"tag-president-americain","19":"tag-republique-francaise","20":"tag-ue","21":"tag-union-europeenne","22":"tag-vladimir-poutine"},"share_on_mastodon":{"url":"https:\/\/pubeurope.com\/@fr\/115591148121383787","error":""},"_links":{"self":[{"href":"https:\/\/www.europesays.com\/fr\/wp-json\/wp\/v2\/posts\/550438","targetHints":{"allow":["GET"]}}],"collection":[{"href":"https:\/\/www.europesays.com\/fr\/wp-json\/wp\/v2\/posts"}],"about":[{"href":"https:\/\/www.europesays.com\/fr\/wp-json\/wp\/v2\/types\/post"}],"author":[{"embeddable":true,"href":"https:\/\/www.europesays.com\/fr\/wp-json\/wp\/v2\/users\/2"}],"replies":[{"embeddable":true,"href":"https:\/\/www.europesays.com\/fr\/wp-json\/wp\/v2\/comments?post=550438"}],"version-history":[{"count":0,"href":"https:\/\/www.europesays.com\/fr\/wp-json\/wp\/v2\/posts\/550438\/revisions"}],"wp:featuredmedia":[{"embeddable":true,"href":"https:\/\/www.europesays.com\/fr\/wp-json\/wp\/v2\/media\/550439"}],"wp:attachment":[{"href":"https:\/\/www.europesays.com\/fr\/wp-json\/wp\/v2\/media?parent=550438"}],"wp:term":[{"taxonomy":"category","embeddable":true,"href":"https:\/\/www.europesays.com\/fr\/wp-json\/wp\/v2\/categories?post=550438"},{"taxonomy":"post_tag","embeddable":true,"href":"https:\/\/www.europesays.com\/fr\/wp-json\/wp\/v2\/tags?post=550438"}],"curies":[{"name":"wp","href":"https:\/\/api.w.org\/{rel}","templated":true}]}}