{"id":550440,"date":"2025-11-22T03:08:20","date_gmt":"2025-11-22T03:08:20","guid":{"rendered":"https:\/\/www.europesays.com\/fr\/550440\/"},"modified":"2025-11-22T03:08:20","modified_gmt":"2025-11-22T03:08:20","slug":"mais-pourquoi-il-ny-aura-pas-de-public-ce-vendredi-soir","status":"publish","type":"post","link":"https:\/\/www.europesays.com\/fr\/550440\/","title":{"rendered":"Mais pourquoi il n\u2019y aura pas de public ce vendredi soir\u00a0?"},"content":{"rendered":"<p>Le public ne donnera pas de la voix. Ce vendredi \u00e0 21h10 sur TF1, le plateau de \u00ab\u00a0<a href=\"https:\/\/www.20minutes.fr\/dossier\/star_academy\" class=\"c-link c-link--is-underlined\" target=\"_blank\" rel=\"noopener\">Star Academy<\/a>\u00a0\u00bb sera ferm\u00e9 au public, et ce, pour diff\u00e9rentes raisons. Et ce, \u00e0 l\u2019occasion de \u00ab\u00a0la semaine des surprises\u00a0\u00bb pour le t\u00e9l\u00e9crochet anim\u00e9 par <a href=\"https:\/\/www.20minutes.fr\/dossier\/nikos_aliagas\" class=\"c-link c-link--is-underlined\" target=\"_blank\" rel=\"noopener\">Nikos Aliagas<\/a>\u2026 Les \u00e9l\u00e8ves ont ainsi d\u00fb pr\u00e9parer des \u00e9valuations en seulement une heure ou encore accueillir <a href=\"https:\/\/www.20minutes.fr\/arts-stars\/culture\/aya-nakamura\/\" class=\"c-link c-link--is-underlined\" target=\"_blank\" rel=\"noopener\">Aya Nakamura<\/a> au ch\u00e2teau de Dammarie-les-Lys (<a href=\"https:\/\/www.20minutes.fr\/societe\/seine-et-marne\/\" class=\"c-link c-link--is-underlined\" target=\"_blank\" rel=\"noopener\">Seine-et-Marne<\/a>).<\/p>\n<p><\/p>\n<p>Le directeur de \u00ab\u00a0Star Academy\u00a0\u00bb, Michael Goldman, avait annonc\u00e9 la semaine derni\u00e8re que des surprises allaient attendre les treize candidats encore en lice. <a href=\"https:\/\/www.20minutes.fr\/arts-stars\/people\/lena-situations\/\" class=\"c-link c-link--is-underlined\" target=\"_blank\" rel=\"noopener\">L\u00e9na Situations<\/a>, Aya Nakumara ou encore <a href=\"https:\/\/www.20minutes.fr\/arts-stars\/culture\/bigflo-et-oli\/\" class=\"c-link c-link--is-underlined\" target=\"_blank\" rel=\"noopener\">Bigflo et Oli<\/a> livreront des prestations avec certains \u00e9l\u00e8ves du ch\u00e2teau. Cependant, trois candidats sont en danger ce vendredi soir, et ne pourront par cons\u00e9quent pas partager un moment d\u2019exception sur la sc\u00e8ne du plateau de \u00ab\u00a0Star Academy\u00a0\u00bb. D\u2019autres noms de stars de la chanson sont annonc\u00e9s pour ce prime d\u2019exception, qui se d\u00e9roulera sans public.<\/p>\n<p>Et Lady Gaga\u00a0?<\/p>\n<p>Selon une information d\u00e9voil\u00e9e par Le Parisien, 1.000 choristes seront convi\u00e9s pour cette grande soir\u00e9e. \u00ab\u00a0Nous avons \u00e9t\u00e9 sollicit\u00e9s il y a trois semaines pour pr\u00e9parer cette \u00e9mission\u00a0\u00bb, a d\u00e9clar\u00e9 David Hardit, en charge de la troupe Voices Harmony [plus de 15.000 chanteurs en France]. Pour accueillir ces tr\u00e8s nombreux choristes, les moyens logistiques de l\u2019agence charg\u00e9e d\u2019accueillir le public de \u00ab\u00a0Star Academy\u00a0\u00bb ont \u00e9t\u00e9 propos\u00e9s \u00e0 Voices Harmony. A noter que la capacit\u00e9 du studio o\u00f9 se tourne l\u2019\u00e9mission est de 1.200 places. Par cons\u00e9quent, le public de fans et les proches des \u00e9l\u00e8ves ne pourront pas prendre place face aux treize candidats.<\/p>\n<p>L\u2019ouverture par la personne immunis\u00e9e, les solos, duos ou trios, le face-\u00e0-face, l\u2019autoportrait ou encore le tableau chant\u00e9 et dans\u00e9 seront, eux, bien au programme du prime de TF1. Ambre passera ainsi apr\u00e8s L\u00e9ane, Bastiaan, L\u00e9a et Anouk en r\u00e9alisant un tableau chant\u00e9 et dans\u00e9 sur Bad Romance de Lady Gaga. La star internationale sera-t-elle de la f\u00eate ce vendredi soir, sur TF1\u00a0? En fan de l\u2019artiste, Ambre, 18 ans, pourrait avoir une belle et grande surprise\u2026<\/p>\n","protected":false},"excerpt":{"rendered":"Le public ne donnera pas de la voix. Ce vendredi \u00e0 21h10 sur TF1, le plateau de \u00ab\u00a0Star&hellip;\n","protected":false},"author":2,"featured_media":550441,"comment_status":"","ping_status":"","sticky":false,"template":"","format":"standard","meta":{"footnotes":""},"categories":[2],"tags":[11,11774,58,1011,27,2531,23975,12,10827,25,5095,252,199],"class_list":{"0":"post-550440","1":"post","2":"type-post","3":"status-publish","4":"format-standard","5":"has-post-thumbnail","7":"category-actualites","8":"tag-actualites","9":"tag-aya-nakamura","10":"tag-divertissement","11":"tag-fr","12":"tag-france","13":"tag-lady-gaga","14":"tag-lena-situations","15":"tag-news","16":"tag-nikos-aliagas","17":"tag-republique-francaise","18":"tag-star-academy","19":"tag-television","20":"tag-tf1"},"share_on_mastodon":{"url":"https:\/\/pubeurope.com\/@fr\/115591151893068072","error":""},"_links":{"self":[{"href":"https:\/\/www.europesays.com\/fr\/wp-json\/wp\/v2\/posts\/550440","targetHints":{"allow":["GET"]}}],"collection":[{"href":"https:\/\/www.europesays.com\/fr\/wp-json\/wp\/v2\/posts"}],"about":[{"href":"https:\/\/www.europesays.com\/fr\/wp-json\/wp\/v2\/types\/post"}],"author":[{"embeddable":true,"href":"https:\/\/www.europesays.com\/fr\/wp-json\/wp\/v2\/users\/2"}],"replies":[{"embeddable":true,"href":"https:\/\/www.europesays.com\/fr\/wp-json\/wp\/v2\/comments?post=550440"}],"version-history":[{"count":0,"href":"https:\/\/www.europesays.com\/fr\/wp-json\/wp\/v2\/posts\/550440\/revisions"}],"wp:featuredmedia":[{"embeddable":true,"href":"https:\/\/www.europesays.com\/fr\/wp-json\/wp\/v2\/media\/550441"}],"wp:attachment":[{"href":"https:\/\/www.europesays.com\/fr\/wp-json\/wp\/v2\/media?parent=550440"}],"wp:term":[{"taxonomy":"category","embeddable":true,"href":"https:\/\/www.europesays.com\/fr\/wp-json\/wp\/v2\/categories?post=550440"},{"taxonomy":"post_tag","embeddable":true,"href":"https:\/\/www.europesays.com\/fr\/wp-json\/wp\/v2\/tags?post=550440"}],"curies":[{"name":"wp","href":"https:\/\/api.w.org\/{rel}","templated":true}]}}