{"id":550442,"date":"2025-11-22T03:09:17","date_gmt":"2025-11-22T03:09:17","guid":{"rendered":"https:\/\/www.europesays.com\/fr\/550442\/"},"modified":"2025-11-22T03:09:17","modified_gmt":"2025-11-22T03:09:17","slug":"perpignan-navait-pas-eu-aussi-froid-en-novembre-depuis-douze-ans","status":"publish","type":"post","link":"https:\/\/www.europesays.com\/fr\/550442\/","title":{"rendered":"Perpignan n&rsquo;avait pas eu aussi froid en novembre depuis douze ans\u00a0!"},"content":{"rendered":"<p>                    Par<br \/>\n        <strong><br \/>\n            <a href=\"https:\/\/actu.fr\/auteur\/emilien-vicens\" title=\"Consulter tous les articles de Emilien Vicens\" rel=\"nofollow noopener\" target=\"_blank\">Emilien Vicens<\/a><br \/>\n                    <\/strong><\/p>\n<p>        Publi\u00e9 le<\/p>\n<p>            21 nov. 2025 \u00e0 17h16<br \/>\n        ; mis \u00e0 jour le 21 nov. 2025 \u00e0 17h19    <\/p>\n<p>C\u2019\u00e9tait annonc\u00e9\u2009: les Pyr\u00e9n\u00e9es-Orientales ont connu <strong>une journ\u00e9e tr\u00e8s froide, ce vendredi 21\u00a0novembre 2025.<\/strong> Alors que la neige est tomb\u00e9e en abondance en montagne, et que quelques flocons ont \u00e9galement fait leur apparition \u00e0 basse altitude, la tramontane et les fortes rafales de vent ont balay\u00e9 la plaine et le littoral.<\/p>\n<p class=\" wall-content\">\u00c0 Perpignan, le mercure n\u2019a pas d\u00e9pass\u00e9 7.3\u00b0C. <strong>Un record de froid en novembre<\/strong> depuis douze ans.<\/p>\n<p>Le jour de novembre le plus froid depuis 2013<\/p>\n<p class=\" wall-content\">\u00ab\u2009Plusieurs villes vivent leur apr\u00e8s-midi de novembre le plus froid depuis 2013 comme \u00e0 Avignon (6\u00b0C), Orange (6.7\u00b0C), Marginane (6.7\u00b0C), Salon (6.4\u00b0C) ou <strong>Perpignan (7.3\u00b0C).<\/strong> Avec Mistral et Tramontane forts ainsi qu\u2019un ciel couvert le ressenti est souvent glacial\u2009\u00bb, confirme <a href=\"https:\/\/meteofrance.com\/\" rel=\"nofollow noopener\" target=\"_blank\">M\u00e9t\u00e9o France<\/a>.<\/p>\n<p class=\" wall-content\">\u00c0 Perpignan, <strong>il faut remonter \u00e0 2013<\/strong> pour trouver un jour de novembre aussi froid que celui-ci (7.4\u00b0C le 22\u00a0novembre 2023, ndlr), et m\u00eame remonter \u00e0 2001 pour avoir une marque inf\u00e9rieure (7.2\u00b0C le 15\u00a0novembre 2001, ndlr).<\/p>\n<p class=\" wall-content\">\n<p class=\" wall-content\">Dans le d\u00e9tail, Perpignan a m\u00eame connu <strong>le deuxi\u00e8me 21\u00a0novembre le plus froid<\/strong> depuis le d\u00e9but des relev\u00e9s m\u00e9t\u00e9orologiques, il y a plus de cent ans, derri\u00e8re le 21\u00a0novembre 1999 (5.0\u00b0C de maximales, ndlr).<\/p>\n<p>Le froid de retour la semaine prochaine\u2009?<\/p>\n<p class=\" wall-content\">Selon les derni\u00e8res pr\u00e9visions, la journ\u00e9e ce samedi s\u2019annonce \u00e9galement froide \u00e0 Perpignan, avec des rafales de vent \u00e0 80km\/h et un thermom\u00e8tre qui ne d\u00e9passera pas les 9\u00b0C au meilleur de la journ\u00e9e.<\/p>\n<p class=\" wall-content\">Apr\u00e8s une l\u00e9g\u00e8re remont\u00e9e des temp\u00e9ratures sur la fin du week-end (15\u00b0C dimanche et lundi), <strong>un nouveau flux de nord est attendu<\/strong> sur le d\u00e9partement. La tramontane devrait souffler fort \u00e0 nouveau la semaine prochaine, avec des temp\u00e9ratures comprises entre 8\u00b0C et 12\u00b0C en journ\u00e9e.<\/p>\n<p>Votre r\u00e9gion, votre actu !<\/p>\n<p>Recevez chaque jour les infos qui comptent pour vous.<\/p>\n<p>\t<a href=\"https:\/\/actu.fr\/newsletter\" class=\"ac-btn ac-btn--corner ac-btn--medium ac-btn--blue800\" rel=\"nofollow noopener\" target=\"_blank\">S&rsquo;incrire<\/a><\/p>\n<p>    <a href=\"https:\/\/www.facebook.com\/plugins\/video.php?height=476&amp;href=https%3A%2F%2Fwww.facebook.com%2Freel%2F1598520014832798%2F&amp;show_text=false&amp;width=350&amp;t=0\" title=\"Ouvrie le lien\" rel=\"nofollow noopener\" target=\"_blank\">Cliquez ici pour visualiser le contenu<\/a><\/p>\n<p class=\" wall-content\">Personnalisez votre actualit\u00e9 en ajoutant vos villes et m\u00e9dias en favori avec <a href=\"https:\/\/moncompte.actu.fr\" title=\"D\u00e9couvez Mon Actu\" rel=\"nofollow noopener\" data-trk=\"{&quot;cta&quot;:{&quot;action&quot;:&quot;https:\\\/\\\/moncompte.actu.fr&quot;,&quot;category&quot;:&quot;mon compte&quot;,&quot;from&quot;:&quot;article footer&quot;,&quot;name&quot;:&quot;Mon actu&quot;,&quot;type&quot;:&quot;cta&quot;}}\" target=\"_blank\">Mon Actu<\/a>.<\/p>\n","protected":false},"excerpt":{"rendered":"Par Emilien Vicens Publi\u00e9 le 21 nov. 2025 \u00e0 17h16 ; mis \u00e0 jour le 21 nov. 2025&hellip;\n","protected":false},"author":2,"featured_media":550443,"comment_status":"","ping_status":"","sticky":false,"template":"","format":"standard","meta":{"footnotes":""},"categories":[2],"tags":[11,1011,27,3447,2487,2357,10584,12,25],"class_list":{"0":"post-550442","1":"post","2":"type-post","3":"status-publish","4":"format-standard","5":"has-post-thumbnail","7":"category-actualites","8":"tag-actualites","9":"tag-fr","10":"tag-france","11":"tag-froid","12":"tag-meteo","13":"tag-meteo-france","14":"tag-neige","15":"tag-news","16":"tag-republique-francaise"},"share_on_mastodon":{"url":"https:\/\/pubeurope.com\/@fr\/115591155854847142","error":""},"_links":{"self":[{"href":"https:\/\/www.europesays.com\/fr\/wp-json\/wp\/v2\/posts\/550442","targetHints":{"allow":["GET"]}}],"collection":[{"href":"https:\/\/www.europesays.com\/fr\/wp-json\/wp\/v2\/posts"}],"about":[{"href":"https:\/\/www.europesays.com\/fr\/wp-json\/wp\/v2\/types\/post"}],"author":[{"embeddable":true,"href":"https:\/\/www.europesays.com\/fr\/wp-json\/wp\/v2\/users\/2"}],"replies":[{"embeddable":true,"href":"https:\/\/www.europesays.com\/fr\/wp-json\/wp\/v2\/comments?post=550442"}],"version-history":[{"count":0,"href":"https:\/\/www.europesays.com\/fr\/wp-json\/wp\/v2\/posts\/550442\/revisions"}],"wp:featuredmedia":[{"embeddable":true,"href":"https:\/\/www.europesays.com\/fr\/wp-json\/wp\/v2\/media\/550443"}],"wp:attachment":[{"href":"https:\/\/www.europesays.com\/fr\/wp-json\/wp\/v2\/media?parent=550442"}],"wp:term":[{"taxonomy":"category","embeddable":true,"href":"https:\/\/www.europesays.com\/fr\/wp-json\/wp\/v2\/categories?post=550442"},{"taxonomy":"post_tag","embeddable":true,"href":"https:\/\/www.europesays.com\/fr\/wp-json\/wp\/v2\/tags?post=550442"}],"curies":[{"name":"wp","href":"https:\/\/api.w.org\/{rel}","templated":true}]}}