{"id":550444,"date":"2025-11-22T03:10:15","date_gmt":"2025-11-22T03:10:15","guid":{"rendered":"https:\/\/www.europesays.com\/fr\/550444\/"},"modified":"2025-11-22T03:10:15","modified_gmt":"2025-11-22T03:10:15","slug":"bienvenue-dans-la-petite-siberie-francaise","status":"publish","type":"post","link":"https:\/\/www.europesays.com\/fr\/550444\/","title":{"rendered":"bienvenue dans la Petite Sib\u00e9rie fran\u00e7aise !"},"content":{"rendered":"<p>Depuis la mi-novembre, la <a href=\"https:\/\/partir.ouest-france.fr\/france\" rel=\"nofollow noopener\" target=\"_blank\">France<\/a> grelotte sous une vague de froid qui a fait plonger le thermom\u00e8tre de plus de 10\u00b0C en quelques jours. \u00c0 Mourmelon-le-Grand, on a enregistr\u00e9 -7\u00b0C le 19 novembre, un record r\u00e9cent qui a glac\u00e9 les Fran\u00e7ais peu habitu\u00e9s \u00e0 ce contraste brutal apr\u00e8s la douceur exceptionnelle de d\u00e9but novembre. Mais ce froid, aussi mordant soit-il, reste de la rigolade pour les habitants de <strong>Mouthe<\/strong>. Dans ce village du <a href=\"https:\/\/partir.ouest-france.fr\/magazine\/deux-choses-a-voir-et-une-a-savoir-sur-le-departement-du-doubs\/\" data-type=\"post\" data-id=\"155038\" rel=\"nofollow noopener\" target=\"_blank\">Doubs<\/a>, -7\u00b0C, c\u2019est un matin d\u2019automne comme les autres.<\/p>\n<p>Un record qui donne le vertige<\/p>\n<p>Mouthe d\u00e9tient le record officiel de temp\u00e9rature la plus basse jamais mesur\u00e9e en France m\u00e9tropolitaine. Le 13 janvier 1968, <strong>M\u00e9t\u00e9o France y a relev\u00e9 -36,7\u00b0C<\/strong>. Dans l\u2019apr\u00e8s-midi du m\u00eame jour, le thermom\u00e8tre remontait \u00e0 +1,1\u00b0C, soit presque 38 degr\u00e9s d\u2019\u00e9cart sur une seule journ\u00e9e. Un ph\u00e9nom\u00e8ne qui laisse perplexe : comment peut-on passer d\u2019un tel froid sib\u00e9rien \u00e0 des temp\u00e9ratures positives en quelques heures ?<\/p>\n<p>Il existe un autre record, non-officiel celui-l\u00e0 : -41\u00b0C enregistr\u00e9 le 17 janvier 1985. M\u00e9t\u00e9o France ne le reconna\u00eet pas, mais le village l\u2019affiche fi\u00e8rement :  des chiffres que les relev\u00e9s n\u2019ont pas pu confirmer mais qui font partie de la m\u00e9moire collective des Mouthiers.<\/p>\n<p>Il g\u00e8le \u00e0 Mouthe 176 jours par an en moyenne, soit un jour sur deux. Le village conna\u00eet 80 jours de fortes gel\u00e9es (en dessous de -5\u00b0C) chaque hiver et 24 jours sans d\u00e9gel. Six ann\u00e9es sur sept, le thermom\u00e8tre descend sous les -20\u00b0C. Une ann\u00e9e sur deux, on franchit la barre des -25\u00b0C. Et tous les huit ans environ, on flirte avec les -30\u00b0C.<\/p>\n<p>Pourquoi il fait si froid \u00e0 Mouthe<\/p>\n<p>La g\u00e9ographie du lieu explique tout. Mouthe se trouve \u00e0 930 m\u00e8tres d\u2019altitude dans une cuvette du massif du <a href=\"https:\/\/partir.ouest-france.fr\/magazine\/2011-11-03-49-partir-au-ski-dans-le-jura-la-nature-en-famille\/\" data-type=\"post\" data-id=\"525\" rel=\"nofollow noopener\" target=\"_blank\">Jura<\/a>, \u00e0 25 kilom\u00e8tres au sud-ouest de Pontarlier. Cette configuration en forme de bol cr\u00e9e un ph\u00e9nom\u00e8ne d\u2019inversion thermique redoutable. L\u2019air froid, plus dense et plus lourd que l\u2019air chaud, descend dans la vall\u00e9e et y reste pi\u00e9g\u00e9 comme de l\u2019eau au fond d\u2019un lavabo. Sans vent pour le brasser, cet air se refroidit toute la nuit par rayonnement.<\/p>\n<p>Les nuits les plus glaciales se produisent par ciel d\u00e9gag\u00e9. Les nuages agissent normalement comme une couverture thermique en pi\u00e9geant la chaleur \u00e9mise par le sol, mais quand le ciel est clair, cette chaleur s\u2019\u00e9chappe directement dans l\u2019espace. La neige au sol amplifie encore le ph\u00e9nom\u00e8ne en r\u00e9fl\u00e9chissant le peu de chaleur disponible. L\u2019absence de for\u00eat dense au fond de la vall\u00e9e ne fait qu\u2019aggraver les choses.<\/p>\n<p>R\u00e9sultat : il fait souvent plus froid en bas \u00e0 Mouthe qu\u2019en haut sur les cr\u00eates environnantes. D\u2019autres combes jurassiennes connaissent des temp\u00e9ratures similaires \u2013 La Br\u00e9vine en <a href=\"https:\/\/partir.ouest-france.fr\/suisse\" rel=\"nofollow noopener\" target=\"_blank\">Suisse<\/a>, le plateau du Grandvaux, Chapelle-des-Bois \u2013 mais la plupart n\u2019ont pas de station m\u00e9t\u00e9o officielle. Mouthe a h\u00e9rit\u00e9 du titre par d\u00e9faut, ou presque.<\/p>\n<p>La <a href=\"https:\/\/partir.ouest-france.fr\/magazine\/2010-12-27-18-vacances-en-france-la-franche-comte\/\" data-type=\"post\" data-id=\"487\" rel=\"nofollow noopener\" target=\"_blank\">Franche-Comt\u00e9<\/a> b\u00e9n\u00e9ficie aussi d\u2019un climat semi-continental, \u00e9tant la r\u00e9gion fran\u00e7aise la plus \u00e9loign\u00e9e de toute mer ou oc\u00e9an. L\u2019influence maritime temp\u00e9r\u00e9e qui adoucit le reste du pays ne parvient pas jusqu\u2019ici.<\/p>\n<p><img loading=\"lazy\" decoding=\"async\" width=\"1200\" height=\"800\" src=\"https:\/\/www.europesays.com\/fr\/wp-content\/uploads\/2025\/11\/iStock-1179142413-1200x800.jpg\" alt=\"Mouthe sans la neige !\" class=\"wp-image-168101\"   \/>Mouthe sans la neige !<\/p>\n<p>Entre ski de fond et changement climatique<\/p>\n<p>Le village constitue l\u2019arriv\u00e9e mythique de la Transjurassienne, la plus grande course de ski de fond en France. Cr\u00e9\u00e9e en 1979, cette \u00e9preuve relie Lamoura dans le Jura \u00e0 Mouthe (ou Les Rousses) sur 70 kilom\u00e8tres (68 depuis 2015). Pr\u00e8s de 4 500 participants venus d\u2019une trentaine de pays y participent chaque ann\u00e9e en f\u00e9vrier, quand les conditions le permettent. C\u2019est la seule course fran\u00e7aise inscrite au calendrier de la Worldloppet, le circuit mondial des marathons de ski de fond.<\/p>\n<p>Le parcours traverse des paysages de carte postale : plateaux ouverts, for\u00eats d\u2019altitude, combes enneig\u00e9es. Mouthe fait partie de l\u2019Espace Nordique Jurassien qui propose des centaines de kilom\u00e8tres de pistes dam\u00e9es. La station compte quelques pistes de ski alpin mais brille surtout dans le nordique. Des champions comme Fabrice Guy (m\u00e9daill\u00e9 olympique en combin\u00e9 nordique) ont grandi ici.<\/p>\n<p>Mais le changement climatique menace cette identit\u00e9 nordique. Les habitants le constatent : les hivers sont moins rigoureux qu\u2019avant, la neige tombe moins souvent, la pluie remplace parfois les flocons. Depuis sa cr\u00e9ation, la Transjurassienne a \u00e9t\u00e9 annul\u00e9e huit fois faute d\u2019enneigement suffisant, dont en 2024. Les organisateurs ont d\u00fb pr\u00e9voir un parcours de secours plus court pour s\u00e9curiser l\u2019\u00e9v\u00e9nement face \u00e0 l\u2019al\u00e9a climatique.<\/p>\n","protected":false},"excerpt":{"rendered":"Depuis la mi-novembre, la France grelotte sous une vague de froid qui a fait plonger le thermom\u00e8tre de&hellip;\n","protected":false},"author":2,"featured_media":550445,"comment_status":"","ping_status":"","sticky":false,"template":"","format":"standard","meta":{"footnotes":""},"categories":[4],"tags":[11,1011,27,12,25],"class_list":{"0":"post-550444","1":"post","2":"type-post","3":"status-publish","4":"format-standard","5":"has-post-thumbnail","7":"category-france","8":"tag-actualites","9":"tag-fr","10":"tag-france","11":"tag-news","12":"tag-republique-francaise"},"share_on_mastodon":{"url":"https:\/\/pubeurope.com\/@fr\/115591160750592627","error":""},"_links":{"self":[{"href":"https:\/\/www.europesays.com\/fr\/wp-json\/wp\/v2\/posts\/550444","targetHints":{"allow":["GET"]}}],"collection":[{"href":"https:\/\/www.europesays.com\/fr\/wp-json\/wp\/v2\/posts"}],"about":[{"href":"https:\/\/www.europesays.com\/fr\/wp-json\/wp\/v2\/types\/post"}],"author":[{"embeddable":true,"href":"https:\/\/www.europesays.com\/fr\/wp-json\/wp\/v2\/users\/2"}],"replies":[{"embeddable":true,"href":"https:\/\/www.europesays.com\/fr\/wp-json\/wp\/v2\/comments?post=550444"}],"version-history":[{"count":0,"href":"https:\/\/www.europesays.com\/fr\/wp-json\/wp\/v2\/posts\/550444\/revisions"}],"wp:featuredmedia":[{"embeddable":true,"href":"https:\/\/www.europesays.com\/fr\/wp-json\/wp\/v2\/media\/550445"}],"wp:attachment":[{"href":"https:\/\/www.europesays.com\/fr\/wp-json\/wp\/v2\/media?parent=550444"}],"wp:term":[{"taxonomy":"category","embeddable":true,"href":"https:\/\/www.europesays.com\/fr\/wp-json\/wp\/v2\/categories?post=550444"},{"taxonomy":"post_tag","embeddable":true,"href":"https:\/\/www.europesays.com\/fr\/wp-json\/wp\/v2\/tags?post=550444"}],"curies":[{"name":"wp","href":"https:\/\/api.w.org\/{rel}","templated":true}]}}