{"id":550446,"date":"2025-11-22T03:13:16","date_gmt":"2025-11-22T03:13:16","guid":{"rendered":"https:\/\/www.europesays.com\/fr\/550446\/"},"modified":"2025-11-22T03:13:16","modified_gmt":"2025-11-22T03:13:16","slug":"mon-heure-viendra-une-recrue-estivale-evalue-ses-premiers-mois-passes-au-club","status":"publish","type":"post","link":"https:\/\/www.europesays.com\/fr\/550446\/","title":{"rendered":"\u00ab Mon heure viendra \u00bb, une recrue estivale \u00e9value ses premiers mois pass\u00e9s au club \u00a0"},"content":{"rendered":"<p>Arriv\u00e9 cet \u00e9t\u00e9 au Stade toulousain, Teddy Thomas vit ses premiers mois avec s\u00e9r\u00e9nit\u00e9. L\u2019ailier international va honorer sa troisi\u00e8me titularisation de la saison ce week-end. Mais juste avant une nouvelle apparition avec le Stade Toulousain, il choisit de dresser un premier bilan de son s\u00e9jour chez les rouge et noir. Il part sur l&rsquo;avantage qu&rsquo;il conna\u00eet d\u00e9j\u00e0 plusieurs joueurs de l\u2019effectif. Ce qui a favoris\u00e9 une certaine fluidit\u00e9 de son int\u00e9gration et la qualit\u00e9 des \u00e9changes avec le staff.<\/p>\n<p>\u00a0<\/p>\n<p>\u00ab Tout s\u2019est fait tr\u00e8s naturellement \u00bb, confie-t-il. \u00c0 32 ans, l\u2019ancien Racingman assume pleinement le caract\u00e8re singulier de son arriv\u00e9e dans le club le plus titr\u00e9 de France. Pour lui, ce choix repr\u00e9sente un d\u00e9fi ultime au tr\u00e8s haut niveau. C&rsquo;est une \u00e9tape qu\u2019il voulait inscrire dans sa carri\u00e8re. Sign\u00e9 pour trois saisons, Thomas se projette avec ambition et lucidit\u00e9. \u00ab Je me sens tr\u00e8s bien dans mon corps, j\u2019ai encore beaucoup \u00e0 montrer \u00bb, l\u00e2che Teddy Thomas. L\u2019ailier voit dans cette aventure une opportunit\u00e9 rare.<\/p>\n<p>\u00a0<\/p>\n<p>L\u2019attente du premier essai<\/p>\n<p>Au-del\u00e0 des performances sportives, Thomas insiste sur l\u2019atmosph\u00e8re particuli\u00e8re qui r\u00e8gne au sein du groupe. L\u2019armoire \u00e0 troph\u00e9es impressionne, mais c\u2019est surtout l\u2019esprit collectif qui le marque. Il retrouve \u00e0 Toulouse une ambiance proche de celle qu\u2019il a connue en \u00e9quipe de France. Le joueur \u00e9voque une solidarit\u00e9 qui transcende g\u00e9n\u00e9rations et statuts, mais qui rend surtout le quotidien \u00ab tr\u00e8s confortable pour travailler \u00bb. Si l\u2019ailier n\u2019a pas encore d\u00e9bloqu\u00e9 son compteur apr\u00e8s cinq apparitions, il refuse de c\u00e9der \u00e0 la frustration. Sa philosophie est claire, ne pas forcer les choses et laisser le jeu parler. Dans un club o\u00f9 la concurrence est f\u00e9roce avec des attentes immenses, il avance avec calme et d\u00e9termination.<\/p>\n<p>\u00a0<\/p>\n<blockquote>\n<p>\u00ab Vous me connaissez et j\u2019ai r\u00e9guli\u00e8rement dit que ce qui m\u2019anime \u00e9tait de marquer des essais. J\u2019en ai malheureusement \u201cb\u00e9gay\u00e9\u201d un contre Bordeaux mais je sais que mon heure viendra, il ne faut pas forcer les choses. Quand \u00e7a arrivera, \u00e7a lib\u00e9rera. En attendant, je vous rassure, je dors tr\u00e8s bien la nuit tout de m\u00eame, j\u2019arrive le matin avec la banane et je suis content de jouer. Mais je sais que, \u00e0 Toulouse, les ailiers sont r\u00e9put\u00e9s pour marquer de nombreux essais et que tout le monde m\u2019attend sur \u00e7a. Mais je suis persuad\u00e9 que j\u2019arriverai \u00e0 franchir cette ligne, je ne me fais pas de souci pour \u00e7a \u00bb, indique Teddy Thomas.<\/p>\n<\/blockquote>\n<p>Partagez cette info avec vos amis et vos proches en cliquant ici<br \/>Pour r\u00e9sumer<\/p>\n<p>Teddy Thomas vit une int\u00e9gration fluide au Stade toulousain. \u00c0 32 ans, l\u2019ailier international assume un d\u00e9fi ultime, port\u00e9 par l\u2019esprit collectif. Toujours en qu\u00eate de son premier essai, il avance avec confiance : \u00ab Mon heure viendra. \u00bb<\/p>\n<p> <img decoding=\"async\" width=\"76\" height=\"76\" loading=\"lazy\" src=\"https:\/\/www.europesays.com\/fr\/wp-content\/uploads\/2025\/04\/avatar-quinze.png\" alt=\"Voldi Fr\u00e9jus\u00a0Hounvio\"\/><\/p>\n","protected":false},"excerpt":{"rendered":"Arriv\u00e9 cet \u00e9t\u00e9 au Stade toulousain, Teddy Thomas vit ses premiers mois avec s\u00e9r\u00e9nit\u00e9. L\u2019ailier international va honorer&hellip;\n","protected":false},"author":2,"featured_media":550447,"comment_status":"","ping_status":"","sticky":false,"template":"","format":"standard","meta":{"footnotes":""},"categories":[1416],"tags":[1011,27,479,1468,60,476,478],"class_list":{"0":"post-550446","1":"post","2":"type-post","3":"status-publish","4":"format-standard","5":"has-post-thumbnail","7":"category-rugby","8":"tag-fr","9":"tag-france","10":"tag-rugby","11":"tag-rugby-football","12":"tag-sports","13":"tag-stade-toulousain","14":"tag-top-14"},"share_on_mastodon":{"url":"https:\/\/pubeurope.com\/@fr\/115591172533834038","error":""},"_links":{"self":[{"href":"https:\/\/www.europesays.com\/fr\/wp-json\/wp\/v2\/posts\/550446","targetHints":{"allow":["GET"]}}],"collection":[{"href":"https:\/\/www.europesays.com\/fr\/wp-json\/wp\/v2\/posts"}],"about":[{"href":"https:\/\/www.europesays.com\/fr\/wp-json\/wp\/v2\/types\/post"}],"author":[{"embeddable":true,"href":"https:\/\/www.europesays.com\/fr\/wp-json\/wp\/v2\/users\/2"}],"replies":[{"embeddable":true,"href":"https:\/\/www.europesays.com\/fr\/wp-json\/wp\/v2\/comments?post=550446"}],"version-history":[{"count":0,"href":"https:\/\/www.europesays.com\/fr\/wp-json\/wp\/v2\/posts\/550446\/revisions"}],"wp:featuredmedia":[{"embeddable":true,"href":"https:\/\/www.europesays.com\/fr\/wp-json\/wp\/v2\/media\/550447"}],"wp:attachment":[{"href":"https:\/\/www.europesays.com\/fr\/wp-json\/wp\/v2\/media?parent=550446"}],"wp:term":[{"taxonomy":"category","embeddable":true,"href":"https:\/\/www.europesays.com\/fr\/wp-json\/wp\/v2\/categories?post=550446"},{"taxonomy":"post_tag","embeddable":true,"href":"https:\/\/www.europesays.com\/fr\/wp-json\/wp\/v2\/tags?post=550446"}],"curies":[{"name":"wp","href":"https:\/\/api.w.org\/{rel}","templated":true}]}}