{"id":550450,"date":"2025-11-22T03:18:17","date_gmt":"2025-11-22T03:18:17","guid":{"rendered":"https:\/\/www.europesays.com\/fr\/550450\/"},"modified":"2025-11-22T03:18:17","modified_gmt":"2025-11-22T03:18:17","slug":"une-sixieme-arrivee-au-team-abadie-magnan-actualite","status":"publish","type":"post","link":"https:\/\/www.europesays.com\/fr\/550450\/","title":{"rendered":"Une sixi\u00e8me arriv\u00e9e au Team Abadie-Magnan &#8211; Actualit\u00e9"},"content":{"rendered":"<p style=\"text-align: justify;\">Le Team Abadie-Magnan d\u00e9voile ce mercredi une six\u00e8me recrue pour la saison 2026. L&rsquo;\u00e9quipe qui postule en Conti F\u00e9d\u00e9rale pourra compter sur la pr\u00e9sence de Margaux Martinez, qui arrive d&rsquo;Expresso Racing CC Le Boulou.<\/p>\n<p><strong><a href=\"https:\/\/www.directvelo.com\/coureur\/42023\/margaux-martinez\" target=\"_blank\" rel=\"noopener\">Margaux Martinez<\/a><\/strong>, 21 ans, est la Championne d&rsquo;Occitanie. Elle a \u00e9galement termin\u00e9 3e du contre-la-montre de son Championnat r\u00e9gional, 5e d&rsquo;\u00e9tape au\u00a0Tour d&rsquo;Ambert Livradois Forez (25e du g\u00e9n\u00e9ral), ou encore 18e du Championnat de France Espoirs de contre-la-montre.<\/p>\n<p>Celle qui \u00e9tait d\u00e9j\u00e0 Championne d&rsquo;Occitanie en 2024 a \u00e9galement pris la 12e place de la Classic Vienne-Nouvelle-Aquitaine 2024, en Coupe de France, et la 23e du Championnat de France Espoirs.<\/p>\n<p>Retrouvez toutes les mutations du peloton f\u00e9minin\u00a0<strong><a href=\"https:\/\/www.directvelo.com\/mutations\/2026#teams-women\" target=\"_blank\" rel=\"noopener\">en cliquant ici<\/a><\/strong>.<\/p>\n","protected":false},"excerpt":{"rendered":"Le Team Abadie-Magnan d\u00e9voile ce mercredi une six\u00e8me recrue pour la saison 2026. L&rsquo;\u00e9quipe qui postule en Conti&hellip;\n","protected":false},"author":2,"featured_media":550451,"comment_status":"","ping_status":"","sticky":false,"template":"","format":"standard","meta":{"footnotes":""},"categories":[1411],"tags":[834,828,836,829,837,827,83,826,824,823,1154,207,814,817,815,816,822,821,832,211,839,1011,27,820,818,819,835,831,830,833,838,60,212,208,825],"class_list":{"0":"post-550450","1":"post","2":"type-post","3":"status-publish","4":"format-standard","5":"has-post-thumbnail","7":"category-cyclisme","8":"tag-attaque","9":"tag-belgique","10":"tag-braquet","11":"tag-bretagne","12":"tag-chute","13":"tag-competition","14":"tag-coupe-de-france","15":"tag-coureur","16":"tag-course-cyclisme","17":"tag-course-cycliste","18":"tag-cycling","19":"tag-cyclisme","20":"tag-direct","21":"tag-direct-velo","22":"tag-directvelo","23":"tag-directvelo-com","24":"tag-epreuve","25":"tag-epreuve-cycliste","26":"tag-federation-francaise-de-cyclisme","27":"tag-ffc","28":"tag-flandres","29":"tag-fr","30":"tag-france","31":"tag-live","32":"tag-live-course","33":"tag-live-epreuve","34":"tag-peloton","35":"tag-radio-peloton","36":"tag-radio-tour","37":"tag-ravitaillement","38":"tag-relance","39":"tag-sports","40":"tag-uci","41":"tag-velo","42":"tag-velos"},"share_on_mastodon":{"url":"https:\/\/pubeurope.com\/@fr\/115591191402833386","error":""},"_links":{"self":[{"href":"https:\/\/www.europesays.com\/fr\/wp-json\/wp\/v2\/posts\/550450","targetHints":{"allow":["GET"]}}],"collection":[{"href":"https:\/\/www.europesays.com\/fr\/wp-json\/wp\/v2\/posts"}],"about":[{"href":"https:\/\/www.europesays.com\/fr\/wp-json\/wp\/v2\/types\/post"}],"author":[{"embeddable":true,"href":"https:\/\/www.europesays.com\/fr\/wp-json\/wp\/v2\/users\/2"}],"replies":[{"embeddable":true,"href":"https:\/\/www.europesays.com\/fr\/wp-json\/wp\/v2\/comments?post=550450"}],"version-history":[{"count":0,"href":"https:\/\/www.europesays.com\/fr\/wp-json\/wp\/v2\/posts\/550450\/revisions"}],"wp:featuredmedia":[{"embeddable":true,"href":"https:\/\/www.europesays.com\/fr\/wp-json\/wp\/v2\/media\/550451"}],"wp:attachment":[{"href":"https:\/\/www.europesays.com\/fr\/wp-json\/wp\/v2\/media?parent=550450"}],"wp:term":[{"taxonomy":"category","embeddable":true,"href":"https:\/\/www.europesays.com\/fr\/wp-json\/wp\/v2\/categories?post=550450"},{"taxonomy":"post_tag","embeddable":true,"href":"https:\/\/www.europesays.com\/fr\/wp-json\/wp\/v2\/tags?post=550450"}],"curies":[{"name":"wp","href":"https:\/\/api.w.org\/{rel}","templated":true}]}}