{"id":550456,"date":"2025-11-22T03:21:15","date_gmt":"2025-11-22T03:21:15","guid":{"rendered":"https:\/\/www.europesays.com\/fr\/550456\/"},"modified":"2025-11-22T03:21:15","modified_gmt":"2025-11-22T03:21:15","slug":"cette-famille-de-loire-atlantique-se-photographie-chaque-mois-sur-son-canape-elle-arrive-au-100e-cliche","status":"publish","type":"post","link":"https:\/\/www.europesays.com\/fr\/550456\/","title":{"rendered":"Cette famille de Loire-Atlantique se photographie chaque mois sur son canap\u00e9, elle arrive au 100e clich\u00e9"},"content":{"rendered":"<p>                    Par<br \/>\n        <strong><br \/>\n            <a href=\"https:\/\/actu.fr\/auteur\/romane-rousseau-actu-fr\" title=\"Consulter tous les articles de Romane Rousseau\" target=\"_blank\" rel=\"noopener\">Romane Rousseau<\/a><br \/>\n                    <\/strong><\/p>\n<p>        Publi\u00e9 le<\/p>\n<p>            21 nov. 2025 \u00e0 18h45        <\/p>\n<p>Sur le disque dur de l\u2019ordinateur de la famille Lacroix, un dossier attire particuli\u00e8rement l\u2019attention. \u00c0 l\u2019int\u00e9rieur, 100 photos sont tri\u00e9es dans l\u2019ordre chronologique. Tous ces clich\u00e9s sont le fruit d\u2019un joli projet sur le long terme. Depuis huit ans, B\u00e9n\u00e9dicte Lacroix, photographe bas\u00e9e \u00e0 <a href=\"https:\/\/actu.fr\/pays-de-la-loire\/clisson_44043\" target=\"_blank\" rel=\"noopener\">Clisson <\/a>(en Loire-Atlantique), son mari Vincent ainsi que leur grand gar\u00e7on Matthieu <b>se prennent en photo chaque mois sur le canap\u00e9 de la maison<\/b>. En 2019, leur deuxi\u00e8me enfant vient rejoindre les rangs.<\/p>\n<p>Premi\u00e8re photo en ao\u00fbt 2017, cinq jours apr\u00e8s la naissance de Matthieu<\/p>\n<p class=\" wall-content\">En ao\u00fbt 2017, le jeune couple accueille son premier enfant, Matthieu. Au retour de la maternit\u00e9, alors que le bambin n\u2019a que cinq jours, B\u00e9n\u00e9dicte Lacroix <b>souhaite immortaliser le moment. <\/b><\/p>\n<blockquote class=\"ac-article-quote wall-content\">\n<p>\u00c0 l\u2019\u00e9poque, je n\u2019\u00e9tais pas photographe professionnelle, mais j\u2019aimais beaucoup ce domaine. J\u2019avais toujours la responsabilit\u00e9 de prendre les photos lors des r\u00e9unions de famille. Je n\u2019\u00e9tais donc jamais dessus. L\u00e0, j\u2019avais envie d\u2019une vraie photo de famille o\u00f9 je suis pr\u00e9sente. Je voulais \u00e9galement pr\u00e9parer un livre de naissance pour mon fils.<\/p>\n<p>B\u00e9n\u00e9dicte Lacroix<\/p><\/blockquote>\n<p class=\" wall-content\">C\u2019est alors qu\u2019est prise la toute premi\u00e8re photographie.<\/p>\n<p>Sur le canap\u00e9 en cuir rouge chaque mois<\/p>\n<p class=\" wall-content\">Le retardateur est enclench\u00e9, l<b>e couple de 30\u00a0ans \u00e0 l\u2019\u00e9poque pose avec leur b\u00e9b\u00e9 <\/b>dans les bras sur le canap\u00e9 en cuir rouge. \u00ab La maison \u00e9tait en travaux, alors je nous ai pos\u00e9s l\u00e0 o\u00f9 il y avait de la place, s\u2019amuse-t-elle. Il est tr\u00e8s laid et surtout vieux. Il a mon \u00e2ge, j\u2019ai des photos de moi petite dessus ! \u00bb<\/p>\n<p class=\" wall-content\">Le mois d\u2019apr\u00e8s, rebelote\u2026<\/p>\n<p class=\" wall-content\">\u00ab En fait, c\u2019est plut\u00f4t un hasard si on a commenc\u00e9. Je sais que cela se fait beaucoup sur douze mois, la premi\u00e8re ann\u00e9e de l\u2019enfant. Et apr\u00e8s, je me suis demand\u00e9e pourquoi arr\u00eater\u2026 \u00bb<\/p>\n<p>Votre r\u00e9gion, votre actu !<\/p>\n<p>Recevez chaque jour les infos qui comptent pour vous.<\/p>\n<p>\t<a href=\"https:\/\/actu.fr\/newsletter\" class=\"ac-btn ac-btn--corner ac-btn--medium ac-btn--blue800\" target=\"_blank\" rel=\"noopener\">S&rsquo;incrire<\/a><\/p>\n<p class=\" wall-content\">C\u2019est donc comme \u00e7a que na\u00eet le rituel. <b>Chaque d\u00e9but de mois,<\/b> le premier mercredi ou le week-end selon les disponibilit\u00e9s des enfants, la famille pose devant l\u2019objectif.<\/p>\n<p>    <img   decoding=\"async\" loading=\"lazy\" class=\"size-large\" src=\"https:\/\/www.europesays.com\/fr\/wp-content\/uploads\/2025\/11\/2c747e5da519640847e5da51919847v-960x640.jpg\" alt=\"La toute premi\u00e8re photo, prise en ao\u00fbt 2017...\" width=\"960\" height=\"640\"\/><br \/>\n    La toute premi\u00e8re photo, prise en ao\u00fbt\u00a02017, alors que Matthieu n\u2019a que cinq jours. \u00a9photo fournie par B\u00e9n\u00e9dicte LacroixL\u2019apparition du deuxi\u00e8me enfant<\/p>\n<p class=\" wall-content\">Le moment le plus marquant de ces huit derni\u00e8res ann\u00e9es reste l\u2019arriv\u00e9e du deuxi\u00e8me gar\u00e7on, No\u00e9.<\/p>\n<p class=\" wall-content\">C\u2019est d\u2019ailleurs gr\u00e2ce \u00e0 ces photographies que l\u2019annonce de la grossesse a pu \u00eatre faite \u00e0 la famille. \u00ab On a l\u2019habitude d\u2019envoyer ces photos \u00e0 nos parents \u00e0 chaque fois. Sur la 22e, Matthieu tient l\u2019\u00e9chographie. C\u2019est en donnant en mains propres ce clich\u00e9 que l\u2019on a annonc\u00e9 qu\u2019ils seraient grands-parents ! \u00bb<\/p>\n<p>100e clich\u00e9 en novembre 2025<\/p>\n<p class=\" wall-content\">Le temps file. <b>Arrive le centi\u00e8me clich\u00e9,<\/b> en ce mois de novembre 2025.<\/p>\n<p class=\" wall-content\">Cent photos, toujours prises sur ce canap\u00e9 rouge, avec les m\u00eames sourires. Ce rituel permet de se rem\u00e9morer les derni\u00e8res ann\u00e9es qui ont d\u00e9fil\u00e9.<\/p>\n<p class=\" wall-content\">\u00ab\u00a0Nous nous \u00e9tions fix\u00e9 une r\u00e8gle : on ne voulait pas de contraintes pour les enfants. Ils peuvent s\u2019habiller comme ils veulent, se mettre derri\u00e8re le canap\u00e9 s\u2019ils en ont envie, prendre un jouet avec eux\u2026 C\u2019est aussi comme cela qu\u2019on voit l\u2019\u00e9volution de leurs passions\u00a0\u00bb.<\/p>\n<p class=\" wall-content\"><b> Comme le d\u00e9montrent les jeux Pat\u2019Patrouille<\/b>, ou encore le set de L\u00e9go\u00ae du bateau de Charlie Dalin lors du Vend\u00e9e Globe, int\u00e9r\u00eat de Matthieu \u00e0 l\u2019\u00e9poque.<\/p>\n<p>\u00ab On aurait oubli\u00e9 pas mal de choses sans \u00e7a \u00bb<\/p>\n<p class=\" wall-content\">Si ces variations sont assez anecdotiques,<b> une vraie nostalgie <\/b>s\u2019installe lorsque les premi\u00e8res dents tombent, les lunettes font leur apparition\u2026<\/p>\n<blockquote class=\"ac-article-quote wall-content\">\n<p>Je pensais qu\u2019on verrait les enfants grandir. Finalement, je nous ai aussi vus vieillir. C\u2019est fou d\u2019avoir autant de vies en huit ans. On aurait oubli\u00e9 pas mal de choses sans \u00e7a. C\u2019est un petit bout de notre histoire.<\/p>\n<p>B\u00e9n\u00e9dicte Lacroix<\/p><\/blockquote>\n<p class=\" wall-content\">Cette initiative est aussi un h\u00e9ritage pour les deux enfants, encore jeunes. Aujourd\u2019hui \u00e2g\u00e9s de 8 et 6 ans,<b> ils pourront garder ces pr\u00e9cieux souvenirs<\/b>. \u00ab On n\u2019a jamais assez de photos avec ses parents. Je le remarque moi-m\u00eame, d\u00e9plore B\u00e9n\u00e9dicte Lacroix. Quand ils seront grands, ils auront ce petit tr\u00e9sor \u00bb.<\/p>\n<p>    <img   decoding=\"async\" loading=\"lazy\" class=\"size-large\" src=\"https:\/\/www.europesays.com\/fr\/wp-content\/uploads\/2025\/11\/db7984ada5196108984ada51924898v-960x640.jpg\" alt=\"Au 22e mois, un heureux \u00e9v\u00e8nement est annonc\u00e9.\" width=\"960\" height=\"640\"\/><br \/>\n    Au 22e mois, un heureux \u00e9v\u00e8nement est annonc\u00e9. C\u2019est gr\u00e2ce \u00e0 ce clich\u00e9 que les parents de B\u00e9n\u00e9dicte et Vincent Lacroix apprendront la nouvelle. \u00a9photo fournie par B\u00e9n\u00e9dicte LacroixEt apr\u00e8s ? \u00ab\u00a0\u00c7a s\u2019arr\u00eatera quand \u00e7a s\u2019arr\u00eatera\u00a0\u00bb<\/p>\n<p class=\" wall-content\">Le cap symbolique du centi\u00e8me clich\u00e9 \u00e9tant pass\u00e9, qu\u2019en est-il de la suite ?<\/p>\n<p class=\" wall-content\">Pour le moment, la petite famille va poursuivre ce rituel. <b>Jusqu\u2019\u00e0 quand ? <\/b>M\u00eame eux ne le savent pas.<\/p>\n<blockquote class=\"ac-article-quote wall-content\">\n<p>Mon fils veut que l\u2019on continue jusqu\u2019au milli\u00e8me\u2026 J\u2019ai compt\u00e9, on sera morts, rit jaune la photographe, dont elle et son mari ont d\u00e9sormais 39 ans. On stoppera quand \u00e7a va devenir une contrainte. Les enfants vont quitter la maison, ils n\u2019auront peut-\u00eatre plus envie de le faire\u2026 \u00c7a s\u2019arr\u00eatera quand \u00e7a s\u2019arr\u00eatera.<\/p>\n<p>B\u00e9n\u00e9dicte Lacroix<\/p><\/blockquote>\n<p class=\" wall-content\">D\u2019ici l\u00e0,<b> les jeunes gar\u00e7ons pourront se replonger dans les photos,<\/b> toutes imprim\u00e9es,<b> ou bien les 100 magnets<\/b>, aimant\u00e9s \u00e0 un tableau dispos\u00e9 dans leur foyer, qui abordent chaque photo de ces huit derni\u00e8res ann\u00e9es.<\/p>\n<p>Clich\u00e9s \u00e0 retrouver sur le compte Instagram benedicte.lacroix_photographe<\/p>\n<p class=\" wall-content\">Personnalisez votre actualit\u00e9 en ajoutant vos villes et m\u00e9dias en favori avec <a href=\"https:\/\/moncompte.actu.fr\" title=\"D\u00e9couvez Mon Actu\" rel=\"nofollow noopener\" data-trk=\"{&quot;cta&quot;:{&quot;action&quot;:&quot;https:\\\/\\\/moncompte.actu.fr&quot;,&quot;category&quot;:&quot;mon compte&quot;,&quot;from&quot;:&quot;article footer&quot;,&quot;name&quot;:&quot;Mon actu&quot;,&quot;type&quot;:&quot;cta&quot;}}\" target=\"_blank\">Mon Actu<\/a>.<\/p>\n","protected":false},"excerpt":{"rendered":"Par Romane Rousseau Publi\u00e9 le 21 nov. 2025 \u00e0 18h45 Sur le disque dur de l\u2019ordinateur de la&hellip;\n","protected":false},"author":2,"featured_media":550457,"comment_status":"","ping_status":"","sticky":false,"template":"","format":"standard","meta":{"footnotes":""},"categories":[1358],"tags":[1348,1384,1385,1386,58,59,1011,27,1757,1756,104,2900],"class_list":{"0":"post-550456","1":"post","2":"type-post","3":"status-publish","4":"format-standard","5":"has-post-thumbnail","7":"category-arts-et-design","8":"tag-arts","9":"tag-arts-and-design","10":"tag-arts-et-design","11":"tag-design","12":"tag-divertissement","13":"tag-entertainment","14":"tag-fr","15":"tag-france","16":"tag-insolite","17":"tag-photographie","18":"tag-societe","19":"tag-vignoble-nantais"},"share_on_mastodon":{"url":"https:\/\/pubeurope.com\/@fr\/115591203245614366","error":""},"_links":{"self":[{"href":"https:\/\/www.europesays.com\/fr\/wp-json\/wp\/v2\/posts\/550456","targetHints":{"allow":["GET"]}}],"collection":[{"href":"https:\/\/www.europesays.com\/fr\/wp-json\/wp\/v2\/posts"}],"about":[{"href":"https:\/\/www.europesays.com\/fr\/wp-json\/wp\/v2\/types\/post"}],"author":[{"embeddable":true,"href":"https:\/\/www.europesays.com\/fr\/wp-json\/wp\/v2\/users\/2"}],"replies":[{"embeddable":true,"href":"https:\/\/www.europesays.com\/fr\/wp-json\/wp\/v2\/comments?post=550456"}],"version-history":[{"count":0,"href":"https:\/\/www.europesays.com\/fr\/wp-json\/wp\/v2\/posts\/550456\/revisions"}],"wp:featuredmedia":[{"embeddable":true,"href":"https:\/\/www.europesays.com\/fr\/wp-json\/wp\/v2\/media\/550457"}],"wp:attachment":[{"href":"https:\/\/www.europesays.com\/fr\/wp-json\/wp\/v2\/media?parent=550456"}],"wp:term":[{"taxonomy":"category","embeddable":true,"href":"https:\/\/www.europesays.com\/fr\/wp-json\/wp\/v2\/categories?post=550456"},{"taxonomy":"post_tag","embeddable":true,"href":"https:\/\/www.europesays.com\/fr\/wp-json\/wp\/v2\/tags?post=550456"}],"curies":[{"name":"wp","href":"https:\/\/api.w.org\/{rel}","templated":true}]}}