{"id":550462,"date":"2025-11-22T03:25:40","date_gmt":"2025-11-22T03:25:40","guid":{"rendered":"https:\/\/www.europesays.com\/fr\/550462\/"},"modified":"2025-11-22T03:25:40","modified_gmt":"2025-11-22T03:25:40","slug":"figurants-divers-pour-dumas-diable-noir-de-ladj-ly-avec-omar-sy-et-vincent-cassel","status":"publish","type":"post","link":"https:\/\/www.europesays.com\/fr\/550462\/","title":{"rendered":"Figurants divers pour \u00ab\u00a0Dumas, Diable Noir\u00a0\u00bb de Ladj Ly avec Omar Sy et Vincent Cassel"},"content":{"rendered":"<p>\ud83c\udfac \u00c0 PROPOS DU PROJET<\/p>\n<p>Rejoignez une aventure cin\u00e9matographique exceptionnelle avec \u201cDumas, Diable Noir\u201d, la prochaine fresque historique r\u00e9alis\u00e9e par <strong>Ladj Ly<\/strong> ! Ce film captivant retrace la vie fascinante de Thomas-Alexandre Dumas, un h\u00e9ros de guerre et le premier g\u00e9n\u00e9ral noir de l\u2019arm\u00e9e fran\u00e7aise. Vous aurez l\u2019opportunit\u00e9 de travailler aux c\u00f4t\u00e9s d\u2019un casting prestigieux comprenant <strong>Omar Sy<\/strong>, <strong>Vincent Cassel<\/strong> et <strong>Fran\u00e7ois Civil<\/strong>. R\u00e9alis\u00e9 par <strong>Ladj Ly<\/strong> (Les Mis\u00e9rables, B\u00e2timent 5), ce drame historique ambitieux est consacr\u00e9 \u00e0 la vie m\u00e9connue de Thomas Alexandre Dumas, n\u00e9 esclave \u00e0 Saint-Domingue et devenu le premier g\u00e9n\u00e9ral noir de l\u2019arm\u00e9e fran\u00e7aise sous la R\u00e9volution. P\u00e8re du c\u00e9l\u00e8bre \u00e9crivain Alexandre Dumas, ce h\u00e9ros au destin romanesque inspira les plus grandes figures de la litt\u00e9rature d\u2019aventure. Le film retrace son ascension fulgurante, ses batailles, mais aussi la trahison et l\u2019oubli dont il fut victime, tout en posant un regard moderne sur les luttes pour la libert\u00e9 et la dignit\u00e9. Le casting prestigieux r\u00e9unit <strong>Omar Sy<\/strong>, <strong>Vincent Cassel<\/strong>, <strong>Fran\u00e7ois Civil<\/strong> et <strong>Th\u00e9o Christine<\/strong>, entour\u00e9s de <strong>Zita Hanrot<\/strong>, <strong>Alexis Manenti<\/strong> et <strong>Nadia Tereszkiewicz<\/strong>. Tourn\u00e9 entre Paris, Lyon et les paysages d\u2019outre-mer, \u201cDumas, Diable Noir\u201d s\u2019annonce comme l\u2019un des grands \u00e9v\u00e9nements cin\u00e9matographiques fran\u00e7ais \u00e0 venir \u2014 une \u0153uvre \u00e0 la fois historique et br\u00fblante d\u2019actualit\u00e9.<\/p>\n<p>\ud83d\udc65 PROFILS RECHERCH\u00c9S<\/p>\n<p><strong>Soldats de la \u201cL\u00e9gion Noire\u201d :<\/strong> \u2022 Hommes d\u2019origine Africaine (Afrique Subsaharienne : Mali, S\u00e9n\u00e9gal, Guin\u00e9e, R\u00e9publique D\u00e9mocratique du Congo, C\u00f4te d\u2019Ivoire\u2026) \u2022 \u00c2ge : 18 \u00e0 45 ans \u2022 Incarner les soldats sous les ordres du colonel Dumas lors d\u2019une bataille \u00e9pique<\/p>\n<p><strong>Soldats Italiens :<\/strong> \u2022 Hommes d\u2019origine Europ\u00e9enne \u2022 \u00c2ge : 18 \u00e0 45 ans \u2022 Ma\u00eetrise de la langue italienne (atout consid\u00e9rable)<\/p>\n<p><strong>Aventuriers alpinistes :<\/strong> \u2022 Hommes \u2022 \u00c2ge : 18 \u00e0 70 ans \u2022 R\u00e9elle exp\u00e9rience de la haute montagne (varappe, via ferrata\u2026)<\/p>\n<p>\ud83d\udcc5 PLANNING<\/p>\n<p><strong>Tournage :<\/strong> 9 au 12 mars 2026 <strong>Lieu :<\/strong> Cluses\/Morzine<\/p>\n<p>\ud83d\udcb0 R\u00c9MUN\u00c9RATION<\/p>\n<p>\u2022 107\u20ac brut\/jour \u2022 Heures suppl\u00e9mentaires \u2022 Indemnit\u00e9 essayages costumes<\/p>\n<p>\ud83d\udccb MODALIT\u00c9S DE CANDIDATURE<\/p>\n<p><strong>Documents requis :<\/strong>\u00a0photos<\/p>\n<p>\ud83c\udfac <strong>Pr\u00eats \u00e0 faire partie de cette fresque m\u00e9morable avec Ladj Ly, Omar Sy et Vincent Cassel ?<\/strong><\/p>\n","protected":false},"excerpt":{"rendered":"\ud83c\udfac \u00c0 PROPOS DU PROJET Rejoignez une aventure cin\u00e9matographique exceptionnelle avec \u201cDumas, Diable Noir\u201d, la prochaine fresque historique&hellip;\n","protected":false},"author":2,"featured_media":550463,"comment_status":"","ping_status":"","sticky":false,"template":"","format":"standard","meta":{"footnotes":""},"categories":[1354],"tags":[58,59,1346,1011,27,1360],"class_list":{"0":"post-550462","1":"post","2":"type-post","3":"status-publish","4":"format-standard","5":"has-post-thumbnail","7":"category-films","8":"tag-divertissement","9":"tag-entertainment","10":"tag-films","11":"tag-fr","12":"tag-france","13":"tag-movies"},"share_on_mastodon":{"url":"https:\/\/pubeurope.com\/@fr\/115591218665393412","error":""},"_links":{"self":[{"href":"https:\/\/www.europesays.com\/fr\/wp-json\/wp\/v2\/posts\/550462","targetHints":{"allow":["GET"]}}],"collection":[{"href":"https:\/\/www.europesays.com\/fr\/wp-json\/wp\/v2\/posts"}],"about":[{"href":"https:\/\/www.europesays.com\/fr\/wp-json\/wp\/v2\/types\/post"}],"author":[{"embeddable":true,"href":"https:\/\/www.europesays.com\/fr\/wp-json\/wp\/v2\/users\/2"}],"replies":[{"embeddable":true,"href":"https:\/\/www.europesays.com\/fr\/wp-json\/wp\/v2\/comments?post=550462"}],"version-history":[{"count":0,"href":"https:\/\/www.europesays.com\/fr\/wp-json\/wp\/v2\/posts\/550462\/revisions"}],"wp:featuredmedia":[{"embeddable":true,"href":"https:\/\/www.europesays.com\/fr\/wp-json\/wp\/v2\/media\/550463"}],"wp:attachment":[{"href":"https:\/\/www.europesays.com\/fr\/wp-json\/wp\/v2\/media?parent=550462"}],"wp:term":[{"taxonomy":"category","embeddable":true,"href":"https:\/\/www.europesays.com\/fr\/wp-json\/wp\/v2\/categories?post=550462"},{"taxonomy":"post_tag","embeddable":true,"href":"https:\/\/www.europesays.com\/fr\/wp-json\/wp\/v2\/tags?post=550462"}],"curies":[{"name":"wp","href":"https:\/\/api.w.org\/{rel}","templated":true}]}}