{"id":550472,"date":"2025-11-22T03:32:18","date_gmt":"2025-11-22T03:32:18","guid":{"rendered":"https:\/\/www.europesays.com\/fr\/550472\/"},"modified":"2025-11-22T03:32:18","modified_gmt":"2025-11-22T03:32:18","slug":"apres-la-faillite-de-lappli-kard-des-parents-aimeraient-recuperer-largent-de-poche-de-leurs-enfants","status":"publish","type":"post","link":"https:\/\/www.europesays.com\/fr\/550472\/","title":{"rendered":"Apr\u00e8s la faillite de l&rsquo;appli Kard, des parents aimeraient r\u00e9cup\u00e9rer l&rsquo;argent de poche de leurs enfants"},"content":{"rendered":"\n<p class=\"c-chapo \">\n  L&rsquo;entreprise qui exploite l&rsquo;application a \u00e9t\u00e9 plac\u00e9e en liquidation judiciaire en septembre. Une solution devrait toutefois pouvoir \u00eatre trouv\u00e9e pour les clients, via le Cr\u00e9dit agricole.\n<\/p>\n<p>      lire plus tard<\/p>\n<p id=\"dialog__title\" class=\"dialog__title\">Pour sauvegarder cet article, connectez-vous ou cr\u00e9ez un compte franceinfo<\/p>\n<p class=\"dialog__description\">Sans paiement. Sans abonnement.<\/p>\n<p>        Fermer la fen\u00eatre d\u2019activation des notifications France Info<\/p>\n<p>      cr\u00e9er votre compte<\/p>\n<p>      se connecter<\/p>\n<p>        Fermer la fen\u00eatre de pr\u00e9sentation<\/p>\n<p>    <img loading=\"lazy\" decoding=\"async\" class=\"signature__image lazyload\" width=\"100\" height=\"100\" data- alt=\"\" src=\"https:\/\/www.europesays.com\/fr\/wp-content\/uploads\/2025\/05\/64a68815cd1a7_placeholder-36b69ec8.png\"\/><\/p>\n<p>    Publi\u00e9 le 21\/11\/2025 19:45<\/p>\n<p>      Mis \u00e0 jour le 21\/11\/2025 19:53<\/p>\n<p>        Temps de lecture : 1min<\/p>\n<p>    <img decoding=\"async\"  alt=\"L'application permettait de verser de l'argent de poche sur une carte bancaire. (LEONIE ASENDORPF \/ DPA \/ AFP)\" width=\"432\" height=\"243\" src=\"https:\/\/www.europesays.com\/fr\/wp-content\/uploads\/2025\/11\/043-dpa-pa-250617-99-190627-dpai-6920b2b75f2b1838529821.jpg\" fetchpriority=\"high\"\/><\/p>\n<p>      L&rsquo;application permettait de verser de l&rsquo;argent de poche sur une carte bancaire. (LEONIE ASENDORPF \/ DPA \/ AFP)<\/p>\n<p>Les clients de Kard, <a href=\"https:\/\/www.franceinfo.fr\/economie\/economie-des-applications-bancaires-pour-gerer-son-argent-de-poche_5494146.html\" target=\"_self\" rel=\"noopener noreferrer nofollow\" data-tooltip-url=\"https:\/\/www.franceinfo.fr\/economie\/economie-des-applications-bancaires-pour-gerer-son-argent-de-poche_5494146.html\">application qui permettait aux parents de verser l&rsquo;argent de poche<\/a> de leurs enfants sur une carte bancaire, s&rsquo;inqui\u00e8tent de ne pas revoir leurs fonds apr\u00e8s la liquidation judiciaire de l&rsquo;entreprise en septembre, comme le r\u00e9v\u00e8le <a href=\"https:\/\/www.liberation.fr\/checknews\/faillite-de-lappli-bancaire-pour-ado-kard-les-parents-decouvrent-stupefaits-que-largent-de-poche-de-leurs-enfants-a-disparu-20251121_GCD4BQH735FSFDUAG7FWZFQB4I\/?redirected=1\" target=\"_blank\" rel=\"noopener nofollow\" data-tooltip-url=\"https:\/\/www.liberation.fr\/checknews\/faillite-de-lappli-bancaire-pour-ado-kard-les-parents-decouvrent-stupefaits-que-largent-de-poche-de-leurs-enfants-a-disparu-20251121_GCD4BQH735FSFDUAG7FWZFQB4I\/?redirected=1\">Lib\u00e9ration<\/a>, vendredi 21\u00a0novembre. \u00ab\u00a0Le service client est injoignable, je ne peux rien faire pour le moment\u00a0\u00bb, a confirm\u00e9 \u00e0 l&rsquo;AFP Aur\u00e9lie, m\u00e8re d&rsquo;un adolescent de 16\u00a0ans. Gr\u00e2ce \u00e0 une carte bancaire fournie par Kard, le fils d&rsquo;Aur\u00e9lie pouvait r\u00e9gler ses petites d\u00e9penses sous le contr\u00f4le de ses parents.<\/p>\n<p>La cliente appr\u00e9ciait de pouvoir verser de l&rsquo;argent de poche \u00e0 son fils sans avoir \u00e0 utiliser des esp\u00e8ces. Mais elle ignorait, le 17\u00a0novembre, en virant 50\u00a0euros sur Kard, que l&rsquo;entreprise exploitant l&rsquo;application avait \u00e9t\u00e9 plac\u00e9e en liquidation judiciaire deux mois auparavant par le tribunal de commerce d&rsquo;Evreux (Eure).<\/p>\n<p>Cette soci\u00e9t\u00e9 a subi le contrecoup du redressement judiciaire d&rsquo;un de ses prestataires informatiques, Bankable, vital pour son activit\u00e9. R\u00e9sultat\u00a0: les 50\u00a0euros d\u00e9pos\u00e9s sur le compte du fils d&rsquo;Aur\u00e9lie ne sont jamais apparus sur l&rsquo;application et la m\u00e8re de famille ne sait pas comment les r\u00e9cup\u00e9rer. Kard n&rsquo;a pas r\u00e9pondu aux sollicitations de l&rsquo;AFP.<\/p>\n<p>Une solution devrait toutefois pouvoir \u00eatre trouv\u00e9e pour tous les clients de l&rsquo;application. Car Kard recourait \u00e0 un prestataire, Okali, filiale du groupe Cr\u00e9dit agricole. \u00ab\u00a0Tous les fonds sont prot\u00e9g\u00e9s par Okali\u00a0\u00bb, a assur\u00e9 le Cr\u00e9dit agricole \u00e0 l&rsquo;AFP. L&rsquo;argent vers\u00e9 sur l&rsquo;application n&rsquo;a donc pas disparu avec la liquidation judiciaire de Kard. La filiale du Cr\u00e9dit agricole invite les clients de Kard \u00e0 la contacter via <a href=\"https:\/\/www.okali.eu\/fermeture-des-comptes-kard\" target=\"_blank\" rel=\"noopener nofollow\" data-tooltip-url=\"https:\/\/www.okali.eu\/fermeture-des-comptes-kard\">une adresse e-mail publi\u00e9e sur son site<\/a> pour r\u00e9cup\u00e9rer leur argent.<\/p>\n","protected":false},"excerpt":{"rendered":"L&rsquo;entreprise qui exploite l&rsquo;application a \u00e9t\u00e9 plac\u00e9e en liquidation judiciaire en septembre. Une solution devrait toutefois pouvoir \u00eatre&hellip;\n","protected":false},"author":2,"featured_media":550473,"comment_status":"","ping_status":"","sticky":false,"template":"","format":"standard","meta":{"footnotes":""},"categories":[6],"tags":[35,33,34,1011,27],"class_list":{"0":"post-550472","1":"post","2":"type-post","3":"status-publish","4":"format-standard","5":"has-post-thumbnail","7":"category-economie","8":"tag-business","9":"tag-economie","10":"tag-economy","11":"tag-fr","12":"tag-france"},"share_on_mastodon":{"url":"https:\/\/pubeurope.com\/@fr\/115591247325230730","error":""},"_links":{"self":[{"href":"https:\/\/www.europesays.com\/fr\/wp-json\/wp\/v2\/posts\/550472","targetHints":{"allow":["GET"]}}],"collection":[{"href":"https:\/\/www.europesays.com\/fr\/wp-json\/wp\/v2\/posts"}],"about":[{"href":"https:\/\/www.europesays.com\/fr\/wp-json\/wp\/v2\/types\/post"}],"author":[{"embeddable":true,"href":"https:\/\/www.europesays.com\/fr\/wp-json\/wp\/v2\/users\/2"}],"replies":[{"embeddable":true,"href":"https:\/\/www.europesays.com\/fr\/wp-json\/wp\/v2\/comments?post=550472"}],"version-history":[{"count":0,"href":"https:\/\/www.europesays.com\/fr\/wp-json\/wp\/v2\/posts\/550472\/revisions"}],"wp:featuredmedia":[{"embeddable":true,"href":"https:\/\/www.europesays.com\/fr\/wp-json\/wp\/v2\/media\/550473"}],"wp:attachment":[{"href":"https:\/\/www.europesays.com\/fr\/wp-json\/wp\/v2\/media?parent=550472"}],"wp:term":[{"taxonomy":"category","embeddable":true,"href":"https:\/\/www.europesays.com\/fr\/wp-json\/wp\/v2\/categories?post=550472"},{"taxonomy":"post_tag","embeddable":true,"href":"https:\/\/www.europesays.com\/fr\/wp-json\/wp\/v2\/tags?post=550472"}],"curies":[{"name":"wp","href":"https:\/\/api.w.org\/{rel}","templated":true}]}}