{"id":550474,"date":"2025-11-22T03:33:19","date_gmt":"2025-11-22T03:33:19","guid":{"rendered":"https:\/\/www.europesays.com\/fr\/550474\/"},"modified":"2025-11-22T03:33:19","modified_gmt":"2025-11-22T03:33:19","slug":"ordres-illegaux-face-a-des-elus-democrates-appelant-larmee-a-desobeir-trump-agite-la-peine-de-mort","status":"publish","type":"post","link":"https:\/\/www.europesays.com\/fr\/550474\/","title":{"rendered":"\u00ab\u00a0Ordres ill\u00e9gaux\u00a0\u00bb\u00a0: face \u00e0 des \u00e9lus d\u00e9mocrates appelant l\u2019arm\u00e9e \u00e0 d\u00e9sob\u00e9ir, Trump agite la peine de mort"},"content":{"rendered":"<p>Une menace \u00e0 peine voil\u00e9e. Apr\u00e8s l\u2019appel de six \u00e9lus d\u00e9mocrates \u00e0 d\u00e9sob\u00e9ir aux \u00ab\u00a0ordres ill\u00e9gaux\u00a0\u00bb du gouvernement \u00e9tats-unien, <a href=\"https:\/\/www.humanite.fr\/feminisme\/donald-trump\/donald-trump-rattrape-par-le-fantome-de-jeffrey-esptein\" target=\"_blank\" rel=\"noopener\">Donald Trump<\/a> a publi\u00e9 un virulent et mena\u00e7ant message sur son r\u00e9seau Truth Social. \u00ab\u00a0COMPORTEMENT S\u00c9DITIEUX, passible de la peine de MORT\u00a0!\u00a0\u00bb, a \u00e9crit, jeudi 20\u00a0novembre, <a href=\"https:\/\/www.humanite.fr\/monde\/donald-trump\/bien-sur-quil-etait-au-courant-pour-les-filles-mis-sous-pression-donald-trump-retourne-sa-veste-et-soutient-la-publication-du-dossier-epstein\" data-type=\"link\" data-id=\"https:\/\/www.humanite.fr\/monde\/donald-trump\/bien-sur-quil-etait-au-courant-pour-les-filles-mis-sous-pression-donald-trump-retourne-sa-veste-et-soutient-la-publication-du-dossier-epstein\" target=\"_blank\" rel=\"noopener\">le pr\u00e9sident<\/a>. \u00ab\u00a0Absolument inf\u00e2me\u00a0\u00bb, a r\u00e9agi, dans la foul\u00e9e, le Parti d\u00e9mocrate sur X.<\/p>\n<p>Ce message intervient \u00e0 la suite de la publication, mardi 18\u00a0novembre, d\u2019une vid\u00e9o sur X, dans laquelle&#8230;<\/p>\n","protected":false},"excerpt":{"rendered":"Une menace \u00e0 peine voil\u00e9e. Apr\u00e8s l\u2019appel de six \u00e9lus d\u00e9mocrates \u00e0 d\u00e9sob\u00e9ir aux \u00ab\u00a0ordres ill\u00e9gaux\u00a0\u00bb du gouvernement&hellip;\n","protected":false},"author":2,"featured_media":550475,"comment_status":"","ping_status":"","sticky":false,"template":"","format":"standard","meta":{"footnotes":""},"categories":[5],"tags":[11,75,1011,27,14,12,942,28],"class_list":{"0":"post-550474","1":"post","2":"type-post","3":"status-publish","4":"format-standard","5":"has-post-thumbnail","7":"category-international","8":"tag-actualites","9":"tag-donald-trump","10":"tag-fr","11":"tag-france","12":"tag-international","13":"tag-news","14":"tag-peine-de-mort","15":"tag-world"},"share_on_mastodon":{"url":"https:\/\/pubeurope.com\/@fr\/115591250621276396","error":""},"_links":{"self":[{"href":"https:\/\/www.europesays.com\/fr\/wp-json\/wp\/v2\/posts\/550474","targetHints":{"allow":["GET"]}}],"collection":[{"href":"https:\/\/www.europesays.com\/fr\/wp-json\/wp\/v2\/posts"}],"about":[{"href":"https:\/\/www.europesays.com\/fr\/wp-json\/wp\/v2\/types\/post"}],"author":[{"embeddable":true,"href":"https:\/\/www.europesays.com\/fr\/wp-json\/wp\/v2\/users\/2"}],"replies":[{"embeddable":true,"href":"https:\/\/www.europesays.com\/fr\/wp-json\/wp\/v2\/comments?post=550474"}],"version-history":[{"count":0,"href":"https:\/\/www.europesays.com\/fr\/wp-json\/wp\/v2\/posts\/550474\/revisions"}],"wp:featuredmedia":[{"embeddable":true,"href":"https:\/\/www.europesays.com\/fr\/wp-json\/wp\/v2\/media\/550475"}],"wp:attachment":[{"href":"https:\/\/www.europesays.com\/fr\/wp-json\/wp\/v2\/media?parent=550474"}],"wp:term":[{"taxonomy":"category","embeddable":true,"href":"https:\/\/www.europesays.com\/fr\/wp-json\/wp\/v2\/categories?post=550474"},{"taxonomy":"post_tag","embeddable":true,"href":"https:\/\/www.europesays.com\/fr\/wp-json\/wp\/v2\/tags?post=550474"}],"curies":[{"name":"wp","href":"https:\/\/api.w.org\/{rel}","templated":true}]}}