{"id":550476,"date":"2025-11-22T03:34:15","date_gmt":"2025-11-22T03:34:15","guid":{"rendered":"https:\/\/www.europesays.com\/fr\/550476\/"},"modified":"2025-11-22T03:34:15","modified_gmt":"2025-11-22T03:34:15","slug":"avec-404-voix-contre-les-deputes-rejettent-a-la-quasi-unanimite-le-texte-du-gouvernement","status":"publish","type":"post","link":"https:\/\/www.europesays.com\/fr\/550476\/","title":{"rendered":"Avec 404 voix contre, les d\u00e9put\u00e9s rejettent \u00e0 la quasi-unanimit\u00e9 le texte du gouvernement"},"content":{"rendered":"<p>L\u2019<a href=\"https:\/\/www.20minutes.fr\/dossier\/assemblee_nationale\" target=\"_blank\" class=\"c-link c-link--is-underlined\" rel=\"noopener\">Assembl\u00e9e nationale<\/a> a inflig\u00e9 dans la nuit de vendredi \u00e0 samedi un revers majeur \u00e0 l\u2019ex\u00e9cutif en rejetant tr\u00e8s largement le <a href=\"https:\/\/www.20minutes.fr\/economie\/budget\/\" target=\"_blank\" class=\"c-link c-link--is-underlined\" rel=\"noopener\">budget 2026<\/a>\u00a0: 404 voix contre, une seule pour, 84 abstentions. Apr\u00e8s 125 heures de d\u00e9bats, les d\u00e9put\u00e9s ont repouss\u00e9 la partie \u00ab\u00a0recettes\u00a0\u00bb, ce qui a fait tomber l\u2019ensemble du texte sans que la section \u00ab\u00a0d\u00e9penses\u00a0\u00bb ne soit examin\u00e9e. La <a href=\"https:\/\/www.20minutes.fr\/dossier\/gauche\" target=\"_blank\" class=\"c-link c-link--is-underlined\" rel=\"noopener\">gauche<\/a> et le <a href=\"https:\/\/www.20minutes.fr\/politique\/rassemblement-national\/\" target=\"_blank\" class=\"c-link c-link--is-underlined\" rel=\"noopener\">RN<\/a> ont vot\u00e9 contre, une partie de la majorit\u00e9 s\u2019est abstenue ou oppos\u00e9e. Seul Harold Huwart (Liot) a soutenu le projet.<\/p>\n<p><a href=\"https:\/\/www.20minutes.fr\/politique\/amelie-montchalin\/\" target=\"_blank\" class=\"c-link c-link--is-underlined\" rel=\"noopener\">Am\u00e9lie de\u00a0Montchalin<\/a> a d\u00e9fendu un \u00ab\u00a0travail utile\u00a0\u00bb, tout en d\u00e9non\u00e7ant des mesures \u00ab\u00a0inconstitutionnelles, irr\u00e9alistes ou inapplicables\u00a0\u00bb introduites par les oppositions. Sur X, elle a fustig\u00e9 \u00ab\u00a0l\u2019attitude cynique\u00a0\u00bb des \u00ab\u00a0extr\u00eames\u00a0\u00bb. Dans le camp pr\u00e9sidentiel, Paul Midy \u00e9voque \u00ab\u00a0des horreurs \u00e9conomiques\u00a0\u00bb, tandis que <a href=\"https:\/\/www.20minutes.fr\/politique\/sebastien-lecornu\/\" target=\"_blank\" class=\"c-link c-link--is-underlined\" rel=\"noopener\">S\u00e9bastien Lecornu<\/a> a d\u00e9plor\u00e9 \u00ab\u00a0des coups tactiques des extr\u00eames qui rendent la copie insinc\u00e8re\u00a0\u00bb.<\/p>\n<p>Un texte comme si le gouvernement \u00e9tait \u00ab\u00a0majoritaire\u00a0\u00bb<\/p>\n<p>Les hausses d\u2019imp\u00f4ts vot\u00e9es par l\u2019Assembl\u00e9e \u2013 comme l\u2019\u00ab\u00a0imp\u00f4t universel\u00a0\u00bb sur les multinationales ou la majoration de la taxe sur les rachats d\u2019actions \u2013 ont cristallis\u00e9 les tensions. Selon Am\u00e9lie de\u00a0Montchalin, elles feraient passer le d\u00e9ficit \u00e0 \u00ab\u00a04,1\u00a0%\u00a0\u00bb du PIB, mais resteraient \u00ab\u00a0fragiles\u00a0\u00bb. Pour <a href=\"https:\/\/www.20minutes.fr\/politique\/eric-coquerel\/\" target=\"_blank\" class=\"c-link c-link--is-underlined\" rel=\"noopener\">Eric Coquerel<\/a>, le gouvernement a pr\u00e9sent\u00e9 un texte comme s\u2019il \u00e9tait \u00ab\u00a0majoritaire\u00a0\u00bb. Marc Fesneau estime au contraire que \u00ab\u00a0chacun doit prendre une part\u00a0\u00bb dans l\u2019effort budg\u00e9taire.<\/p>\n<\/p>\n<p>Le RN accuse l\u2019ex\u00e9cutif de pr\u00e9parer un passage en force \u00ab\u00a0par ordonnances ou par un <a href=\"https:\/\/www.20minutes.fr\/dossier\/49-3\" target=\"_blank\" class=\"c-link c-link--is-underlined\" rel=\"noopener\">49.3<\/a>\u00a0\u00bb. Le <a href=\"https:\/\/www.20minutes.fr\/politique\/ps\/\" target=\"_blank\" class=\"c-link c-link--is-underlined\" rel=\"noopener\">PS<\/a>, qui esp\u00e9rait obtenir une mesure de justice fiscale, juge que \u00ab\u00a0le compte n\u2019y est pas\u00a0\u00bb. De son c\u00f4t\u00e9, Boris Vallaud a d\u00e9nonc\u00e9 \u00ab\u00a0l\u2019intransigeance d\u2019une partie du bloc central\u00a0\u00bb, m\u00eame si les socialistes affirment vouloir \u00ab\u00a0chercher le compromis\u00a0\u00bb.<\/p>\n<p>Le texte envoy\u00e9 au S\u00e9nat<\/p>\n<p>Le texte arrive d\u00e9sormais au S\u00e9nat, qui reprendra jeudi l\u2019examen sur la base du projet initial. Son adoption avant la fin de l\u2019ann\u00e9e appara\u00eet tr\u00e8s incertaine, malgr\u00e9 un Premier ministre qui mart\u00e8le qu\u2019\u00ab\u00a0il faut que cela fonctionne\u00a0\u00bb.<\/p>\n<p><a href=\"https:\/\/www.20minutes.fr\/economie\/budget\/\" target=\"_blank\" class=\"c-link c-btn c-btn--primary\" rel=\"noopener\">Notre dossier sur le Budget 2026<\/a><\/p>\n<p>Philippe Juvin (LR) a invit\u00e9 le gouvernement \u00e0 recourir au 49.3 pour \u00e9viter une impasse. A d\u00e9faut, une \u00ab\u00a0loi sp\u00e9ciale\u00a0\u00bb pourrait garantir la continuit\u00e9 fiscale, un sc\u00e9nario que S\u00e9bastien Lecornu dit ne pas privil\u00e9gier.<\/p>\n","protected":false},"excerpt":{"rendered":"L\u2019Assembl\u00e9e nationale a inflig\u00e9 dans la nuit de vendredi \u00e0 samedi un revers majeur \u00e0 l\u2019ex\u00e9cutif en rejetant&hellip;\n","protected":false},"author":2,"featured_media":550477,"comment_status":"","ping_status":"","sticky":false,"template":"","format":"standard","meta":{"footnotes":""},"categories":[4],"tags":[47,11,416,1003,422,1011,27,2383,418,12,4484,316,2556,25,11067,1004],"class_list":{"0":"post-550476","1":"post","2":"type-post","3":"status-publish","4":"format-standard","5":"has-post-thumbnail","7":"category-france","8":"tag-actualite","9":"tag-actualites","10":"tag-assemblee-nationale","11":"tag-budget","12":"tag-depute","13":"tag-fr","14":"tag-france","15":"tag-gauche","16":"tag-gouvernement","17":"tag-news","18":"tag-parti-socialiste-ps","19":"tag-politique","20":"tag-rassemblement-national-rn","21":"tag-republique-francaise","22":"tag-sebastien-lecornu","23":"tag-senat"},"share_on_mastodon":{"url":"https:\/\/pubeurope.com\/@fr\/115591254172487305","error":""},"_links":{"self":[{"href":"https:\/\/www.europesays.com\/fr\/wp-json\/wp\/v2\/posts\/550476","targetHints":{"allow":["GET"]}}],"collection":[{"href":"https:\/\/www.europesays.com\/fr\/wp-json\/wp\/v2\/posts"}],"about":[{"href":"https:\/\/www.europesays.com\/fr\/wp-json\/wp\/v2\/types\/post"}],"author":[{"embeddable":true,"href":"https:\/\/www.europesays.com\/fr\/wp-json\/wp\/v2\/users\/2"}],"replies":[{"embeddable":true,"href":"https:\/\/www.europesays.com\/fr\/wp-json\/wp\/v2\/comments?post=550476"}],"version-history":[{"count":0,"href":"https:\/\/www.europesays.com\/fr\/wp-json\/wp\/v2\/posts\/550476\/revisions"}],"wp:featuredmedia":[{"embeddable":true,"href":"https:\/\/www.europesays.com\/fr\/wp-json\/wp\/v2\/media\/550477"}],"wp:attachment":[{"href":"https:\/\/www.europesays.com\/fr\/wp-json\/wp\/v2\/media?parent=550476"}],"wp:term":[{"taxonomy":"category","embeddable":true,"href":"https:\/\/www.europesays.com\/fr\/wp-json\/wp\/v2\/categories?post=550476"},{"taxonomy":"post_tag","embeddable":true,"href":"https:\/\/www.europesays.com\/fr\/wp-json\/wp\/v2\/tags?post=550476"}],"curies":[{"name":"wp","href":"https:\/\/api.w.org\/{rel}","templated":true}]}}