{"id":550496,"date":"2025-11-22T03:50:17","date_gmt":"2025-11-22T03:50:17","guid":{"rendered":"https:\/\/www.europesays.com\/fr\/550496\/"},"modified":"2025-11-22T03:50:17","modified_gmt":"2025-11-22T03:50:17","slug":"glucksmann-en-deplacement-a-grenoble-apres-avoir-provoque-le-doute-dans-son-camp-actualites","status":"publish","type":"post","link":"https:\/\/www.europesays.com\/fr\/550496\/","title":{"rendered":"Glucksmann en d\u00e9placement \u00e0 Grenoble apr\u00e8s avoir provoqu\u00e9 le doute dans son camp : Actualit\u00e9s"},"content":{"rendered":"<p class=\"lead \">Peu pr\u00e9sent dans le d\u00e9bat national ces derni\u00e8res semaines, le leader de Place publique Rapha\u00ebl Glucksmann, consid\u00e9r\u00e9 comme un potentiel candidat \u00e0 la pr\u00e9sidentielle, s&rsquo;est efforc\u00e9 de dissiper le doute vendredi apr\u00e8s une intervention sur LCI jug\u00e9e peu convaincante dans son camp.<\/p>\n<p class=\"lead \">En d\u00e9placement \u00e0 Grenoble notamment sur le site du groupe chimique en difficult\u00e9 Vencorex et pour soutenir le candidat de Place publique aux municipales, l&rsquo;eurod\u00e9put\u00e9 qui continue d&rsquo;entretenir le suspense sur une candidature pour 2027, a parl\u00e9 innovation, industrie, d\u00e9mocratie, s\u00e9curit\u00e9, lors d&rsquo;une r\u00e9union publique devant quelques centaines de personnes.<\/p>\n<p class=\"lead \">Alors que le d\u00e9bat politique actuel est tourn\u00e9 sur les questions budg\u00e9taires, \u00ab\u00a0ce que l&rsquo;on doit rappeler c&rsquo;est que l&rsquo;\u00e9conomie, c&rsquo;est pas juste des taxes. L&rsquo;\u00e9conomie, c&rsquo;est une politique industrielle, une politique commerciale, une politique de formation, et une politique qui doit montrer que la transition \u00e9cologique qu&rsquo;on propose est un projet industriel\u00a0\u00bb, a-t-il affirm\u00e9. <\/p>\n<p class=\"lead \">Il a aussi d\u00e9fendu la n\u00e9cessit\u00e9 de pr\u00e9senter la transition \u00e9nerg\u00e9tique \u00ab\u00a0comme un gain de puissance, d&rsquo;autonomie, de libert\u00e9, de souverainet\u00e9, mais aussi un gain \u00e9conomique\u00a0\u00bb.<\/p>\n<p class=\"lead \">Rapha\u00ebl Glucksmann, qui se rendra dimanche \u00e0 Marseille, pour participer au rassemblement contre le narcotrafic, a \u00e9galement souhait\u00e9 que la gauche s&#8217;empare du sujet de la s\u00e9curit\u00e9: \u00ab\u00a0le d\u00e9fi c&rsquo;est de montrer que nous sommes les plus cr\u00e9dibles\u00a0\u00bb sur le sujet, avec une \u00ab\u00a0approche globale\u00a0\u00bb, portant \u00e0 la fois sur \u00ab\u00a0la r\u00e9pression\u00a0\u00bb mais aussi \u00ab\u00a0la lutte contre le terreau sur lequel grandit la d\u00e9linquance, c&rsquo;est-\u00e0-dire l&rsquo;abandon, la ghetto\u00efsation, la disparition des services publics\u00a0\u00bb.<\/p>\n<p class=\"lead \">L&rsquo;eurod\u00e9put\u00e9, que certains sondages placent aux portes du second tour de la pr\u00e9sidentielle, s&rsquo;est montr\u00e9 plus \u00e0 l&rsquo;aise que mercredi soir lorsqu&rsquo;il a r\u00e9pondu \u00e0 un panel de Fran\u00e7ais sur LCI, avant un d\u00e9bat avec le pr\u00e9sident du parti Reconqu\u00eate, Eric Zemmour.<\/p>\n<p class=\"lead \">Il avait alors eu du mal \u00e0 r\u00e9pondre \u00e0 ses interlocuteurs, qui l&rsquo;ont notamment interrog\u00e9 sur le voile dans l&rsquo;espace public, les retraites, la d\u00e9linquance des mineurs ou l&rsquo;usage des n\u00e9onicotino\u00efdes dans la culture des noisettes.<\/p>\n<p class=\"lead \">\u00ab\u00a0Il s&rsquo;est montr\u00e9 \u00e0 l&rsquo;\u00e9coute et au combat face aux id\u00e9ologues d&rsquo;extr\u00eame droite\u00a0\u00bb, a d\u00e9fendu son entourage. \u00ab\u00a0Peu \u00e0 gauche auraient fait un meilleur d\u00e9bat\u00a0\u00bb.<\/p>\n<p class=\"lead \">L&rsquo;eurod\u00e9put\u00e9 a confirm\u00e9 aupr\u00e8s de l&rsquo;AFP qu&rsquo;il entendait \u00ab\u00a0reprendre le drapeau tricolore\u00a0\u00bb \u00e0 l&rsquo;extr\u00eame droite, et ne \u00ab\u00a0pas leur laisser le monopole de la d\u00e9finition de l&rsquo;identit\u00e9 fran\u00e7aise\u00a0\u00bb.<\/p>\n<p class=\"lead \">&#8211; \u00ab\u00a0H\u00e9sitations\u00a0\u00bb &#8211;<\/p>\n<p class=\"lead \">Au Parti socialiste, des \u00e9lus ont d\u00e9plor\u00e9 une prestation t\u00e9l\u00e9vis\u00e9e \u00ab\u00a0pas du tout au niveau\u00a0\u00bb, certains la comparant \u00e0 \u00ab\u00a0un naufrage\u00a0\u00bb. <\/p>\n<p class=\"lead \">\u00ab\u00a0C&rsquo;est la difficult\u00e9 \u00e0 laquelle il va \u00eatre confront\u00e9. A un moment, il faut se confronter au r\u00e9el\u00a0\u00bb, abonde un responsable socialiste, alors que l&rsquo;eurod\u00e9put\u00e9 est souvent accus\u00e9 par ses d\u00e9tracteurs d&rsquo;\u00eatre d\u00e9connect\u00e9 de la soci\u00e9t\u00e9 et peu pr\u00e9sent sur les sujets nationaux.<\/p>\n<p class=\"lead \">Aucune mansu\u00e9tude du c\u00f4t\u00e9 des Insoumis, qui ont fait de Rapha\u00ebl Glucksmann leur principal opposant \u00e0 gauche, dans le cadre d&rsquo;un duel qu&rsquo;ils anticipent avec leur leader Jean-Luc M\u00e9lenchon. \u00ab\u00a0Vide, consternant et finalement insignifiant\u00a0\u00bb, a jug\u00e9 le d\u00e9put\u00e9 Paul Vannier.<\/p>\n<p class=\"lead \">\u00ab\u00a0Moi, les h\u00e9sitations, je les aime\u00a0\u00bb, a r\u00e9pondu l&rsquo;eurod\u00e9put\u00e9 \u00e0 Grenoble, d\u00e9fendant \u00ab\u00a0la spontan\u00e9it\u00e9\u00a0\u00bb et \u00ab\u00a0l&rsquo;irruption de la sinc\u00e9rit\u00e9 en politique\u00a0\u00bb. <\/p>\n<p class=\"lead \">Celui qui se positionne sur le cr\u00e9neau de la social-d\u00e9mocratie pro-europ\u00e9enne est plus \u00e0 l&rsquo;aise sur l&rsquo;international, et notamment sur l&rsquo;Ukraine. Vendredi matin, il a d\u00e9fendu le chef d&rsquo;\u00e9tat-major des arm\u00e9es, jugeant qu&rsquo;il avait eu raison d&rsquo;alerter la Nation \u00ab\u00a0sur la n\u00e9cessit\u00e9 de changer d&rsquo;\u00e9tat d&rsquo;esprit\u00a0\u00bb face au risque de guerre, apr\u00e8s que ce dernier a d\u00e9clar\u00e9 que la France devrait \u00ab\u00a0accepter de perdre ses enfants\u00a0\u00bb.<\/p>\n<p class=\"lead \">Rapha\u00ebl Glucksmann a pr\u00e9sent\u00e9 en juin une \u00e9bauche de projet \u00ab\u00a0pour la France\u00a0\u00bb, avant une version d\u00e9finitive promise pour juin 2026. Il continue en attendant de se d\u00e9placer sur le terrain \u00e0 bas bruit.<\/p>\n<p class=\"lead \">Il n&rsquo;a, \u00e0 ce stade, jamais affirm\u00e9 qu&rsquo;il serait candidat. Mercredi, il a encore bott\u00e9 en touche, en expliquant que la gauche avait \u00ab\u00a0souffert de ne pas avoir produit une vision\u00a0\u00bb et que son projet n&rsquo;\u00e9tait \u00ab\u00a0pas encore abouti\u00a0\u00bb.<\/p>\n<p class=\"lead \">Certains s&rsquo;interrogent sur son envie de se lancer dans la course \u00e0 l&rsquo;Elys\u00e9e. \u00ab\u00a0Je ne pense pas qu&rsquo;il ait le feu sacr\u00e9\u00a0\u00bb, dit un responsable de gauche.<\/p>\n<p class=\"lead \">De son c\u00f4t\u00e9, une macroniste rappelle qu&rsquo;il n&rsquo;a \u00ab\u00a0pas pris le leadership\u00a0\u00bb \u00e0 gauche au soir de la dissolution, alors qu&rsquo;il \u00e9tait arriv\u00e9 en t\u00eate des europ\u00e9ennes. Elle salue \u00ab\u00a0un type sympa, brillant, mais profond\u00e9ment pas un homme politique\u00a0\u00bb.<\/p>\n<p class=\"small font-weight-bold text-gray3 \"> publi\u00e9 le 21 novembre \u00e0 22h52, AFP<\/p>\n<p>                             Partager<\/p>\n","protected":false},"excerpt":{"rendered":"Peu pr\u00e9sent dans le d\u00e9bat national ces derni\u00e8res semaines, le leader de Place publique Rapha\u00ebl Glucksmann, consid\u00e9r\u00e9 comme&hellip;\n","protected":false},"author":2,"featured_media":550497,"comment_status":"","ping_status":"","sticky":false,"template":"","format":"standard","meta":{"footnotes":""},"categories":[9566],"tags":[11910,1111,11,2430,1777,674,1011,27,2731,12,3848,316,25],"class_list":{"0":"post-550496","1":"post","2":"type-post","3":"status-publish","4":"format-standard","5":"has-post-thumbnail","7":"category-grenoble","8":"tag-lections","9":"tag-actu","10":"tag-actualites","11":"tag-auvergne-rhone-alpes","12":"tag-eu","13":"tag-europe","14":"tag-fr","15":"tag-france","16":"tag-grenoble","17":"tag-news","18":"tag-partis","19":"tag-politique","20":"tag-republique-francaise"},"share_on_mastodon":{"url":"https:\/\/pubeurope.com\/@fr\/115591316984027420","error":""},"_links":{"self":[{"href":"https:\/\/www.europesays.com\/fr\/wp-json\/wp\/v2\/posts\/550496","targetHints":{"allow":["GET"]}}],"collection":[{"href":"https:\/\/www.europesays.com\/fr\/wp-json\/wp\/v2\/posts"}],"about":[{"href":"https:\/\/www.europesays.com\/fr\/wp-json\/wp\/v2\/types\/post"}],"author":[{"embeddable":true,"href":"https:\/\/www.europesays.com\/fr\/wp-json\/wp\/v2\/users\/2"}],"replies":[{"embeddable":true,"href":"https:\/\/www.europesays.com\/fr\/wp-json\/wp\/v2\/comments?post=550496"}],"version-history":[{"count":0,"href":"https:\/\/www.europesays.com\/fr\/wp-json\/wp\/v2\/posts\/550496\/revisions"}],"wp:featuredmedia":[{"embeddable":true,"href":"https:\/\/www.europesays.com\/fr\/wp-json\/wp\/v2\/media\/550497"}],"wp:attachment":[{"href":"https:\/\/www.europesays.com\/fr\/wp-json\/wp\/v2\/media?parent=550496"}],"wp:term":[{"taxonomy":"category","embeddable":true,"href":"https:\/\/www.europesays.com\/fr\/wp-json\/wp\/v2\/categories?post=550496"},{"taxonomy":"post_tag","embeddable":true,"href":"https:\/\/www.europesays.com\/fr\/wp-json\/wp\/v2\/tags?post=550496"}],"curies":[{"name":"wp","href":"https:\/\/api.w.org\/{rel}","templated":true}]}}