{"id":550498,"date":"2025-11-22T03:51:25","date_gmt":"2025-11-22T03:51:25","guid":{"rendered":"https:\/\/www.europesays.com\/fr\/550498\/"},"modified":"2025-11-22T03:51:25","modified_gmt":"2025-11-22T03:51:25","slug":"24-accidents-et-une-trentaine-de-blesses-a-cause-du-verglas-ce-matin-en-ille-et-vilaine","status":"publish","type":"post","link":"https:\/\/www.europesays.com\/fr\/550498\/","title":{"rendered":"24\u00a0accidents et une trentaine de bless\u00e9s \u00e0 cause du verglas, ce matin en Ille-et-Vilaine"},"content":{"rendered":"<p>Il faisait 0\u00a0\u00b0C, ce vendredi 21\u00a0novembre 2025 au petit matin, en Ille-et-Vilaine. Suffisamment pour qu\u2019un verglas se pose sur les routes entra\u00eenant 24\u00a0accidents de voitures et chutes sur la voie publique. Une trentaine de victimes ont \u00e9t\u00e9 transport\u00e9es dans des h\u00f4pitaux.<\/p>\n<p><strong>Lire aussi<\/strong>\u00a0: <a href=\"https:\/\/rennes.maville.com\/actu\/actudet_-du-froid-et-de-la-neige-avant-un-redoux...-les-previsions-meteo-du-week-end-_54135-7074551_actu.Htm\" target=\"_blank\" rel=\"noopener\">Du froid et de la neige avant un redoux\u2026 Les pr\u00e9visions m\u00e9t\u00e9o du week-end<\/a><\/p>\n<p>Pas de bless\u00e9 grave<\/p>\n<p>Des accidents qui ont eu lieu sur les secteurs de Foug\u00e8res, Vitr\u00e9, G\u00e9vez\u00e9 et le bassin rennais. <strong>\u00ab\u00a0Il n\u2019y a pas de bless\u00e9 grave\u00a0\u00bb<\/strong>, assurent les pompiers qui ont re\u00e7u pr\u00e8s de 250\u00a0appels entre 7\u00a0h et 11\u00a0h.<\/p>\n<p>\u00a0<\/p>\n","protected":false},"excerpt":{"rendered":"Il faisait 0\u00a0\u00b0C, ce vendredi 21\u00a0novembre 2025 au petit matin, en Ille-et-Vilaine. Suffisamment pour qu\u2019un verglas se pose&hellip;\n","protected":false},"author":2,"featured_media":550499,"comment_status":"","ping_status":"","sticky":false,"template":"","format":"standard","meta":{"footnotes":""},"categories":[2821],"tags":[2466,3085,1111,11,4901,829,3738,1777,674,1011,27,848,4659,12,584,25,10764,66801],"class_list":{"0":"post-550498","1":"post","2":"type-post","3":"status-publish","4":"format-standard","5":"has-post-thumbnail","7":"category-rennes","8":"tag-2466","9":"tag-accidents","10":"tag-actu","11":"tag-actualites","12":"tag-blesses","13":"tag-bretagne","14":"tag-cause","15":"tag-eu","16":"tag-europe","17":"tag-fr","18":"tag-france","19":"tag-ille-et-vilaine","20":"tag-matin","21":"tag-news","22":"tag-rennes","23":"tag-republique-francaise","24":"tag-trentaine","25":"tag-verglas"},"share_on_mastodon":{"url":"https:\/\/pubeurope.com\/@fr\/115591320965190477","error":""},"_links":{"self":[{"href":"https:\/\/www.europesays.com\/fr\/wp-json\/wp\/v2\/posts\/550498","targetHints":{"allow":["GET"]}}],"collection":[{"href":"https:\/\/www.europesays.com\/fr\/wp-json\/wp\/v2\/posts"}],"about":[{"href":"https:\/\/www.europesays.com\/fr\/wp-json\/wp\/v2\/types\/post"}],"author":[{"embeddable":true,"href":"https:\/\/www.europesays.com\/fr\/wp-json\/wp\/v2\/users\/2"}],"replies":[{"embeddable":true,"href":"https:\/\/www.europesays.com\/fr\/wp-json\/wp\/v2\/comments?post=550498"}],"version-history":[{"count":0,"href":"https:\/\/www.europesays.com\/fr\/wp-json\/wp\/v2\/posts\/550498\/revisions"}],"wp:featuredmedia":[{"embeddable":true,"href":"https:\/\/www.europesays.com\/fr\/wp-json\/wp\/v2\/media\/550499"}],"wp:attachment":[{"href":"https:\/\/www.europesays.com\/fr\/wp-json\/wp\/v2\/media?parent=550498"}],"wp:term":[{"taxonomy":"category","embeddable":true,"href":"https:\/\/www.europesays.com\/fr\/wp-json\/wp\/v2\/categories?post=550498"},{"taxonomy":"post_tag","embeddable":true,"href":"https:\/\/www.europesays.com\/fr\/wp-json\/wp\/v2\/tags?post=550498"}],"curies":[{"name":"wp","href":"https:\/\/api.w.org\/{rel}","templated":true}]}}